{"id":29549,"date":"2026-01-27T19:00:25","date_gmt":"2026-01-27T22:00:25","guid":{"rendered":"https:\/\/radiobitacora.com.ar\/web\/?p=29549"},"modified":"2026-01-27T19:02:32","modified_gmt":"2026-01-27T22:02:32","slug":"esc-parroquial-la-rotonda-agradecio-a-la-policia","status":"publish","type":"post","link":"https:\/\/radiobitacora.com.ar\/web\/2026\/01\/27\/esc-parroquial-la-rotonda-agradecio-a-la-policia\/","title":{"rendered":"ESC. PARROQUIAL LA ROTONDA AGRADECI\u00d3 A LA POLIC\u00cdA"},"content":{"rendered":"<p>Mediante un comunicado publicado en la p\u00e1gina del establecimiento educativo cat\u00f3lico, la comunidad educativa de la Escuela Parroquial La Rotonda, expresa su profundo agradecimiento a la Polic\u00eda de la Provincia de Corrientes por su r\u00e1pido y eficiente accionar que permiti\u00f3 recuperar cinco de los siete televisores y un ventilador que fueran denunciados en un primer momento.<br class=\"html-br\" \/>Con el pasar de los d\u00edas se compromb\u00f3 que otros 2 ventiladores hab\u00edan sido sustra\u00eddos del establecimiento.<br class=\"html-br\" \/><br class=\"html-br\" \/>Valoramos enormemente su compromiso, profesionalismo y dedicaci\u00f3n al servicio de la comunidad que fortalecen la confianza y la seguridad de todos.<br class=\"html-br\" \/>Asimismo, agradecemos a toda la ciudadan\u00eda que colabor\u00f3 con la difusi\u00f3n y el acompa\u00f1amiento solidario.-<\/p>\n","protected":false},"excerpt":{"rendered":"<p>Mediante un comunicado publicado en la p\u00e1gina del establecimiento educativo cat\u00f3lico, la comunidad educativa de la Escuela Parroquial La Rotonda, expresa su profundo agradecimiento a la Polic\u00eda de la Provincia de Corrientes por su r\u00e1pido y eficiente accionar que permiti\u00f3 recuperar cinco de los siete televisores y un ventilador que fueran denunciados en un primer [&hellip;]<\/p>\n","protected":false},"author":2,"featured_media":29550,"comment_status":"open","ping_status":"open","sticky":false,"template":"","format":"standard","meta":{"footnotes":""},"categories":[56],"tags":[],"class_list":{"0":"post-29549","1":"post","2":"type-post","3":"status-publish","4":"format-standard","5":"has-post-thumbnail","7":"category-locales"},"_links":{"self":[{"href":"https:\/\/radiobitacora.com.ar\/web\/wp-json\/wp\/v2\/posts\/29549","targetHints":{"allow":["GET"]}}],"collection":[{"href":"https:\/\/radiobitacora.com.ar\/web\/wp-json\/wp\/v2\/posts"}],"about":[{"href":"https:\/\/radiobitacora.com.ar\/web\/wp-json\/wp\/v2\/types\/post"}],"author":[{"embeddable":true,"href":"https:\/\/radiobitacora.com.ar\/web\/wp-json\/wp\/v2\/users\/2"}],"replies":[{"embeddable":true,"href":"https:\/\/radiobitacora.com.ar\/web\/wp-json\/wp\/v2\/comments?post=29549"}],"version-history":[{"count":0,"href":"https:\/\/radiobitacora.com.ar\/web\/wp-json\/wp\/v2\/posts\/29549\/revisions"}],"wp:featuredmedia":[{"embeddable":true,"href":"https:\/\/radiobitacora.com.ar\/web\/wp-json\/wp\/v2\/media\/29550"}],"wp:attachment":[{"href":"https:\/\/radiobitacora.com.ar\/web\/wp-json\/wp\/v2\/media?parent=29549"}],"wp:term":[{"taxonomy":"category","embeddable":true,"href":"https:\/\/radiobitacora.com.ar\/web\/wp-json\/wp\/v2\/categories?post=29549"},{"taxonomy":"post_tag","embeddable":true,"href":"https:\/\/radiobitacora.com.ar\/web\/wp-json\/wp\/v2\/tags?post=29549"}],"curies":[{"name":"wp","href":"https:\/\/api.w.org\/{rel}","templated":true}]}}