{"id":29554,"date":"2026-01-27T20:07:16","date_gmt":"2026-01-27T23:07:16","guid":{"rendered":"https:\/\/radiobitacora.com.ar\/web\/?p=29554"},"modified":"2026-01-27T20:07:16","modified_gmt":"2026-01-27T23:07:16","slug":"alejandro-stortti-destaca-el-ordenamiento-del-transito-en-los-carnavales-de-goya","status":"publish","type":"post","link":"https:\/\/radiobitacora.com.ar\/web\/2026\/01\/27\/alejandro-stortti-destaca-el-ordenamiento-del-transito-en-los-carnavales-de-goya\/","title":{"rendered":"ALEJANDRO STORTTI DESTACA EL ORDENAMIENTO DEL TR\u00c1NSITO EN LOS CARNAVALES DE GOYA"},"content":{"rendered":"<p style=\"font-weight: 400;\">Direcci\u00f3n de Tr\u00e1nsito<\/p>\n<p style=\"font-weight: 400;\">El Director de Tr\u00e1nsito municipal, Alejandro Stortti, resalt\u00f3 la efectividad de las medidas implementadas para garantizar la seguridad vial y el acceso fluido al predio Costa Surub\u00ed durante los festejos de carnaval.<\/p>\n<p style=\"font-weight: 400;\">\n<p style=\"font-weight: 400;\">Ante la masiva asistencia de veh\u00edculos al predio Costa Surub\u00ed durante los corsos del viernes 23 y s\u00e1bado 24 de enero pasados, la Direcci\u00f3n de Tr\u00e1nsito de Goya implement\u00f3 un operativo especial para ordenar el tr\u00e1fico y garantizar la seguridad de los asistentes.\u00a0 Alejandro Stortti explic\u00f3 en detalle c\u00f3mo se llev\u00f3 a cabo este operativo y c\u00f3mo se logr\u00f3 ordenar el tr\u00e1nsito vehicular en los alrededores del predio.<\/p>\n<p style=\"font-weight: 400;\">\n<p style=\"font-weight: 400;\">DISPOSITIVO SEGURO DE CIRCULACION VEHICULAR<\/p>\n<p style=\"font-weight: 400;\">&#8220;Venimos puliendo este operativo todos los a\u00f1os para mejorar la fluidez del tr\u00e1nsito de la gente que asiste a los eventos en Costa Surub\u00ed&#8221;, coment\u00f3 Stortti. &#8220;Nuestro objetivo es que la gente entienda que no es necesario llegar con el veh\u00edculo hasta la entrada misma del predio, sino que existen alternativas para estacionar en los alrededores y caminar unos metros. Esto es fundamental para evitar el caos y el desorden en el tr\u00e1nsito&#8221;, indic\u00f3.<\/p>\n<p style=\"font-weight: 400;\">\n<p style=\"font-weight: 400;\">El operativo integral incluy\u00f3 un refuerzo de personal de la Direcci\u00f3n de Tr\u00e1nsito, que se sum\u00f3 a la guardia habitual para controlar el tr\u00e1nsito en la zona. Se realizaron cortes parciales en la avenida Primeros Concejales y calle Norma Mar\u00eda \u201cChuli Tomasella\u201d de Micelli (impuesta en honor a la ex jueza del foro local, por su labor docente en el Hispanoamericano) que se encuentra al costado sur del Instituto Hispanoamericano, desde la avenida Primeros Concejales a la calle Aeron\u00e1utica Argentina. Permitiendo el acceso hasta las 22 horas a los clientes del Hipermercado cercano. Adem\u00e1s, se establecieron diferentes retenes en puntos estrat\u00e9gicos como calle Norma Mar\u00eda \u201cChuli Tomasella\u201d de Micelli y avenida Primeros Concejales; Paso de los Libres y Primeros Concejales, Monte Caseros y Primeros Concejales, y en las calles aleda\u00f1as como Aeron\u00e1utica Argentina y Monte Caseros.<\/p>\n<p style=\"font-weight: 400;\">\n<p style=\"font-weight: 400;\">ACCESO AL CORS\u00d3DROMO<\/p>\n<p style=\"font-weight: 400;\">\n<p style=\"font-weight: 400;\">&#8220;La idea es que quienes vienen desde el centro de la ciudad hacia Costa Surub\u00ed puedan llegar hasta Primero Concejales y, al encontrarse con la cortada \u201cNorma Mar\u00eda \u201cChuli\u201d Tomasella de Micelli, puedan girar all\u00ed&#8221;, explic\u00f3 Stortti. &#8220;El acceso al Predio Costa Surub\u00ed se realiza por dos puertas: el acceso principal y el sector del galp\u00f3n, destinado a comparsas y funcionarios. El p\u00fablico en general ingresa a pie por la entrada principal, donde se les indica d\u00f3nde estacionar, utilizando las calles paralelas detr\u00e1s de La An\u00f3nima, como Paso de los Libres y Monte Caseros&#8221;, precis\u00f3.<\/p>\n<p style=\"font-weight: 400;\">\n<p style=\"font-weight: 400;\">Alejandro Stortti destac\u00f3 que, gracias a este operativo, tanto el viernes como el s\u00e1bado el tr\u00e1nsito en los alrededores del predio Costa Surub\u00ed estuvo ordenado y no se registraron mayores novedades. Sin embargo, record\u00f3 que no est\u00e1 permitido estacionar motos en las veredas, excepto en la zona de calle Col\u00f3n, desde Norma Mar\u00eda \u201cChuli\u201d Tomasella de Micelli hacia el sur, donde se dispuso un espacio para el cuidado de motos.<\/p>\n<p style=\"font-weight: 400;\">\n<p style=\"font-weight: 400;\">COORDINACI\u00d3N CON LA EMPRESA DE TRANSPORTE P\u00daBLICO DE PASAJEROS<\/p>\n<p style=\"font-weight: 400;\">\n<p style=\"font-weight: 400;\">En cuanto al transporte p\u00fablico, Stortti inform\u00f3 que se coordin\u00f3 con la empresa de colectivos para que los veh\u00edculos ingresen a la zona de avenida Primero Concejales y realicen el ascenso y descenso de pasajeros entre Monte Caseros y Paso de los Libres, a la altura de Curuz\u00fa Cuati\u00e1, donde no se permite el estacionamiento de veh\u00edculos particulares.<\/p>\n<p style=\"font-weight: 400;\">\n<p style=\"font-weight: 400;\">&#8220;Cada a\u00f1o buscamos mejorar este operativo para que, cuando llegue la Fiesta del Surub\u00ed, tengamos todo aceitado y evitar problemas&#8221;, sostuvo el funcionario municipal. &#8220;Sabemos que son muchos veh\u00edculos en un solo sector, por eso siempre pretendemos que el turista venga y la pase bien&#8221;, indic\u00f3.<\/p>\n<p style=\"font-weight: 400;\">\n<p style=\"font-weight: 400;\">NUEVOS VEH\u00cdCULOS<\/p>\n<p style=\"font-weight: 400;\">\n<p style=\"font-weight: 400;\">Por otra parte, record\u00f3 que la Direcci\u00f3n de Tr\u00e1nsito tambi\u00e9n ha incorporado veh\u00edculos para reforzar la seguridad vial en la ciudad, incluyendo veh\u00edculos recuperados y ploteados que se destinan a la playa El Ing\u00e1 y al Parque Acu\u00e1tico, con el objetivo de entregar folleter\u00eda, informar sobre los requisitos para obtener la licencia de conducir e insistir en el uso del casco. En ese sentido dijo: &#8220;el viernes va a estar en prevenci\u00f3n desde las 20 horas en la playita El Ing\u00e1, entregando folleter\u00eda, dando indicaciones de los pasos para obtener la licencia, insistiendo con el tema del uso de casco. Hoy por hoy dotamos a los inspectores, desde el Ejecutivo y la Secretar\u00eda de Gobierno, de todas las herramientas para que puedan trabajar lo mejor posible. Hoy se ve un poco m\u00e1s el uso de casco en los conductores de motos, se trata de seguir insistiendo en esa l\u00ednea.&#8221;<\/p>\n<p style=\"font-weight: 400;\">\n<p style=\"font-weight: 400;\">CORTE DE CALLE<\/p>\n<p style=\"font-weight: 400;\">Finalmente, el Director de Tr\u00e1nsito Lic. Alejandro Stortti, anunci\u00f3 cortes de tr\u00e1nsito en el centro de la ciudad debido al inicio de obras de adoquinado en la calle Wenceslao Fern\u00e1ndez. &#8220;Me comunicaron que comenz\u00f3 el trabajo de adoquinado en Wenceslao Fern\u00e1ndez, desde 25 de mayo a la zona de Espa\u00f1a. No se va a poder circular, cortamos con una valla en ese sector. Si la gente baja por 25 de mayo no va a poder ir hacia el Registro de la Propiedad Automotor, tendr\u00e1 que continuar por Avenida Ca\u00e1 Guaz\u00fa, y el que baja por Ca\u00e1 Guaz\u00fa y lleg\u00f3 al sem\u00e1foro tendr\u00e1 que girar en la zona de Prefectura, no va a poder continuar. Por dos semanas se va a trabajar con el adoquinado de Wenceslao Fern\u00e1ndez&#8221;finaliz\u00f3.<\/p>\n<p style=\"font-weight: 400;\">\n<p style=\"font-weight: 400;\">Direcci\u00f3n de Prensa-Municipalidad de Goya<\/p>\n","protected":false},"excerpt":{"rendered":"<p>Direcci\u00f3n de Tr\u00e1nsito El Director de Tr\u00e1nsito municipal, Alejandro Stortti, resalt\u00f3 la efectividad de las medidas implementadas para garantizar la seguridad vial y el acceso fluido al predio Costa Surub\u00ed durante los festejos de carnaval. Ante la masiva asistencia de veh\u00edculos al predio Costa Surub\u00ed durante los corsos del viernes 23 y s\u00e1bado 24 de [&hellip;]<\/p>\n","protected":false},"author":2,"featured_media":29555,"comment_status":"open","ping_status":"open","sticky":false,"template":"","format":"standard","meta":{"footnotes":""},"categories":[56],"tags":[],"class_list":{"0":"post-29554","1":"post","2":"type-post","3":"status-publish","4":"format-standard","5":"has-post-thumbnail","7":"category-locales"},"_links":{"self":[{"href":"https:\/\/radiobitacora.com.ar\/web\/wp-json\/wp\/v2\/posts\/29554","targetHints":{"allow":["GET"]}}],"collection":[{"href":"https:\/\/radiobitacora.com.ar\/web\/wp-json\/wp\/v2\/posts"}],"about":[{"href":"https:\/\/radiobitacora.com.ar\/web\/wp-json\/wp\/v2\/types\/post"}],"author":[{"embeddable":true,"href":"https:\/\/radiobitacora.com.ar\/web\/wp-json\/wp\/v2\/users\/2"}],"replies":[{"embeddable":true,"href":"https:\/\/radiobitacora.com.ar\/web\/wp-json\/wp\/v2\/comments?post=29554"}],"version-history":[{"count":0,"href":"https:\/\/radiobitacora.com.ar\/web\/wp-json\/wp\/v2\/posts\/29554\/revisions"}],"wp:featuredmedia":[{"embeddable":true,"href":"https:\/\/radiobitacora.com.ar\/web\/wp-json\/wp\/v2\/media\/29555"}],"wp:attachment":[{"href":"https:\/\/radiobitacora.com.ar\/web\/wp-json\/wp\/v2\/media?parent=29554"}],"wp:term":[{"taxonomy":"category","embeddable":true,"href":"https:\/\/radiobitacora.com.ar\/web\/wp-json\/wp\/v2\/categories?post=29554"},{"taxonomy":"post_tag","embeddable":true,"href":"https:\/\/radiobitacora.com.ar\/web\/wp-json\/wp\/v2\/tags?post=29554"}],"curies":[{"name":"wp","href":"https:\/\/api.w.org\/{rel}","templated":true}]}}