{"id":29557,"date":"2026-01-27T20:32:23","date_gmt":"2026-01-27T23:32:23","guid":{"rendered":"https:\/\/radiobitacora.com.ar\/web\/?p=29557"},"modified":"2026-01-27T20:32:23","modified_gmt":"2026-01-27T23:32:23","slug":"talleres-barriales","status":"publish","type":"post","link":"https:\/\/radiobitacora.com.ar\/web\/2026\/01\/27\/talleres-barriales\/","title":{"rendered":"TALLERES BARRIALES"},"content":{"rendered":"<p style=\"font-weight: 400;\">Escuela de Verano<\/p>\n<p style=\"font-weight: 400;\">\n<p style=\"font-weight: 400;\">Una nueva jornada del programa integral desarrollado por la Municipalidad, con la Coordinaci\u00f3n de la Secretar\u00eda de Educaci\u00f3n, destinada a generar espacios recreativos y art\u00edsticos en los distintos barrios de la ciudad, se llev\u00f3 adelante el d\u00eda lunes.<\/p>\n<p style=\"font-weight: 400;\">\n<p style=\"font-weight: 400;\">En este caso con los talleres de Arte y Dibujo en los Barrios Belgrano y Laguna Bosco, donde ni\u00f1os y adolescentes compartieron ese espacio de creatividad, aprendizaje y expresi\u00f3n, disfrutando de actividades pensadas para estimular la imaginaci\u00f3n y el trabajo en equipo.<\/p>\n<p style=\"font-weight: 400;\">\n<p style=\"font-weight: 400;\">Finalizando el mes de enero queda demostrado el inter\u00e9s suscitado en cada una de las propuestas pensadas para dar contenido y lugar a la expresi\u00f3n art\u00edsticas durante el desarrollo de la Escuela de Verano.<\/p>\n<p style=\"font-weight: 400;\">\n<p style=\"font-weight: 400;\">Direcci\u00f3n de Prensa-Municipalidad de Goya<\/p>\n","protected":false},"excerpt":{"rendered":"<p>Escuela de Verano Una nueva jornada del programa integral desarrollado por la Municipalidad, con la Coordinaci\u00f3n de la Secretar\u00eda de Educaci\u00f3n, destinada a generar espacios recreativos y art\u00edsticos en los distintos barrios de la ciudad, se llev\u00f3 adelante el d\u00eda lunes. En este caso con los talleres de Arte y Dibujo en los Barrios Belgrano [&hellip;]<\/p>\n","protected":false},"author":2,"featured_media":29558,"comment_status":"open","ping_status":"open","sticky":false,"template":"","format":"standard","meta":{"footnotes":""},"categories":[56],"tags":[],"class_list":{"0":"post-29557","1":"post","2":"type-post","3":"status-publish","4":"format-standard","5":"has-post-thumbnail","7":"category-locales"},"_links":{"self":[{"href":"https:\/\/radiobitacora.com.ar\/web\/wp-json\/wp\/v2\/posts\/29557","targetHints":{"allow":["GET"]}}],"collection":[{"href":"https:\/\/radiobitacora.com.ar\/web\/wp-json\/wp\/v2\/posts"}],"about":[{"href":"https:\/\/radiobitacora.com.ar\/web\/wp-json\/wp\/v2\/types\/post"}],"author":[{"embeddable":true,"href":"https:\/\/radiobitacora.com.ar\/web\/wp-json\/wp\/v2\/users\/2"}],"replies":[{"embeddable":true,"href":"https:\/\/radiobitacora.com.ar\/web\/wp-json\/wp\/v2\/comments?post=29557"}],"version-history":[{"count":0,"href":"https:\/\/radiobitacora.com.ar\/web\/wp-json\/wp\/v2\/posts\/29557\/revisions"}],"wp:featuredmedia":[{"embeddable":true,"href":"https:\/\/radiobitacora.com.ar\/web\/wp-json\/wp\/v2\/media\/29558"}],"wp:attachment":[{"href":"https:\/\/radiobitacora.com.ar\/web\/wp-json\/wp\/v2\/media?parent=29557"}],"wp:term":[{"taxonomy":"category","embeddable":true,"href":"https:\/\/radiobitacora.com.ar\/web\/wp-json\/wp\/v2\/categories?post=29557"},{"taxonomy":"post_tag","embeddable":true,"href":"https:\/\/radiobitacora.com.ar\/web\/wp-json\/wp\/v2\/tags?post=29557"}],"curies":[{"name":"wp","href":"https:\/\/api.w.org\/{rel}","templated":true}]}}