{"id":29560,"date":"2026-01-27T20:38:31","date_gmt":"2026-01-27T23:38:31","guid":{"rendered":"https:\/\/radiobitacora.com.ar\/web\/?p=29560"},"modified":"2026-01-27T20:38:31","modified_gmt":"2026-01-27T23:38:31","slug":"marcos-martinez-el-carnaval-de-goya-crecio-en-lo-estructural-y-humano","status":"publish","type":"post","link":"https:\/\/radiobitacora.com.ar\/web\/2026\/01\/27\/marcos-martinez-el-carnaval-de-goya-crecio-en-lo-estructural-y-humano\/","title":{"rendered":"MARCOS MART\u00cdNEZ: &#8220;EL CARNAVAL DE GOYA CRECI\u00d3 EN LO ESTRUCTURAL Y HUMANO&#8221;"},"content":{"rendered":"<p style=\"font-weight: 400;\">Carnavales Goyanos 2026<\/p>\n<p style=\"font-weight: 400;\">\n<p style=\"font-weight: 400;\">Aymara busca el tetracampeonato<\/p>\n<p style=\"font-weight: 400;\">En la culminaci\u00f3n de la primera noche de carnaval en el Cors\u00f3dromo, Marcos Mart\u00ednez, el actual rey del carnaval de Goya reflexion\u00f3 sobre este t\u00edtulo que detenta destacando la evoluci\u00f3n del evento \u201cCarnaval\u201d en t\u00e9rminos de infraestructura y la conexi\u00f3n emocional entre los comparseros y el p\u00fablico.<\/p>\n<p style=\"font-weight: 400;\">\n<p style=\"font-weight: 400;\">Marcos Mart\u00ednez, quien bail\u00f3 con la ex reina Aldana Videla, expres\u00f3 su alegr\u00eda por compartir la pista con una gran amiga en la primera noche de corsos. &#8220;Estamos contentos, esperamos mucho tiempo para bailar juntos este a\u00f1o. Somos amigos y este a\u00f1o se nos dio,&#8221; coment\u00f3 el actual Rey del Carnaval. A pesar de los desaf\u00edos log\u00edsticos debido a la distancia entre Goya y C\u00f3rdoba, donde reside Videla, ambos lograron darlo todo en la pista.<\/p>\n<p style=\"font-weight: 400;\">Al reflexionar sobre su inminente despedida como rey del carnaval, Mart\u00ednez manifest\u00f3 su entusiasmo por conocer a los nuevos soberanos y su satisfacci\u00f3n por haber compartido el reinado con Juana Aguirre.<\/p>\n<p style=\"font-weight: 400;\">\n<p style=\"font-weight: 400;\">AMO A MI COMPARSA<\/p>\n<p style=\"font-weight: 400;\">En cuanto a su comparsa, Aymar\u00e1, el bailar\u00edn no ocult\u00f3 su orgullo y admiraci\u00f3n. &#8220;Amo a Aymar\u00e1, la verdad. Est\u00e1bamos en el galp\u00f3n y dec\u00edamos, no s\u00e9 qu\u00e9 pas\u00f3 este a\u00f1o, la comparsa est\u00e1 m\u00e1s hermosa que nunca,&#8221; dijo. Adem\u00e1s, expres\u00f3 su deseo de que tanto el jurado como el p\u00fablico hayan apreciado el esfuerzo y la belleza de la presentaci\u00f3n.<\/p>\n<p style=\"font-weight: 400;\">\n<p style=\"font-weight: 400;\">QUEREMOS LA CUARTA CORONA<\/p>\n<p style=\"font-weight: 400;\">Mirando hacia el futuro, Marcos Mart\u00ednez revel\u00f3 su esp\u00edritu competitivo y su anhelo de ganar junto a Aldana y ver a Aymar\u00e1 coronarse campeona una vez m\u00e1s. Destac\u00f3 el crecimiento del carnaval, tanto en lo estructural como en lo humano, resaltando la uni\u00f3n entre las comparsas. &#8220;Dejo en claro que el carnaval creci\u00f3 no solo en lo estructural, sino en lo humano. Las comparsas nos unimos un mont\u00f3n este a\u00f1o, se refleja mucho m\u00e1s&#8221;, asegur\u00f3.<\/p>\n<p style=\"font-weight: 400;\">\n<p style=\"font-weight: 400;\">EL AMOR<\/p>\n<p style=\"font-weight: 400;\">\n<p style=\"font-weight: 400;\">Mart\u00ednez y Videla buscaron transmitir el amor a trav\u00e9s de su baile, gracias a la visi\u00f3n de Ver\u00f3nica Ahlbom. &#8220;Personalmente, Aldana y yo representamos al amor. Esperamos haber demostrado un poquito de lo que pretend\u00edamos y que se hayan sentido c\u00f3modos con la pasada. La mente de esto es Ver\u00f3nica Albhom, y qu\u00e9 mejor que tocar las emociones que nos hacen humanos&#8221;, explic\u00f3 Mart\u00ednez, resaltando la importancia de la conexi\u00f3n emocional en su presentaci\u00f3n.<\/p>\n<p style=\"font-weight: 400;\">EL ROL DEL P\u00daBLICO<\/p>\n<p style=\"font-weight: 400;\">\u00a0Subray\u00f3 el papel fundamental del p\u00fablico, cuyo apoyo y entusiasmo impulsan a los comparseros a dar lo mejor de s\u00ed. &#8220;El p\u00fablico acompa\u00f1a, es fundamental para cualquier comparsero. Uno sale con m\u00e1s alegr\u00eda, m\u00e1s contento, da ganas de bailar cuando el p\u00fablico apoya y acompa\u00f1a un mont\u00f3n&#8221;, enfatiz\u00f3.<\/p>\n<p style=\"font-weight: 400;\">\n<p style=\"font-weight: 400;\">INFRAESTRUCTURA DEL PREDIO<\/p>\n<p style=\"font-weight: 400;\">El rey del carnaval tambi\u00e9n elogi\u00f3 la impresionante infraestructura del Cors\u00f3dromo, resaltando la mejora significativa de este a\u00f1o. &#8220;La infraestructura de este a\u00f1o es incre\u00edble. Este a\u00f1o vine a ver, es incre\u00edble, me puso la piel de gallina. Aplausos para todo el municipio y el equipo organizador de los carnavales&#8221;, declar\u00f3 Mart\u00ednez.<\/p>\n<p style=\"font-weight: 400;\">Con respecto a las aspiraciones de Aymar\u00e1 de convertirse en tetracampeona, Mart\u00ednez se mostr\u00f3 optimista y esperanzado en que el jurado valore el esfuerzo y la pasi\u00f3n que la comparsa transmite.<\/p>\n<p style=\"font-weight: 400;\">\n<p style=\"font-weight: 400;\">Marcos Mart\u00ednez invit\u00f3 a todos a seguir disfrutando del carnaval, recordando que el 31 de enero se celebrar\u00e1 la tercera noche y el 7 de febrero la noche de premiaci\u00f3n.<\/p>\n<p style=\"font-weight: 400;\">\n<p style=\"font-weight: 400;\">Direcci\u00f3n de Prensa-Municipalidad de Goya<\/p>\n","protected":false},"excerpt":{"rendered":"<p>Carnavales Goyanos 2026 Aymara busca el tetracampeonato En la culminaci\u00f3n de la primera noche de carnaval en el Cors\u00f3dromo, Marcos Mart\u00ednez, el actual rey del carnaval de Goya reflexion\u00f3 sobre este t\u00edtulo que detenta destacando la evoluci\u00f3n del evento \u201cCarnaval\u201d en t\u00e9rminos de infraestructura y la conexi\u00f3n emocional entre los comparseros y el p\u00fablico. Marcos [&hellip;]<\/p>\n","protected":false},"author":2,"featured_media":29561,"comment_status":"open","ping_status":"open","sticky":false,"template":"","format":"standard","meta":{"footnotes":""},"categories":[56],"tags":[],"class_list":{"0":"post-29560","1":"post","2":"type-post","3":"status-publish","4":"format-standard","5":"has-post-thumbnail","7":"category-locales"},"_links":{"self":[{"href":"https:\/\/radiobitacora.com.ar\/web\/wp-json\/wp\/v2\/posts\/29560","targetHints":{"allow":["GET"]}}],"collection":[{"href":"https:\/\/radiobitacora.com.ar\/web\/wp-json\/wp\/v2\/posts"}],"about":[{"href":"https:\/\/radiobitacora.com.ar\/web\/wp-json\/wp\/v2\/types\/post"}],"author":[{"embeddable":true,"href":"https:\/\/radiobitacora.com.ar\/web\/wp-json\/wp\/v2\/users\/2"}],"replies":[{"embeddable":true,"href":"https:\/\/radiobitacora.com.ar\/web\/wp-json\/wp\/v2\/comments?post=29560"}],"version-history":[{"count":0,"href":"https:\/\/radiobitacora.com.ar\/web\/wp-json\/wp\/v2\/posts\/29560\/revisions"}],"wp:featuredmedia":[{"embeddable":true,"href":"https:\/\/radiobitacora.com.ar\/web\/wp-json\/wp\/v2\/media\/29561"}],"wp:attachment":[{"href":"https:\/\/radiobitacora.com.ar\/web\/wp-json\/wp\/v2\/media?parent=29560"}],"wp:term":[{"taxonomy":"category","embeddable":true,"href":"https:\/\/radiobitacora.com.ar\/web\/wp-json\/wp\/v2\/categories?post=29560"},{"taxonomy":"post_tag","embeddable":true,"href":"https:\/\/radiobitacora.com.ar\/web\/wp-json\/wp\/v2\/tags?post=29560"}],"curies":[{"name":"wp","href":"https:\/\/api.w.org\/{rel}","templated":true}]}}