{"id":29563,"date":"2026-01-28T08:54:48","date_gmt":"2026-01-28T11:54:48","guid":{"rendered":"https:\/\/radiobitacora.com.ar\/web\/?p=29563"},"modified":"2026-01-28T08:54:48","modified_gmt":"2026-01-28T11:54:48","slug":"futbol-rural-olimpia-de-san-jose-campeon","status":"publish","type":"post","link":"https:\/\/radiobitacora.com.ar\/web\/2026\/01\/28\/futbol-rural-olimpia-de-san-jose-campeon\/","title":{"rendered":"FUTBOL RURAL OLIMPIA DE SAN JOSE CAMPEON"},"content":{"rendered":"<p style=\"font-weight: 400;\">Finalizada la fiesta del f\u00fatbol rural, donde el campe\u00f3n aguardo m\u00e1s de 35 a\u00f1os para lograr el torneo, Olimpia de San Jos\u00e9 El Bajo, por el lado del subcampe\u00f3n recibi\u00f3 el mayor de todas las distinciones el reconocimiento de su gente, que, con ovaci\u00f3n, aplausos supo poner en valor la entrega, la voluntad, el esp\u00edritu deportivo por parte de San Francisco de la 1\u00aa Secci\u00f3n.<\/p>\n<p style=\"font-weight: 400;\">\n<p style=\"font-weight: 400;\">Concluido el tr\u00e1mite deportivo, el equipo de streaming que llev\u00f3 adelante, la transmisi\u00f3n desde las finales en 3\u00aa divisi\u00f3n, las semifinales y final de campeonato, busco las voces de los protagonistas de la jornada final, recogiendo sus opiniones y consideraciones en relaci\u00f3n al campeonato de la Asociaci\u00f3n Cultural y Deportiva Rural, temporada 2025.<\/p>\n<p style=\"font-weight: 400;\">\n<p style=\"font-weight: 400;\">JORGE CANTEROS<\/p>\n<p style=\"font-weight: 400;\">\n<p style=\"font-weight: 400;\">El encargado de administrar justicia durante el juego final, el \u00e1rbitro principal, Jorge Canteros, dej\u00f3 sus impresiones: \u201cEs un orgullo, un honor dirigir la final del rural, siempre buscamos equilibrar las tensiones, las presiones, junto al equipo arbitral, siempre con el objetivo de propiciar el juego limpio, disputado intensamente, pero sin intencionalidad, esto puedo rescatar de este partido que nuevamente me designaron para arbitrar.\u201d<\/p>\n<p style=\"font-weight: 400;\">Sobre el reconocimiento, de las parcialidades m\u00e1s all\u00e1 del resultado final, el \u00e1rbitro se\u00f1al\u00f3: \u201cLas \u201chinchadas\u201d siempre han sido respetuosas m\u00e1s all\u00e1 de los fallos, por eso el mayor de los respetos a las dos parcialidades, porque evidencian que esto es solo el resultado deportivo, esto nos llevamos del f\u00fatbol rural.\u201d<\/p>\n<p style=\"font-weight: 400;\">\n<p style=\"font-weight: 400;\">EDUARDO PIZ Y BALTAZAR FLEITAS<\/p>\n<p style=\"font-weight: 400;\">Requerida las consideraciones al Presidente de la entidad que rige el f\u00fatbol rural Eduardo Piz y el Tesorero de la entidad, ambos coincidieron en manifestar su \u201calegr\u00eda, por finalizar un nuevo campeonato con excelente respuesta del p\u00fablico.\u201d<\/p>\n<p style=\"font-weight: 400;\">\n<p style=\"font-weight: 400;\">\u201cEste es un f\u00fatbol de las familias, donde se pone como un punto de encuentro, en el cual observamos este abrazo de los campeones de aquellos que obtuvieron el segundo puesto, y el comportamiento de la gente, reconociendo el esfuerzo de los clubes.\u201d<\/p>\n<p style=\"font-weight: 400;\">\n<p style=\"font-weight: 400;\">El tesorero fue claro al expresar: \u201cEstamos orgullosos del trabajo en equipo, nuestra comisi\u00f3n directiva, destacamos el rol, el trabajo de los comunicadores, de su transmisi\u00f3n que permite proyectar a tantos lugares nuestro f\u00fatbol rural.<\/p>\n<p style=\"font-weight: 400;\">\u201cPretendemos crecer con nuestro deporte, ese es el gran desaf\u00edo, de poder potenciar nuestra actividad deportiva.\u201d Manifestaron.<\/p>\n<p style=\"font-weight: 400;\">\n<p style=\"font-weight: 400;\">\u201cAgradecemos a aquellos que sirvieron como un faro, como luz para esta actividad, David Eliseo Espinoza Mellero, Francisco Portillo, Jorge Luis \u201cBocha\u201d Lemos, por mencionar a algunos que dejaron sus huellas-remarcaron los dirigentes- al Club Central Goya por la cesi\u00f3n de las instalaciones, reiteramos el agradecimiento a los periodistas, a los medios y a Uds. por el desaf\u00edo de llevar esta transmisi\u00f3n.<\/p>\n<p style=\"font-weight: 400;\">\n<p style=\"font-weight: 400;\">En la parte final de la entrevista ambos directivos, presidente y tesorero, adelantaron: \u201cEn la semana estaremos anunciando despu\u00e9s de nuestra reuni\u00f3n de los martes de Comisi\u00f3n Directiva para llevar adelante una propuesta para cerrar nuestra temporada.\u201d<\/p>\n<p style=\"font-weight: 400;\">\n<p style=\"font-weight: 400;\">LISANDRO \u201cPOOL\u201d OJEDA<\/p>\n<p style=\"font-weight: 400;\">El capit\u00e1n del equipo campe\u00f3n, Olimpia de San Jos\u00e9 El bajo, el experimentado jugador que supo vestir las camisetas de los clubes goyanos no solo en los campeonatos de la Liga, sino en la incursi\u00f3n en los torneos federales, aport\u00f3 ese recorrido al f\u00fatbol rural, Lisandro \u201cPool\u201d Ojeda, quien se\u00f1al\u00f3: \u201cQuiero agradecer y saludar a esta gente, estamos contentos por este logro esperado por m\u00e1s de 35 a\u00f1os, nosotros concretamos nos pone muy contentos.\u201d<\/p>\n<p style=\"font-weight: 400;\">\n<p style=\"font-weight: 400;\">\u201cLa gente acompa\u00f1a son familias que se vuelcan a la cancha, con un excelente comportamiento, es mi primera temporada, -cont\u00f3 el experimentado futbolista- me permito felicitar a la organizaci\u00f3n, a esta fiesta que se vive, donde todos disfrutamos del esp\u00edritu deportivo, un torneo largo, duro, que se inicia en la fase de grupo, recorriendo distancias para acompa\u00f1ar, destaco por el reconocimiento recibido por la parcialidad de San Francisco, mientras d\u00e1bamos la vuelta ol\u00edmpica esto es para resaltar y felicitar.\u201d<\/p>\n<p style=\"font-weight: 400;\">\n<p style=\"font-weight: 400;\">Ante la pregunta de la diferencia de formar parte de un plantel liguista o federal y este del futbol rural, \u201cPool\u201d Ojeda, afirm\u00f3: \u201cEs un torneo amateur el f\u00fatbol rural, pero la diferencia est\u00e1 en la calidad humana de cada club, esto qued\u00f3 demostrado en las finales, todos somos ganadores, porque se disfruta, en familia, nosotros hacemos el esfuerzo, valorado por cada uno de ellos, esto los sentimos con aquellos que vinimos a formar parte del plantel\u201d<\/p>\n<p style=\"font-weight: 400;\">Quiero dedicar a mi familia, mis hijos, mi mujer a las familias de cada jugador, gracias a Uds. porque mis familiares desde Rosario siguieron toda esta instancia.\u201d Concluy\u00f3 el capit\u00e1n del equipo campe\u00f3n del F\u00fatbol Rural<\/p>\n<p style=\"font-weight: 400;\">\n<p style=\"font-weight: 400;\">MATIAS VERON<\/p>\n<p style=\"font-weight: 400;\">De la misma manera el equipo period\u00edstico busco las palabras del excelente jugador del Club San Francisco, Matias Ver\u00f3n, quien se\u00f1alo: \u201cSe hizo lo que se pudo, disputamos intensamente estos 90 minutos, ellos nuevamente nos ganaron, agradecemos a la gente, al p\u00fablico, que nos alienta, que se quedan para demostrarnos el cari\u00f1o, el respeto, esto nos motiva para volver con m\u00e1s ganas la pr\u00f3xima temporada, por ah\u00ed repetimos la historia de ganar el campeonato, sin dudas valoramos el gesto de esta parcialidad que se queda para darnos un abrazo, el aliento, el apoyo seguiremos con esta actitud en el otro campeonato.\u201d<\/p>\n<p style=\"font-weight: 400;\">\n<p style=\"font-weight: 400;\">Finalmente, el jugador habilidoso de San Francisco Matias Ver\u00f3n, sostuvo: \u201clamentamos aquellas oportunidades que hemos errado, felicitaciones a Olimpia, sabemos que hicimos todo lo que pudimos, dedico todo este esfuerzo a la familia, a la gente, al equipo, cuesta llegar, por eso la dedicatoria, a mi hijo (Benjam\u00edn) a su madre, nos encontraremos en la cena de premiaci\u00f3n y en la pr\u00f3xima temporada seguramente.\u201d<\/p>\n<p style=\"font-weight: 400;\">\n<p style=\"font-weight: 400;\">Fin de la temporada 2025 del f\u00fatbol rural parece una contradicci\u00f3n tener que expresar que dio un campe\u00f3n, porque en las palabras de los protagonistas, de los directivos de la Asociaci\u00f3n todos coinciden en se\u00f1alar que el mayor premio est\u00e1 dado en el p\u00fablico de los campeones que han celebrado, de los subcampeones que han sabido reconcomer a los ganadores, de all\u00ed la valoraci\u00f3n de estas actitudes para afirmar sin dudas gano el Futbol Rural.<\/p>\n<p style=\"font-weight: 400;\">\n<p style=\"font-weight: 400;\">Direcci\u00f3n de Prensa-Municipalidad de Goya<\/p>\n","protected":false},"excerpt":{"rendered":"<p>Finalizada la fiesta del f\u00fatbol rural, donde el campe\u00f3n aguardo m\u00e1s de 35 a\u00f1os para lograr el torneo, Olimpia de San Jos\u00e9 El Bajo, por el lado del subcampe\u00f3n recibi\u00f3 el mayor de todas las distinciones el reconocimiento de su gente, que, con ovaci\u00f3n, aplausos supo poner en valor la entrega, la voluntad, el esp\u00edritu [&hellip;]<\/p>\n","protected":false},"author":2,"featured_media":29564,"comment_status":"open","ping_status":"open","sticky":false,"template":"","format":"standard","meta":{"footnotes":""},"categories":[78],"tags":[],"class_list":{"0":"post-29563","1":"post","2":"type-post","3":"status-publish","4":"format-standard","5":"has-post-thumbnail","7":"category-deportes"},"_links":{"self":[{"href":"https:\/\/radiobitacora.com.ar\/web\/wp-json\/wp\/v2\/posts\/29563","targetHints":{"allow":["GET"]}}],"collection":[{"href":"https:\/\/radiobitacora.com.ar\/web\/wp-json\/wp\/v2\/posts"}],"about":[{"href":"https:\/\/radiobitacora.com.ar\/web\/wp-json\/wp\/v2\/types\/post"}],"author":[{"embeddable":true,"href":"https:\/\/radiobitacora.com.ar\/web\/wp-json\/wp\/v2\/users\/2"}],"replies":[{"embeddable":true,"href":"https:\/\/radiobitacora.com.ar\/web\/wp-json\/wp\/v2\/comments?post=29563"}],"version-history":[{"count":0,"href":"https:\/\/radiobitacora.com.ar\/web\/wp-json\/wp\/v2\/posts\/29563\/revisions"}],"wp:featuredmedia":[{"embeddable":true,"href":"https:\/\/radiobitacora.com.ar\/web\/wp-json\/wp\/v2\/media\/29564"}],"wp:attachment":[{"href":"https:\/\/radiobitacora.com.ar\/web\/wp-json\/wp\/v2\/media?parent=29563"}],"wp:term":[{"taxonomy":"category","embeddable":true,"href":"https:\/\/radiobitacora.com.ar\/web\/wp-json\/wp\/v2\/categories?post=29563"},{"taxonomy":"post_tag","embeddable":true,"href":"https:\/\/radiobitacora.com.ar\/web\/wp-json\/wp\/v2\/tags?post=29563"}],"curies":[{"name":"wp","href":"https:\/\/api.w.org\/{rel}","templated":true}]}}