{"id":29566,"date":"2026-01-28T08:57:16","date_gmt":"2026-01-28T11:57:16","guid":{"rendered":"https:\/\/radiobitacora.com.ar\/web\/?p=29566"},"modified":"2026-01-28T08:58:09","modified_gmt":"2026-01-28T11:58:09","slug":"sonia-espina-celebro-el-inicio-de-los-carnavales-goyanos-2026-y-destaco-el-crecimiento-cultural-educativo-y-turistico-de-la-ciudad","status":"publish","type":"post","link":"https:\/\/radiobitacora.com.ar\/web\/2026\/01\/28\/sonia-espina-celebro-el-inicio-de-los-carnavales-goyanos-2026-y-destaco-el-crecimiento-cultural-educativo-y-turistico-de-la-ciudad\/","title":{"rendered":"SONIA ESPINA CELEBR\u00d3 EL INICIO DE LOS CARNAVALES GOYANOS 2026 Y DESTAC\u00d3 EL CRECIMIENTO CULTURAL, EDUCATIVO Y TUR\u00cdSTICO DE LA CIUDAD"},"content":{"rendered":"<p style=\"font-weight: 400;\">La secretaria de Educaci\u00f3n de la Municipalidad de Goya, doctora Sonia Espina, dijo presente en la noche inaugural de los Carnavales Goyanos 2026, celebrada el pasado viernes 23 de enero, donde comparti\u00f3 el palco oficial junto al intendente Mariano Hormaechea, el viceintendente Sebasti\u00e1n Mazzaro, el ministro de Turismo de la Provincia Juan Braillard Poccard, y autoridades provinciales y municipales, disfrutando de la primera luna carnestolenda del verano goyano.<\/p>\n<p style=\"font-weight: 400;\">En ese marco festivo, la funcionaria municipal pas\u00f3 por el set de transmisi\u00f3n oficial de los corsos y comparti\u00f3 sus sensaciones sobre el inicio de una nueva edici\u00f3n de los carnavales.<\/p>\n<p style=\"font-weight: 400;\">GRAN CONVOCATORIA Y FUERTE INVERSI\u00d3N DEL ESTADO MUNICIPAL<\/p>\n<p style=\"font-weight: 400;\">\u201cMuy contenta con la convocatoria, con la infraestructura que se arm\u00f3 este a\u00f1o, mucha inversi\u00f3n por parte del municipio para que se pueda llevar adelante los carnavales que siguen creciendo\u201d, expres\u00f3.<\/p>\n<p style=\"font-weight: 400;\">En relaci\u00f3n al trabajo de las comparsas, Espina valor\u00f3 el esfuerzo sostenido de todo el a\u00f1o y la calidad art\u00edstica del espect\u00e1culo: \u201cLas comparsas que pude ver hasta ahora han mostrado todo el trabajo que vienen haciendo durante todo el a\u00f1o, est\u00e1n todas hermosas, bien elegidos los temas, muy bien trabajados con cada figura, tenemos unos carnavales muy lindos\u201d.<\/p>\n<p style=\"font-weight: 400;\">EDUCACI\u00d3N, VERANO Y POL\u00cdTICAS P\u00daBLICAS<\/p>\n<p style=\"font-weight: 400;\">Aunque Goya vive a pleno el verano, el turismo y el carnaval, la secretaria de Educaci\u00f3n fue consultada por las actividades educativas que se desarrollan durante la temporada estival, especialmente la Escuela de Verano en el Parque Acu\u00e1tico, un programa articulado con distintas \u00e1reas del municipio.<\/p>\n<p style=\"font-weight: 400;\">\u201cEstamos trabajando con la Escuela de Verano en el Parque Acu\u00e1tico, donde por un lado llevamos a los chicos al parque y por otro lado tenemos talleres en los distintos barrios de Goya, m\u00e1s de 30 talleres y la verdad que vienen funcionando muy bien\u201d, destac\u00f3.<\/p>\n<p style=\"font-weight: 400;\">\u201cEs una expectativa de los chicos que concurren a la Escuela de Verano y a los talleres\u201d, agreg\u00f3.<\/p>\n<p style=\"font-weight: 400;\">DESAF\u00cdOS EDUCATIVOS Y PROYECCI\u00d3N INSTITUCIONAL<\/p>\n<p style=\"font-weight: 400;\">Consultada sobre los objetivos de su \u00e1rea, Espina adelant\u00f3 uno de los proyectos m\u00e1s importantes del calendario cultural y educativo de la ciudad:<\/p>\n<p style=\"font-weight: 400;\">\u201cEl desaf\u00edo que tenemos es que, en nuestra Feria del Libro, que ser\u00e1 nuestra octava edici\u00f3n, poder presentar el libro institucional de Goya, se viene trabajando con eso, venimos trabajando con el escritor Felipe Pigna que estuvo hace poco\u201d.<\/p>\n<p style=\"font-weight: 400;\">\u201cAs\u00ed que creo que ser\u00e1 uno de los grandes desaf\u00edos, adem\u00e1s de seguir trabajando en traer nuevas carreras universitarias a nuestra ciudad\u201d, a\u00f1adi\u00f3.<\/p>\n<p style=\"font-weight: 400;\">CARNAVAL, TURISMO Y SENTIDO DE PERTENENCIA<\/p>\n<p style=\"font-weight: 400;\">Retomando el esp\u00edritu Carnestolendo, la secretaria de Educaci\u00f3n volvi\u00f3 a destacar el clima vivido en el Cors\u00f3dromo: \u201cMuy lindas comparsas, estamos contentos, las vi muy divertidas y con mucha energ\u00eda\u201d.<\/p>\n<p style=\"font-weight: 400;\">Adem\u00e1s, dej\u00f3 una invitaci\u00f3n abierta a la comunidad y a los visitantes: \u201cInvitar a la gente que venga a los carnavales goyanos, que apuesten, acompa\u00f1en a las comparsas, el trabajo de cada comparsero de todo el a\u00f1o y podamos disfrutar el show que brindan todas las noches\u201d.<\/p>\n<p style=\"font-weight: 400;\">Sobre el turismo como pol\u00edtica p\u00fablica estrat\u00e9gica, Espina fue contundente: \u201cTotalmente, queda claro en estos carnavales y en el resto de las actividades tur\u00edsticas y eventos que tiene Goya\u201d.<\/p>\n<p style=\"font-weight: 400;\">UNA MIRADA PERSONAL SOBRE LA TRADICI\u00d3N CARNAVALERA<\/p>\n<p style=\"font-weight: 400;\">Finalmente, en un plano m\u00e1s personal, la funcionaria comparti\u00f3 su v\u00ednculo familiar con la fiesta carnestolenda: \u201cDe mi parte no particip\u00e9 nunca, pero tengo mis hermanas en los carnavales de Carolina, mi hermana fue reina el a\u00f1o pasado, nuevamente baila este a\u00f1o, pero yo acompa\u00f1o mucho, no soy de bailar\u201d.<\/p>\n<p style=\"font-weight: 400;\">Direcci\u00f3n de Prensa \u2013 Municipalidad de Goya.<\/p>\n","protected":false},"excerpt":{"rendered":"<p>La secretaria de Educaci\u00f3n de la Municipalidad de Goya, doctora Sonia Espina, dijo presente en la noche inaugural de los Carnavales Goyanos 2026, celebrada el pasado viernes 23 de enero, donde comparti\u00f3 el palco oficial junto al intendente Mariano Hormaechea, el viceintendente Sebasti\u00e1n Mazzaro, el ministro de Turismo de la Provincia Juan Braillard Poccard, y [&hellip;]<\/p>\n","protected":false},"author":2,"featured_media":29567,"comment_status":"open","ping_status":"open","sticky":false,"template":"","format":"standard","meta":{"footnotes":""},"categories":[56],"tags":[],"class_list":{"0":"post-29566","1":"post","2":"type-post","3":"status-publish","4":"format-standard","5":"has-post-thumbnail","7":"category-locales"},"_links":{"self":[{"href":"https:\/\/radiobitacora.com.ar\/web\/wp-json\/wp\/v2\/posts\/29566","targetHints":{"allow":["GET"]}}],"collection":[{"href":"https:\/\/radiobitacora.com.ar\/web\/wp-json\/wp\/v2\/posts"}],"about":[{"href":"https:\/\/radiobitacora.com.ar\/web\/wp-json\/wp\/v2\/types\/post"}],"author":[{"embeddable":true,"href":"https:\/\/radiobitacora.com.ar\/web\/wp-json\/wp\/v2\/users\/2"}],"replies":[{"embeddable":true,"href":"https:\/\/radiobitacora.com.ar\/web\/wp-json\/wp\/v2\/comments?post=29566"}],"version-history":[{"count":0,"href":"https:\/\/radiobitacora.com.ar\/web\/wp-json\/wp\/v2\/posts\/29566\/revisions"}],"wp:featuredmedia":[{"embeddable":true,"href":"https:\/\/radiobitacora.com.ar\/web\/wp-json\/wp\/v2\/media\/29567"}],"wp:attachment":[{"href":"https:\/\/radiobitacora.com.ar\/web\/wp-json\/wp\/v2\/media?parent=29566"}],"wp:term":[{"taxonomy":"category","embeddable":true,"href":"https:\/\/radiobitacora.com.ar\/web\/wp-json\/wp\/v2\/categories?post=29566"},{"taxonomy":"post_tag","embeddable":true,"href":"https:\/\/radiobitacora.com.ar\/web\/wp-json\/wp\/v2\/tags?post=29566"}],"curies":[{"name":"wp","href":"https:\/\/api.w.org\/{rel}","templated":true}]}}