{"id":29573,"date":"2026-01-28T09:16:04","date_gmt":"2026-01-28T12:16:04","guid":{"rendered":"https:\/\/radiobitacora.com.ar\/web\/?p=29573"},"modified":"2026-01-28T09:16:04","modified_gmt":"2026-01-28T12:16:04","slug":"los-refuerzos-mas-resonantes-del-ascenso-en-el-mercado-de-pases-2026","status":"publish","type":"post","link":"https:\/\/radiobitacora.com.ar\/web\/2026\/01\/28\/los-refuerzos-mas-resonantes-del-ascenso-en-el-mercado-de-pases-2026\/","title":{"rendered":"LOS REFUERZOS M\u00c1S RESONANTES DEL ASCENSO EN EL MERCADO DE PASES 2026"},"content":{"rendered":"<p>Los movimientos no se dan solo en la Primera Divisi\u00f3n del f\u00fatbol argentino: en el resto de las categor\u00edas tambi\u00e9n hubo arribos, en especial con jugadores de larga trayectoria.<\/p>\n<p>En este 2026, varios futbolistas con pasado en Primera Divisi\u00f3n y en equipos de ligas internacionales tomaron la decisi\u00f3n de continuar su carrera en el\u00a0<b>Ascenso<\/b>, una elecci\u00f3n que genera expectativas en sus nuevos clubes. Nombres como\u00a0<b>Ricardo Centuri\u00f3n, Nery Dom\u00ednguez, Emanuel Ins\u00faa<\/b>, entre otros, llegan para demostrar su trayectoria y jerarqu\u00eda en la categor\u00eda.<\/p>\n<p>Uno de los casos m\u00e1s resonantes es el de\u00a0<b>Nery Dom\u00ednguez<\/b>, nuevo refuerzo de Central C\u00f3rdoba de Rosario, equipo que compite en la Primera C. Surgi\u00f3 en Rosario Central y tuvo grandes pasos por Independiente, donde fue campe\u00f3n de la Sudamericana 2017 y en Racing, del torneo de Primera Divisi\u00f3n 2019 y el Trofeo de Campeones 2019. Adem\u00e1s, cuenta con experiencia en el exterior con equipos como Quer\u00e9taro de M\u00e9xico y Universidad de Chile.<\/p>\n<p>Otro nombre fuerte es el de\u00a0<b>Facundo Curuchet<\/b>, que jugar\u00e1 en F\u00e9nix, tambi\u00e9n en la Primera C. El defensor entrerriano debut\u00f3 profesionalmente con Col\u00f3n e hizo su recorrido futbol\u00edstico por Defensa y Justicia, Platense, Racing de C\u00f3rdoba, entre otros.<\/p>\n<p>En Colegiales, club que disputar\u00e1 la Primera Nacional, se dio la incorporaci\u00f3n de\u00a0<b>Emanuel Ins\u00faa<\/b>. El lateral se form\u00f3 en Boca Juniors y luego de una aparici\u00f3n por Godoy Cruz, visti\u00f3 las camisetas de conjuntos internacionales de Granada, Udinese, Panathinaikos, A. E. K. de Atenas. En la Argentina tambi\u00e9n pas\u00f3 por Newell&#8217;s, Racing, Aldosivi, V\u00e9lez y Banfield.<\/p>\n<p>Otro movimiento llamativo fue el de\u00a0<b>Cristian Ch\u00e1vez<\/b>, que se convirti\u00f3 en refuerzo de Boca Unidos, equipo que milita en el Torneo Federal A. Cuenta con una carrera muy llamativa porque jug\u00f3 en dos grandes de Argentina, San Lorenzo e Independiente, y hasta fue transferido al Napoli de Italia en 2011, cuando coincidi\u00f3 con figuras de la talla de Edinson Cavani, Ezequiel Lavezzi y Marek Hamsik.<\/p>\n<p>El apellido que m\u00e1s impacto medi\u00e1tico genera es el de\u00a0<b>Ricardo Centuri\u00f3n<\/b>, flamante refuerzo de Racing de C\u00f3rdoba de la Primera Nacional. Campe\u00f3n con Boca y Racing de Avellaneda, el extremo cuenta con una variada trayectoria tras ser jugador de Genoa, Sao Paulo, Atl\u00e9tico San Luis, V\u00e9lez, San Lorenzo y su pase se da despu\u00e9s de despedirse de Oriente Petrolero.<\/p>\n<p><b>Enrique Bologna<\/b>, arquero con una carrera extensa defender\u00e1 el arco de Chacarita Juniors. Su recorrido\u00a0 \u00a0fue por Banfield, Godoy Cruz e Independiente, y tambi\u00e9n tuvo una experiencia internacional en Colo-Colo, uno de los grandes de Chile.<\/p>\n<p>Por \u00faltimo, aparecen dos historias atravesadas por el sentido de pertenencia.\u00a0<b>Leonel Vangioni,<\/b>\u00a0ex River, Newell\u2019s y Milan, decidi\u00f3 jugar en Riberas del Paran\u00e1, equipo que lo vio nacer y que milita en la Liga Regional del Sud, en Santa Fe. Mientras que\u00a0<b>Javier Toledo<\/b>, con pasado en Newell\u2019s, V\u00e9lez y Estudiantes, tambi\u00e9n se suma al conjunto de su barrio natal: Argentino de Marcos Ju\u00e1rez de la Liga Bellvillense.<\/p>\n","protected":false},"excerpt":{"rendered":"<p>Los movimientos no se dan solo en la Primera Divisi\u00f3n del f\u00fatbol argentino: en el resto de las categor\u00edas tambi\u00e9n hubo arribos, en especial con jugadores de larga trayectoria. En este 2026, varios futbolistas con pasado en Primera Divisi\u00f3n y en equipos de ligas internacionales tomaron la decisi\u00f3n de continuar su carrera en el\u00a0Ascenso, una [&hellip;]<\/p>\n","protected":false},"author":2,"featured_media":29574,"comment_status":"open","ping_status":"open","sticky":false,"template":"","format":"standard","meta":{"footnotes":""},"categories":[78],"tags":[],"class_list":{"0":"post-29573","1":"post","2":"type-post","3":"status-publish","4":"format-standard","5":"has-post-thumbnail","7":"category-deportes"},"_links":{"self":[{"href":"https:\/\/radiobitacora.com.ar\/web\/wp-json\/wp\/v2\/posts\/29573","targetHints":{"allow":["GET"]}}],"collection":[{"href":"https:\/\/radiobitacora.com.ar\/web\/wp-json\/wp\/v2\/posts"}],"about":[{"href":"https:\/\/radiobitacora.com.ar\/web\/wp-json\/wp\/v2\/types\/post"}],"author":[{"embeddable":true,"href":"https:\/\/radiobitacora.com.ar\/web\/wp-json\/wp\/v2\/users\/2"}],"replies":[{"embeddable":true,"href":"https:\/\/radiobitacora.com.ar\/web\/wp-json\/wp\/v2\/comments?post=29573"}],"version-history":[{"count":0,"href":"https:\/\/radiobitacora.com.ar\/web\/wp-json\/wp\/v2\/posts\/29573\/revisions"}],"wp:featuredmedia":[{"embeddable":true,"href":"https:\/\/radiobitacora.com.ar\/web\/wp-json\/wp\/v2\/media\/29574"}],"wp:attachment":[{"href":"https:\/\/radiobitacora.com.ar\/web\/wp-json\/wp\/v2\/media?parent=29573"}],"wp:term":[{"taxonomy":"category","embeddable":true,"href":"https:\/\/radiobitacora.com.ar\/web\/wp-json\/wp\/v2\/categories?post=29573"},{"taxonomy":"post_tag","embeddable":true,"href":"https:\/\/radiobitacora.com.ar\/web\/wp-json\/wp\/v2\/tags?post=29573"}],"curies":[{"name":"wp","href":"https:\/\/api.w.org\/{rel}","templated":true}]}}