{"id":29582,"date":"2026-01-28T09:31:57","date_gmt":"2026-01-28T12:31:57","guid":{"rendered":"https:\/\/radiobitacora.com.ar\/web\/?p=29582"},"modified":"2026-01-28T09:32:18","modified_gmt":"2026-01-28T12:32:18","slug":"preocupacion-en-la-liga-profesional-por-el-estado-de-los-campos-de-juego-que-esta-pasando","status":"publish","type":"post","link":"https:\/\/radiobitacora.com.ar\/web\/2026\/01\/28\/preocupacion-en-la-liga-profesional-por-el-estado-de-los-campos-de-juego-que-esta-pasando\/","title":{"rendered":"PREOCUPACI\u00d3N EN LA LIGA PROFESIONAL POR EL ESTADO DE LOS CAMPOS DE JUEGO: QU\u00c9 EST\u00c1 PASANDO"},"content":{"rendered":"<p>El arranque del Torneo Apertura 2026 dej\u00f3 una alarma encendida en la Liga Profesional:\u00a0<b>el estado de varios campos de juego volvi\u00f3 a estar en el centro de la escena<\/b>.\u00a0<a href=\"https:\/\/www.tycsports.com\/racing-club\/racing-campo-de-juego-cilindro-avellaneda-racing-rosario-central-fecha-2-torneo-apertura-id709849.html\" target=\"_blank\" rel=\"noopener\">El caso de Racing<\/a>, que reconoci\u00f3 p\u00fablicamente que su cancha no llegar\u00e1 en condiciones \u00f3ptimas para el debut como local ante Rosario Central, y\u00a0<a href=\"https:\/\/www.tycsports.com\/river-plate\/argentina-torneo-apertura-2026-barracas-central-vs-river-plate-fecha-1-id709153.html\" target=\"_blank\" rel=\"noopener\">el antecedente inmediato de Barracas Central frente a River,<\/a>\u00a0expusieron una problem\u00e1tica que preocupa a clubes, cuerpos t\u00e9cnicos y futbolistas.<\/p>\n<p>Tras la derrota ante Gimnasia en La Plata,\u00a0<a href=\"https:\/\/www.tycsports.com\/liga-profesional-de-futbol\/argentina-torneo-apertura-2026-racing-club-vs-rosario-central-fecha-2-id709829.html\" target=\"_blank\" rel=\"noopener\">la Academia buscar\u00e1 cambiar la imagen futbol\u00edstica este mi\u00e9rcoles en el Cilindro,<\/a>\u00a0pero la atenci\u00f3n se corri\u00f3 r\u00e1pidamente al c\u00e9sped. En redes sociales circularon im\u00e1genes que mostraban\u00a0<b>un terreno desparejo, con zonas visiblemente deterioradas, a pocas horas del estreno en Avellaneda.<\/b>\u00a0Ante la repercusi\u00f3n, el club sali\u00f3 a explicar los motivos.<\/p>\n<p>Desde la instituci\u00f3n racinguista aclararon que\u00a0<b><i>\u201cel campo de juego presentar\u00e1 condiciones de un proceso todav\u00eda en evoluci\u00f3n<\/i><\/b>\u201d y detallaron que\u00a0<b>el cambio de c\u00e9sped comenz\u00f3 a inicios de 2025 con una renovaci\u00f3n de fondo.<\/b>\u00a0En los primeros d\u00edas de 2026 se procedi\u00f3\u00a0<b>a la remoci\u00f3n del pasto de invierno mediante tratamientos qu\u00edmicos y trabajos mec\u00e1nicos, para luego sembrar una nueva carpeta vegetal de rye grass.<\/b><\/p>\n<p>El club explic\u00f3 que los plazos se vieron condicionados por dos factores clave: el final tard\u00edo de la temporada 2025, que demor\u00f3 el inicio de las tareas, y la escasez de lluvias, fundamental para el crecimiento de un c\u00e9sped joven.\u00a0<b><i>\u201cSe espera que en las pr\u00f3ximas dos semanas, con un clima m\u00e1s adecuado, la mejora se d\u00e9 de manera sostenida\u201d,<\/i><\/b>\u00a0indicaron desde Avellaneda.<\/p>\n<p>El \u00faltimo partido oficial del equipo de Gustavo Costas en el Cilindro hab\u00eda sido el 1\u00b0 de diciembre, cuando Racing elimin\u00f3 por penales a Tigre en el Clausura 2025. Luego, el estadio solo fue utilizado para la final de ida del f\u00fatbol femenino ante Belgrano, el 10 de ese mes. Sin embargo,\u00a0<b>los trabajos iniciados el 3 de enero no llegaron a completarse a tiempo.<\/b><\/p>\n<p>La instituci\u00f3n detall\u00f3 que\u00a0<b>el proceso incluy\u00f3 la eliminaci\u00f3n del pasto de invierno, cortes bajos, aireaciones, dressing de arena, riego y un plan de fertilizaci\u00f3n para dejar la base de gramilla en condiciones de desarrollarse.<\/b>\u00a0Aun as\u00ed, el c\u00e9sped no alcanz\u00f3 el punto ideal para el arranque del Apertura.<\/p>\n<p>Durante la \u00faltima etapa de la gesti\u00f3n de V\u00edctor Blanco, el estado del campo de juego fue motivo de cr\u00edticas constantes e incluso oblig\u00f3 al club a mudar un partido de Copa Sudamericana a la cancha de Lan\u00fas en 2024.\u00a0<b>La mejora del c\u00e9sped fue una de las prioridades de Diego Milito al asumir la presidencia<\/b>\u00a0y, durante gran parte de 2025, el Cilindro mostr\u00f3 una superficie en muy buenas condiciones.\u00a0<b>El actual retroceso, explican, responde exclusivamente a un proceso de renovaci\u00f3n que a\u00fan no finaliz\u00f3.<\/b><\/p>\n<div id=\"ad-slot-inline4\" class=\"ad-slot-inline ad-slot\" data-adtype=\"inline\" data-google-query-id=\"CIm5kpierpIDFQpLuAQdTywQXw\">\n<div id=\"google_ads_iframe_\/125006397\/tyc\/nota\/inline4_0__container__\"><\/div>\n<\/div>\n<p>El caso de la Academia no fue el \u00fanico que gener\u00f3 comentarios en la primera fecha. Barracas Central, en su estreno ante River,\u00a0<b>present\u00f3 un campo de juego muy irregular, con un rodar de pelota visiblemente afectado, algo que fue notorio durante todo el partido<\/b>\u00a0y gener\u00f3 quejas desde el propio desarrollo del juego.<\/p>\n<p>Con el campeonato reci\u00e9n comenzado, la situaci\u00f3n reabre un debate recurrente en el f\u00fatbol argentino: el impacto del calendario, el clima y la planificaci\u00f3n sobre el estado de los campos de juego. Mientras algunos clubes argumentan procesos de renovaci\u00f3n necesarios,\u00a0<b>la preocupaci\u00f3n crece en la Liga Profesional por la calidad de las superficies y su influencia directa en el espect\u00e1culo y la seguridad de los futbolistas.<\/b><\/p>\n","protected":false},"excerpt":{"rendered":"<p>El arranque del Torneo Apertura 2026 dej\u00f3 una alarma encendida en la Liga Profesional:\u00a0el estado de varios campos de juego volvi\u00f3 a estar en el centro de la escena.\u00a0El caso de Racing, que reconoci\u00f3 p\u00fablicamente que su cancha no llegar\u00e1 en condiciones \u00f3ptimas para el debut como local ante Rosario Central, y\u00a0el antecedente inmediato de [&hellip;]<\/p>\n","protected":false},"author":2,"featured_media":29583,"comment_status":"open","ping_status":"open","sticky":false,"template":"","format":"standard","meta":{"footnotes":""},"categories":[78],"tags":[],"class_list":{"0":"post-29582","1":"post","2":"type-post","3":"status-publish","4":"format-standard","5":"has-post-thumbnail","7":"category-deportes"},"_links":{"self":[{"href":"https:\/\/radiobitacora.com.ar\/web\/wp-json\/wp\/v2\/posts\/29582","targetHints":{"allow":["GET"]}}],"collection":[{"href":"https:\/\/radiobitacora.com.ar\/web\/wp-json\/wp\/v2\/posts"}],"about":[{"href":"https:\/\/radiobitacora.com.ar\/web\/wp-json\/wp\/v2\/types\/post"}],"author":[{"embeddable":true,"href":"https:\/\/radiobitacora.com.ar\/web\/wp-json\/wp\/v2\/users\/2"}],"replies":[{"embeddable":true,"href":"https:\/\/radiobitacora.com.ar\/web\/wp-json\/wp\/v2\/comments?post=29582"}],"version-history":[{"count":0,"href":"https:\/\/radiobitacora.com.ar\/web\/wp-json\/wp\/v2\/posts\/29582\/revisions"}],"wp:featuredmedia":[{"embeddable":true,"href":"https:\/\/radiobitacora.com.ar\/web\/wp-json\/wp\/v2\/media\/29583"}],"wp:attachment":[{"href":"https:\/\/radiobitacora.com.ar\/web\/wp-json\/wp\/v2\/media?parent=29582"}],"wp:term":[{"taxonomy":"category","embeddable":true,"href":"https:\/\/radiobitacora.com.ar\/web\/wp-json\/wp\/v2\/categories?post=29582"},{"taxonomy":"post_tag","embeddable":true,"href":"https:\/\/radiobitacora.com.ar\/web\/wp-json\/wp\/v2\/tags?post=29582"}],"curies":[{"name":"wp","href":"https:\/\/api.w.org\/{rel}","templated":true}]}}