{"id":29587,"date":"2026-01-28T18:12:13","date_gmt":"2026-01-28T21:12:13","guid":{"rendered":"https:\/\/radiobitacora.com.ar\/web\/?p=29587"},"modified":"2026-01-28T18:12:13","modified_gmt":"2026-01-28T21:12:13","slug":"huracan-define-su-conduccion-tecnica-para-la-temporada-2026","status":"publish","type":"post","link":"https:\/\/radiobitacora.com.ar\/web\/2026\/01\/28\/huracan-define-su-conduccion-tecnica-para-la-temporada-2026\/","title":{"rendered":"HURAC\u00c1N DEFINE SU CONDUCCI\u00d3N T\u00c9CNICA PARA LA TEMPORADA 2026\u201d."},"content":{"rendered":"<p style=\"font-weight: 400;\"><strong>&#8220;Vuelven Maxi, Seba y Yaca:<\/strong><\/p>\n<p style=\"font-weight: 400;\">\n<p style=\"font-weight: 400;\">La Comisi\u00f3n Directiva del Hurac\u00e1n Football Club oficializ\u00f3 la conformaci\u00f3n del Cuerpo T\u00e9cnico que liderar\u00e1 al &#8220;Sabalero&#8221; durante la temporada 2026. El anuncio marca el regreso de nombres conocidos de la casa y una apuesta integral al desarrollo deportivo de la instituci\u00f3n.<\/p>\n<p style=\"font-weight: 400;\">\n<p style=\"font-weight: 400;\"><strong>Cuerpo T\u00e9cnico y Coordinaci\u00f3n.<\/strong><\/p>\n<p style=\"font-weight: 400;\">El equipo de trabajo estar\u00e1 encabezado por Maximiliano Ruiz D\u00edaz como Director T\u00e9cnico, quien adem\u00e1s asumir\u00e1 un rol clave como Coordinador T\u00e9cnico de las categor\u00edas competitivas: 6ta, 5ta, 4ta, 3ra y Primera Divisi\u00f3n.<\/p>\n<p style=\"font-weight: 400;\">\n<p style=\"font-weight: 400;\"><strong>Acompa\u00f1ar\u00e1n a Ruiz D\u00edaz en este proyecto:<\/strong><\/p>\n<p style=\"font-weight: 400;\">Sebasti\u00e1n Montenegro: Preparador F\u00edsico.<\/p>\n<p style=\"font-weight: 400;\">Manuel \u201cYaca\u201d Acebo: Quien se suma al staff t\u00e9cnico para aportar su experiencia.<\/p>\n<p style=\"font-weight: 400;\">\n<p style=\"font-weight: 400;\"><strong>Inicio de Pretemporada.<\/strong><\/p>\n<p style=\"font-weight: 400;\">Con la mirada puesta en una agenda cargada de desaf\u00edos, el plantel iniciar\u00e1 los trabajos de pretemporada este viernes 30 de enero. El &#8220;Sabalero&#8221; se prepara para competir en tres frentes fundamentales: los torneos de f\u00fatbol local, provincial y nacional.<\/p>\n<p style=\"font-weight: 400;\">Con esta estructura, el club busca consolidar un proceso deportivo s\u00f3lido que integre las categor\u00edas formativas con el plantel de primera.<\/p>\n","protected":false},"excerpt":{"rendered":"<p>&#8220;Vuelven Maxi, Seba y Yaca: La Comisi\u00f3n Directiva del Hurac\u00e1n Football Club oficializ\u00f3 la conformaci\u00f3n del Cuerpo T\u00e9cnico que liderar\u00e1 al &#8220;Sabalero&#8221; durante la temporada 2026. El anuncio marca el regreso de nombres conocidos de la casa y una apuesta integral al desarrollo deportivo de la instituci\u00f3n. Cuerpo T\u00e9cnico y Coordinaci\u00f3n. El equipo de trabajo [&hellip;]<\/p>\n","protected":false},"author":2,"featured_media":29588,"comment_status":"open","ping_status":"open","sticky":false,"template":"","format":"standard","meta":{"footnotes":""},"categories":[78],"tags":[],"class_list":{"0":"post-29587","1":"post","2":"type-post","3":"status-publish","4":"format-standard","5":"has-post-thumbnail","7":"category-deportes"},"_links":{"self":[{"href":"https:\/\/radiobitacora.com.ar\/web\/wp-json\/wp\/v2\/posts\/29587","targetHints":{"allow":["GET"]}}],"collection":[{"href":"https:\/\/radiobitacora.com.ar\/web\/wp-json\/wp\/v2\/posts"}],"about":[{"href":"https:\/\/radiobitacora.com.ar\/web\/wp-json\/wp\/v2\/types\/post"}],"author":[{"embeddable":true,"href":"https:\/\/radiobitacora.com.ar\/web\/wp-json\/wp\/v2\/users\/2"}],"replies":[{"embeddable":true,"href":"https:\/\/radiobitacora.com.ar\/web\/wp-json\/wp\/v2\/comments?post=29587"}],"version-history":[{"count":0,"href":"https:\/\/radiobitacora.com.ar\/web\/wp-json\/wp\/v2\/posts\/29587\/revisions"}],"wp:featuredmedia":[{"embeddable":true,"href":"https:\/\/radiobitacora.com.ar\/web\/wp-json\/wp\/v2\/media\/29588"}],"wp:attachment":[{"href":"https:\/\/radiobitacora.com.ar\/web\/wp-json\/wp\/v2\/media?parent=29587"}],"wp:term":[{"taxonomy":"category","embeddable":true,"href":"https:\/\/radiobitacora.com.ar\/web\/wp-json\/wp\/v2\/categories?post=29587"},{"taxonomy":"post_tag","embeddable":true,"href":"https:\/\/radiobitacora.com.ar\/web\/wp-json\/wp\/v2\/tags?post=29587"}],"curies":[{"name":"wp","href":"https:\/\/api.w.org\/{rel}","templated":true}]}}