{"id":29590,"date":"2026-01-28T18:16:16","date_gmt":"2026-01-28T21:16:16","guid":{"rendered":"https:\/\/radiobitacora.com.ar\/web\/?p=29590"},"modified":"2026-01-28T18:16:43","modified_gmt":"2026-01-28T21:16:43","slug":"igualdad-de-oportunidades-la-inclusion-como-eje-de-los-carnavales-goyanos-2026","status":"publish","type":"post","link":"https:\/\/radiobitacora.com.ar\/web\/2026\/01\/28\/igualdad-de-oportunidades-la-inclusion-como-eje-de-los-carnavales-goyanos-2026\/","title":{"rendered":"\u201cIGUALDAD DE OPORTUNIDADES\u201d: LA INCLUSI\u00d3N COMO EJE DE LOS CARNAVALES GOYANOS 2026"},"content":{"rendered":"<p style=\"font-weight: 400;\">La inclusi\u00f3n es una pol\u00edtica transversal en cada evento que se desarrolla en la ciudad de Goya y los Carnavales Goyanos 2026 no son la excepci\u00f3n. En el cors\u00f3dromo del predio Costa Surub\u00ed, uno de los espacios m\u00e1s destacados es el destinado a la Coordinaci\u00f3n de Discapacidad del Municipio, pensado especialmente para garantizar igualdad de oportunidades y una experiencia plena para todas las personas.<\/p>\n<p style=\"font-weight: 400;\">En ese marco, durante la segunda noche de los corsos, la titular del \u00e1rea, profesora Liza Kammerichs, fue entrevistada en el set de transmisi\u00f3n oficial, donde comparti\u00f3 c\u00f3mo se vive esta fiesta popular junto a los chicos y las familias que asisten al espacio accesible.<\/p>\n<p style=\"font-weight: 400;\">\u201cViviendo con mucha emoci\u00f3n, ver lo que son estos carnavales, vivirlo esta segunda noche de los corsos goyanos que crecen a pasos agigantados cada a\u00f1o\u201d, expres\u00f3 Kammerichs, reflejando el entusiasmo que se respira en el predio.<\/p>\n<p style=\"font-weight: 400;\">La funcionaria municipal destac\u00f3 adem\u00e1s el respaldo pol\u00edtico y la decisi\u00f3n de sostener este espacio inclusivo en el tiempo: \u201cContarle a la gente que este es nuestro tercer a\u00f1o que tenemos nuestro espacio accesible gracias a la visi\u00f3n y al s\u00ed del intendente Hormaechea y del secretario de Turismo Sebasti\u00e1n Candia, que siempre est\u00e1n dos pasos m\u00e1s adelante, viendo y haciendo todo lo que est\u00e1 a su alcance y m\u00e1s por una igualdad de oportunidades\u201d, agreg\u00f3.<\/p>\n<p style=\"font-weight: 400;\">Sobre la ubicaci\u00f3n y funcionamiento del sector, Kammerichs detall\u00f3: \u201cAl lado del sonido centro se encuentra el espacio accesible, donde la gente que tiene alg\u00fan diagn\u00f3stico o problema motriz puede estar c\u00f3moda, disfrutando, bailando y viviendo la felicidad que sienten\u201d.<\/p>\n<p style=\"font-weight: 400;\">En ese sentido, subray\u00f3 el valor del trabajo conjunto: \u201cAs\u00ed que doblemente feliz, porque siempre el trabajo en equipo, la gesti\u00f3n y la empat\u00eda son el resultado de cosas y acciones que son para quedarse, como los carnavales, nuestra Fiesta Nacional del Surub\u00ed y un mont\u00f3n de eventos que van quedando y deben continuar\u201d.<\/p>\n<p style=\"font-weight: 400;\">Al referirse al crecimiento sostenido del evento, la coordinadora fue contundente: \u201cImpresionante c\u00f3mo creci\u00f3 esta alfombra blanca, los lugares gastron\u00f3micos, la cantidad de ba\u00f1os que tenemos hoy en el predio, algo tan importante como los ba\u00f1os accesibles para la gente con discapacidad\u201d, destac\u00f3.<\/p>\n<p style=\"font-weight: 400;\">En la misma l\u00ednea, realiz\u00f3 una invitaci\u00f3n abierta a la comunidad: \u201cInvito a toda la gente, a las familias que no pudieron venir o que no se enteraron de esta gran noche que estamos viviendo, que se sumen o se comuniquen con la Coordinaci\u00f3n de Discapacidad, donde se les informar\u00e1 bien para que puedan disfrutar de las noches carnavaleras que quedan\u201d, indic\u00f3.<\/p>\n<p style=\"font-weight: 400;\">La Oficina de Coordinaci\u00f3n de Discapacidad funciona en Paseo La An\u00f3nima, y tambi\u00e9n se puede acceder a informaci\u00f3n a trav\u00e9s de Instagram.<\/p>\n<p style=\"font-weight: 400;\">\u201cDisfrutar de esta igualdad de oportunidades que sea y es un hecho realmente\u201d, expres\u00f3 Kammerichs en otro tramo de la entrevista.<\/p>\n<p style=\"font-weight: 400;\">ACTIVIDADES DE VERANO E INCLUSI\u00d3N PERMANENTE<\/p>\n<p style=\"font-weight: 400;\">Consultada sobre las acciones que se desarrollan durante el verano, la titular del \u00e1rea se\u00f1al\u00f3: \u201cAdem\u00e1s de la parte administrativa, realizamos visitas a domicilio a las familias porque llegamos a cada casa, a cada barrio, y estamos en la colonia de vacaciones en el Parque Acu\u00e1tico\u201d.<\/p>\n<p style=\"font-weight: 400;\">Sobre esta propuesta, remarc\u00f3 el trabajo articulado: \u201cHermosa actividad que la realizamos en conjunto con la Direcci\u00f3n de Deportes, la Secretar\u00eda de Educaci\u00f3n, la Subsecretar\u00eda de APS y la Secretar\u00eda de Desarrollo Humano\u201d.<\/p>\n<p style=\"font-weight: 400;\">Y volvi\u00f3 a poner el acento en el valor del equipo: \u201cLas cosas en equipo tienen lindos resultados y es lo que se refleja\u201d, subray\u00f3.<\/p>\n<p style=\"font-weight: 400;\">Respecto a la participaci\u00f3n en la colonia del Parque Acu\u00e1tico, Kammerichs explic\u00f3: \u201cClaro, porque pueden concurrir los chicos que asisten a la Coordinaci\u00f3n o a alguna otra instituci\u00f3n de las tantas que tenemos en nuestra ciudad, como as\u00ed tambi\u00e9n otros chicos que realizan actividades en los barrios. Todos pueden participar de esta colonia\u201d.<\/p>\n<p style=\"font-weight: 400;\">Antes de finalizar la entrevista, fue consultada sobre si alguna vez particip\u00f3 como bailarina en una comparsa. Con una sonrisa, confes\u00f3:<\/p>\n<p style=\"font-weight: 400;\">\u201cNo bail\u00e9 nunca, es un sue\u00f1o pendiente. Nunca es tarde y es animarse, romper esa barrera que es lo que cuesta\u201d.<\/p>\n<p style=\"font-weight: 400;\">Finalmente, dej\u00f3 un mensaje de agradecimiento: \u201cGracias por darnos a conocer lo que realizamos en nuestra Coordinaci\u00f3n de Discapacidad\u201d, concluy\u00f3 la profesora Liza Kammerichs.<\/p>\n<p style=\"font-weight: 400;\">Direcci\u00f3n de Prensa \u2013 Municipalidad de Goya.<\/p>\n","protected":false},"excerpt":{"rendered":"<p>La inclusi\u00f3n es una pol\u00edtica transversal en cada evento que se desarrolla en la ciudad de Goya y los Carnavales Goyanos 2026 no son la excepci\u00f3n. En el cors\u00f3dromo del predio Costa Surub\u00ed, uno de los espacios m\u00e1s destacados es el destinado a la Coordinaci\u00f3n de Discapacidad del Municipio, pensado especialmente para garantizar igualdad de [&hellip;]<\/p>\n","protected":false},"author":2,"featured_media":29591,"comment_status":"open","ping_status":"open","sticky":false,"template":"","format":"standard","meta":{"footnotes":""},"categories":[56],"tags":[],"class_list":{"0":"post-29590","1":"post","2":"type-post","3":"status-publish","4":"format-standard","5":"has-post-thumbnail","7":"category-locales"},"_links":{"self":[{"href":"https:\/\/radiobitacora.com.ar\/web\/wp-json\/wp\/v2\/posts\/29590","targetHints":{"allow":["GET"]}}],"collection":[{"href":"https:\/\/radiobitacora.com.ar\/web\/wp-json\/wp\/v2\/posts"}],"about":[{"href":"https:\/\/radiobitacora.com.ar\/web\/wp-json\/wp\/v2\/types\/post"}],"author":[{"embeddable":true,"href":"https:\/\/radiobitacora.com.ar\/web\/wp-json\/wp\/v2\/users\/2"}],"replies":[{"embeddable":true,"href":"https:\/\/radiobitacora.com.ar\/web\/wp-json\/wp\/v2\/comments?post=29590"}],"version-history":[{"count":0,"href":"https:\/\/radiobitacora.com.ar\/web\/wp-json\/wp\/v2\/posts\/29590\/revisions"}],"wp:featuredmedia":[{"embeddable":true,"href":"https:\/\/radiobitacora.com.ar\/web\/wp-json\/wp\/v2\/media\/29591"}],"wp:attachment":[{"href":"https:\/\/radiobitacora.com.ar\/web\/wp-json\/wp\/v2\/media?parent=29590"}],"wp:term":[{"taxonomy":"category","embeddable":true,"href":"https:\/\/radiobitacora.com.ar\/web\/wp-json\/wp\/v2\/categories?post=29590"},{"taxonomy":"post_tag","embeddable":true,"href":"https:\/\/radiobitacora.com.ar\/web\/wp-json\/wp\/v2\/tags?post=29590"}],"curies":[{"name":"wp","href":"https:\/\/api.w.org\/{rel}","templated":true}]}}