{"id":29612,"date":"2026-01-28T19:30:04","date_gmt":"2026-01-28T22:30:04","guid":{"rendered":"https:\/\/radiobitacora.com.ar\/web\/?p=29612"},"modified":"2026-01-28T19:30:17","modified_gmt":"2026-01-28T22:30:17","slug":"el-carnaval-un-producto-turistico-que-se-posiciona-en-la-region","status":"publish","type":"post","link":"https:\/\/radiobitacora.com.ar\/web\/2026\/01\/28\/el-carnaval-un-producto-turistico-que-se-posiciona-en-la-region\/","title":{"rendered":"EL CARNAVAL UN PRODUCTO TUR\u00cdSTICO QUE SE POSICIONA EN LA REGI\u00d3N"},"content":{"rendered":"<p style=\"font-weight: 400;\">CARNAVALES GOYANOS 2026<\/p>\n<p style=\"font-weight: 400;\">EL CARNAVAL UN PRODUCTO TUR\u00cdSTICO QUE SE POSICIONA EN LA REGI\u00d3N<\/p>\n<p style=\"font-weight: 400;\">El Subsecretario de Turismo de la Provincia de Corrientes Oscar Macias, entrevistado por el equipo de transmisi\u00f3n de los corsos oficiales, dej\u00f3 sus consideraciones sobre la puesta en escena de la primera luna carnavalera, destacando el apoyo del Ministerio de Turismo, adem\u00e1s de referirse al evento de los goyanos La Fiesta Nacional del Surub\u00ed.<\/p>\n<p style=\"font-weight: 400;\">\u201cEl Carnaval de Goya viene creciendo es un renacimiento con gran fuerza\u201d Se\u00f1al\u00f3 Oscar Macias.<\/p>\n<p style=\"font-weight: 400;\">UN RENACER DE LOS CARNAVALES<\/p>\n<p style=\"font-weight: 400;\">En el contacto con los periodistas el funcionario provincial, afirm\u00f3: \u201cEstamos impresionados por este crecimiento de los carnavales de nuestra ciudad, un renacer de esta fiesta de carnaval, con una muestra exponencial de cada comparsa, Oh Bah\u00eda debutante, una prolijidad, una buena bater\u00eda, Arami, Aymara creciendo cada a\u00f1o Poramba que viene con las ganas de deslumbrar, Ita Vera que busca su brillo, no podemos dejar de mencionar a la historia con Tropical.\u201d<\/p>\n<p style=\"font-weight: 400;\">PRODUCTO TUR\u00cdSTICO<\/p>\n<p style=\"font-weight: 400;\">El Subsecretario de Turismo, se\u00f1al\u00f3: \u201cPara el turismo es algo muy importante este crecimiento, porque ayuda a ofrecer este producto, con una visi\u00f3n estrat\u00e9gica para la inversi\u00f3n, evidenciada en la colocaci\u00f3n de m\u00e1s tribunas, la instalaci\u00f3n del reloj como ordenador del corso para regular el horario del espect\u00e1culo, soy Zingarelero, (en referencia a la comparsa Zingarella); esa \u00e9poca de grandes competencias, y en esa dimensi\u00f3n se pone esta edici\u00f3n en este espacio, con un carnaval imponente, trabajando desde la Municipalidad y los comparseros para llegar a este posicionamiento.\u201d<\/p>\n<p style=\"font-weight: 400;\">UN ESPACIO BIEN DISE\u00d1ADO<\/p>\n<p style=\"font-weight: 400;\">\u201cUn Cors\u00f3dromo organizado, bien distribuido con tribunas para todos los sectores sociales, -prosigui\u00f3 Macias- lo que nos ayuda a visualizar un excelente futuro en relaci\u00f3n a este producto, que mueve, dinamiza la econom\u00eda local, de all\u00ed el apoyo desde nuestro Ministerio de Turismo<\/p>\n<p style=\"font-weight: 400;\">FIESTA NACIONAL DEL SURUBI EN EL CORAZ\u00d3N DE LOS GOYANOS<\/p>\n<p style=\"font-weight: 400;\">Ante la consulta del m\u00e1ximo evento de la ciudad, el Subsecretario Oscar Macias, sostuvo: \u201cLa Fiesta Nacional del Surubi, tiene una parte de mi coraz\u00f3n, con \u201cBucky\u201d (Gonz\u00e1lez Vilas) en la presidencia de la COMUPE, una excelente persona, un gran amigo, ha sabido conformar un gran equipo para proyectar a\u00fan m\u00e1s nuestra presentaci\u00f3n al mundo, es un fen\u00f3meno para ser estudiado por la sociolog\u00eda este evento, porque est\u00e1 realizado desde el coraz\u00f3n de la gente, de los goyanos, junto a la Fiesta Nacional del Chamam\u00e9, los Carnavales, sin dudas la Fiesta del Surub\u00ed son los exponentes que nos abren las puertas al pa\u00eds, al mundo, nosotros desde Goya cuidamos, empujamos, podemos afirmar est\u00e1 impreso en cada goyano el Surub\u00ed.\u201d<\/p>\n<p style=\"font-weight: 400;\">Direcci\u00f3n de Prensa-Municipalidad de Goya<\/p>\n","protected":false},"excerpt":{"rendered":"<p>CARNAVALES GOYANOS 2026 EL CARNAVAL UN PRODUCTO TUR\u00cdSTICO QUE SE POSICIONA EN LA REGI\u00d3N El Subsecretario de Turismo de la Provincia de Corrientes Oscar Macias, entrevistado por el equipo de transmisi\u00f3n de los corsos oficiales, dej\u00f3 sus consideraciones sobre la puesta en escena de la primera luna carnavalera, destacando el apoyo del Ministerio de Turismo, [&hellip;]<\/p>\n","protected":false},"author":2,"featured_media":29613,"comment_status":"open","ping_status":"open","sticky":false,"template":"","format":"standard","meta":{"footnotes":""},"categories":[56],"tags":[],"class_list":{"0":"post-29612","1":"post","2":"type-post","3":"status-publish","4":"format-standard","5":"has-post-thumbnail","7":"category-locales"},"_links":{"self":[{"href":"https:\/\/radiobitacora.com.ar\/web\/wp-json\/wp\/v2\/posts\/29612","targetHints":{"allow":["GET"]}}],"collection":[{"href":"https:\/\/radiobitacora.com.ar\/web\/wp-json\/wp\/v2\/posts"}],"about":[{"href":"https:\/\/radiobitacora.com.ar\/web\/wp-json\/wp\/v2\/types\/post"}],"author":[{"embeddable":true,"href":"https:\/\/radiobitacora.com.ar\/web\/wp-json\/wp\/v2\/users\/2"}],"replies":[{"embeddable":true,"href":"https:\/\/radiobitacora.com.ar\/web\/wp-json\/wp\/v2\/comments?post=29612"}],"version-history":[{"count":0,"href":"https:\/\/radiobitacora.com.ar\/web\/wp-json\/wp\/v2\/posts\/29612\/revisions"}],"wp:featuredmedia":[{"embeddable":true,"href":"https:\/\/radiobitacora.com.ar\/web\/wp-json\/wp\/v2\/media\/29613"}],"wp:attachment":[{"href":"https:\/\/radiobitacora.com.ar\/web\/wp-json\/wp\/v2\/media?parent=29612"}],"wp:term":[{"taxonomy":"category","embeddable":true,"href":"https:\/\/radiobitacora.com.ar\/web\/wp-json\/wp\/v2\/categories?post=29612"},{"taxonomy":"post_tag","embeddable":true,"href":"https:\/\/radiobitacora.com.ar\/web\/wp-json\/wp\/v2\/tags?post=29612"}],"curies":[{"name":"wp","href":"https:\/\/api.w.org\/{rel}","templated":true}]}}