{"id":29619,"date":"2026-01-29T08:42:26","date_gmt":"2026-01-29T11:42:26","guid":{"rendered":"https:\/\/radiobitacora.com.ar\/web\/?p=29619"},"modified":"2026-01-29T08:42:26","modified_gmt":"2026-01-29T11:42:26","slug":"la-salud-un-elemento-garantizado-en-las-lunas-carnavaleras","status":"publish","type":"post","link":"https:\/\/radiobitacora.com.ar\/web\/2026\/01\/29\/la-salud-un-elemento-garantizado-en-las-lunas-carnavaleras\/","title":{"rendered":"LA SALUD UN ELEMENTO GARANTIZADO EN LAS LUNAS CARNAVALERAS"},"content":{"rendered":"<p style=\"font-weight: 400;\">CARNAVALES GOYANOS 2026<\/p>\n<p style=\"font-weight: 400;\">\n<p style=\"font-weight: 400;\">El Subsecretario de Salud de la Municipalidad Dr. Emilio Mart\u00ednez, abordado por el equipo de transmisi\u00f3n oficial de los corsos de la ciudad, dej\u00f3 sus impresiones evaluando como \u201cuna revalorizaci\u00f3n de los carnavales de Goya\u201d<\/p>\n<p style=\"font-weight: 400;\">\n<p style=\"font-weight: 400;\">REVALORIZACI\u00d3N DEL CARNAVAL<\/p>\n<p style=\"font-weight: 400;\">En el contacto con los periodistas el funcionario de APS Municipal sostuvo: \u201cEstamos disfrutando de la noche de carnaval, se viene cumpliendo el objetivo propuesto por el Intendente de revalorizar nuestros carnavales, con un excelente acompa\u00f1amiento del p\u00fablico, con un crecimiento en cada edici\u00f3n.\u201d<\/p>\n<p style=\"font-weight: 400;\">\n<p style=\"font-weight: 400;\">UN EQUIPO DE SALUD CAPACITADO PARA DAR RESPUESTAS<\/p>\n<p style=\"font-weight: 400;\">\n<p style=\"font-weight: 400;\">\u201cNosotros tenemos la atenci\u00f3n primaria de la salud como eje fundamental, -detall\u00f3 el Subsecretario de Salud Municipal- hemos conformado un gran equipo municipal de emergencia, capacitando al personal afectado en el \u00e1rea, donde estamos presentes, en distintos eventos como ser Fiesta del Surub\u00ed, Los Corsos goyanos, durante la semana en el Parque Acu\u00e1tico hemos crecido considerablemente llegando a la meta que nos se\u00f1ala el Intendente\u201d<\/p>\n<p style=\"font-weight: 400;\">\n<p style=\"font-weight: 400;\">SALUD P\u00daBLICA MUNICIPAL Y PROVINCIAL<\/p>\n<p style=\"font-weight: 400;\">El Dr. Mart\u00ednez afirm\u00f3: \u201cNosotros desplegamos un operativo log\u00edstico para brindar la atenci\u00f3n de la salud con personal del EMU, Ambulancia, sumando el apoyo del Hospital Regional, recomendamos el cuidado de los asistentes.\u201d<\/p>\n<p style=\"font-weight: 400;\">\n<p style=\"font-weight: 400;\">M\u00cdSTICA GOYANA DE CARNAVAL<\/p>\n<p style=\"font-weight: 400;\">\n<p style=\"font-weight: 400;\">El funcionario record\u00f3: \u201cLas comparsas muestran un gran crecimiento, con la instalaci\u00f3n de tribunas, una gran infraestructura, estoy compartiendo en familia esta fiesta popular, recuerdo las noches de corsos de la \u00e9poca de ni\u00f1o, en los circuitos de calle Col\u00f3n, Avenidas Caa Guaz\u00fa, Madariaga, estamos recuperando esa m\u00edstica goyana, faltan las \u201cmascaritas\u201d algo que fui en mi tiempo de ni\u00f1ez y juventud.\u201d<\/p>\n<p style=\"font-weight: 400;\">\n<p style=\"font-weight: 400;\">FIESTA FAMILIAR: DISFRUTAR, REIR HACE BIEN A LA SALUD<\/p>\n<p style=\"font-weight: 400;\">\n<p style=\"font-weight: 400;\">\u201cEs una fiesta para disfrutar, el re\u00edr es saludable para las personas, estamos planteando el desaf\u00edo para una pr\u00f3xima edici\u00f3n el hecho de sambar, -coment\u00f3 el titular de APS- ver como muchos sin prejuicios salen a bailar, nos hace pensar en la idea de participar, por ah\u00ed sorprendemos en una nueva edici\u00f3n.\u201d<\/p>\n<p style=\"font-weight: 400;\">\n<p style=\"font-weight: 400;\">\u201cEs un espacio p\u00fablico muy lindo con la presencia de muchas familias en el Cors\u00f3dromo de Costa Surubi.\u201d Volvi\u00f3 a remarcar el Subsecretario de Salud.<\/p>\n<p style=\"font-weight: 400;\">\n<p style=\"font-weight: 400;\">Direcci\u00f3n de Prensa-Municipalidad de Goya<\/p>\n","protected":false},"excerpt":{"rendered":"<p>CARNAVALES GOYANOS 2026 El Subsecretario de Salud de la Municipalidad Dr. Emilio Mart\u00ednez, abordado por el equipo de transmisi\u00f3n oficial de los corsos de la ciudad, dej\u00f3 sus impresiones evaluando como \u201cuna revalorizaci\u00f3n de los carnavales de Goya\u201d REVALORIZACI\u00d3N DEL CARNAVAL En el contacto con los periodistas el funcionario de APS Municipal sostuvo: \u201cEstamos disfrutando [&hellip;]<\/p>\n","protected":false},"author":2,"featured_media":29620,"comment_status":"open","ping_status":"open","sticky":false,"template":"","format":"standard","meta":{"footnotes":""},"categories":[56],"tags":[],"class_list":{"0":"post-29619","1":"post","2":"type-post","3":"status-publish","4":"format-standard","5":"has-post-thumbnail","7":"category-locales"},"_links":{"self":[{"href":"https:\/\/radiobitacora.com.ar\/web\/wp-json\/wp\/v2\/posts\/29619","targetHints":{"allow":["GET"]}}],"collection":[{"href":"https:\/\/radiobitacora.com.ar\/web\/wp-json\/wp\/v2\/posts"}],"about":[{"href":"https:\/\/radiobitacora.com.ar\/web\/wp-json\/wp\/v2\/types\/post"}],"author":[{"embeddable":true,"href":"https:\/\/radiobitacora.com.ar\/web\/wp-json\/wp\/v2\/users\/2"}],"replies":[{"embeddable":true,"href":"https:\/\/radiobitacora.com.ar\/web\/wp-json\/wp\/v2\/comments?post=29619"}],"version-history":[{"count":0,"href":"https:\/\/radiobitacora.com.ar\/web\/wp-json\/wp\/v2\/posts\/29619\/revisions"}],"wp:featuredmedia":[{"embeddable":true,"href":"https:\/\/radiobitacora.com.ar\/web\/wp-json\/wp\/v2\/media\/29620"}],"wp:attachment":[{"href":"https:\/\/radiobitacora.com.ar\/web\/wp-json\/wp\/v2\/media?parent=29619"}],"wp:term":[{"taxonomy":"category","embeddable":true,"href":"https:\/\/radiobitacora.com.ar\/web\/wp-json\/wp\/v2\/categories?post=29619"},{"taxonomy":"post_tag","embeddable":true,"href":"https:\/\/radiobitacora.com.ar\/web\/wp-json\/wp\/v2\/tags?post=29619"}],"curies":[{"name":"wp","href":"https:\/\/api.w.org\/{rel}","templated":true}]}}