{"id":29622,"date":"2026-01-29T08:49:38","date_gmt":"2026-01-29T11:49:38","guid":{"rendered":"https:\/\/radiobitacora.com.ar\/web\/?p=29622"},"modified":"2026-01-29T08:49:38","modified_gmt":"2026-01-29T11:49:38","slug":"adultos-mayores","status":"publish","type":"post","link":"https:\/\/radiobitacora.com.ar\/web\/2026\/01\/29\/adultos-mayores\/","title":{"rendered":"ADULTOS MAYORES"},"content":{"rendered":"<p style=\"font-weight: 400;\">Finalizaci\u00f3n actividades en la Escuela de Verano<\/p>\n<p style=\"font-weight: 400;\">\n<p style=\"font-weight: 400;\">Durante la jornada del mi\u00e9rcoles concluy\u00f3 una nueva edici\u00f3n del Programa de Escuela de Verano para Adultos Mayores, una experiencia llena de alegr\u00eda, compa\u00f1erismo y energ\u00eda positiva.<\/p>\n<p style=\"font-weight: 400;\">Esta propuesta se enmarca en la decisi\u00f3n del Intendente Mariano Hormaechea, de seguir potenciando el Parque Acu\u00e1tico Municipal abriendo las puertas a cada vecino como un espacio inclusivo, pensado para el disfrute, la recreaci\u00f3n y el bienestar de todos los vecinos<\/p>\n<p style=\"font-weight: 400;\">Desde la Direcci\u00f3n de Deportes, agradecen la confianza, la predisposici\u00f3n y las ganas de cada uno de los participantes que se sumaron a este proyecto con entusiasmo y sonrisas en cada jornada.<\/p>\n<p style=\"font-weight: 400;\">Gracias por ser parte y demostrar que el deporte, la recreaci\u00f3n y el encuentro no tienen edad, finalizan expresando desde el \u00e1rea de deportes de la Municipalidad de Goya<\/p>\n<p style=\"font-weight: 400;\">\n<p style=\"font-weight: 400;\">Direcci\u00f3n de Prensa-Municipalidad de Goya<\/p>\n","protected":false},"excerpt":{"rendered":"<p>Finalizaci\u00f3n actividades en la Escuela de Verano Durante la jornada del mi\u00e9rcoles concluy\u00f3 una nueva edici\u00f3n del Programa de Escuela de Verano para Adultos Mayores, una experiencia llena de alegr\u00eda, compa\u00f1erismo y energ\u00eda positiva. Esta propuesta se enmarca en la decisi\u00f3n del Intendente Mariano Hormaechea, de seguir potenciando el Parque Acu\u00e1tico Municipal abriendo las puertas [&hellip;]<\/p>\n","protected":false},"author":2,"featured_media":29623,"comment_status":"open","ping_status":"open","sticky":false,"template":"","format":"standard","meta":{"footnotes":""},"categories":[56],"tags":[],"class_list":{"0":"post-29622","1":"post","2":"type-post","3":"status-publish","4":"format-standard","5":"has-post-thumbnail","7":"category-locales"},"_links":{"self":[{"href":"https:\/\/radiobitacora.com.ar\/web\/wp-json\/wp\/v2\/posts\/29622","targetHints":{"allow":["GET"]}}],"collection":[{"href":"https:\/\/radiobitacora.com.ar\/web\/wp-json\/wp\/v2\/posts"}],"about":[{"href":"https:\/\/radiobitacora.com.ar\/web\/wp-json\/wp\/v2\/types\/post"}],"author":[{"embeddable":true,"href":"https:\/\/radiobitacora.com.ar\/web\/wp-json\/wp\/v2\/users\/2"}],"replies":[{"embeddable":true,"href":"https:\/\/radiobitacora.com.ar\/web\/wp-json\/wp\/v2\/comments?post=29622"}],"version-history":[{"count":0,"href":"https:\/\/radiobitacora.com.ar\/web\/wp-json\/wp\/v2\/posts\/29622\/revisions"}],"wp:featuredmedia":[{"embeddable":true,"href":"https:\/\/radiobitacora.com.ar\/web\/wp-json\/wp\/v2\/media\/29623"}],"wp:attachment":[{"href":"https:\/\/radiobitacora.com.ar\/web\/wp-json\/wp\/v2\/media?parent=29622"}],"wp:term":[{"taxonomy":"category","embeddable":true,"href":"https:\/\/radiobitacora.com.ar\/web\/wp-json\/wp\/v2\/categories?post=29622"},{"taxonomy":"post_tag","embeddable":true,"href":"https:\/\/radiobitacora.com.ar\/web\/wp-json\/wp\/v2\/tags?post=29622"}],"curies":[{"name":"wp","href":"https:\/\/api.w.org\/{rel}","templated":true}]}}