{"id":29632,"date":"2026-01-29T09:13:41","date_gmt":"2026-01-29T12:13:41","guid":{"rendered":"https:\/\/radiobitacora.com.ar\/web\/?p=29632"},"modified":"2026-01-29T09:14:01","modified_gmt":"2026-01-29T12:14:01","slug":"se-define-el-futuro-de-ruiz-en-independiente-la-oferta-que-llego-una-reunion-clave-y-la-estrategia-de-la-dirigencia","status":"publish","type":"post","link":"https:\/\/radiobitacora.com.ar\/web\/2026\/01\/29\/se-define-el-futuro-de-ruiz-en-independiente-la-oferta-que-llego-una-reunion-clave-y-la-estrategia-de-la-dirigencia\/","title":{"rendered":"SE DEFINE EL FUTURO DE RUIZ EN INDEPENDIENTE: LA OFERTA QUE LLEG\u00d3, UNA REUNI\u00d3N CLAVE Y LA ESTRATEGIA DE LA DIRIGENCIA"},"content":{"rendered":"<p>Los dirigentes del Rojo se reunir\u00e1n este jueves con el delantero para intentar destrabar el conflicto contractual que lo mantiene apartado del plantel profesional.<\/p>\n<p>El futuro de Javier Ruiz en Independiente entr\u00f3 en horas decisivas.\u00a0<b>El Rojo recibi\u00f3 una oferta de Necaxa para comprar el pase del jugador, quien hoy tendr\u00e1 una reuni\u00f3n con las autoridades del club para definir una situaci\u00f3n que se volvi\u00f3 sensible<\/b>\u00a0tanto en lo deportivo como en lo institucional.<\/p>\n<p><b>La idea del Rojo es buscar que el jugador recapacite<\/b>\u00a0y vuelva a ponerse a disposici\u00f3n del cuerpo t\u00e9cnico, pero tambi\u00e9n implicar\u00e1 un esfuerzo por parte del club.\u00a0<b>La intenci\u00f3n es revisar las condiciones contractuales y, en lo posible, avanzar en el pago de parte de la deuda que reclama el delantero<\/b>, punto central del cortocircuito que se arrastra desde el inicio de la pretemporada.<\/p>\n<p>En las \u00faltimas horas,\u00a0<b>el Rey de Copas recibi\u00f3 una oferta del conjunto mexicano de 1.5 millones de d\u00f3lares por la totalidad del pase<\/b>\u00a0del atacante. Seg\u00fan averigu\u00f3 TyC Sports,<b>\u00a0la dirigencia no est\u00e1 interesada en desprenderse del jugador por ese dinero<\/b>, incluso en el caso de que la transferencia se realice 100% en efectivo.<\/p>\n<p>La situaci\u00f3n entre Ruiz e Independiente se origin\u00f3 por una\u00a0<b>diferencia contractual<\/b>\u00a0que deriv\u00f3 en una medida de fuerza del atacante, que\u00a0<b>decidi\u00f3 ausentarse en los entrenamientos de pretemporada<\/b>. Esa postura gener\u00f3 una charla directa con Gustavo Quinteros y la posterior determinaci\u00f3n del DT de marginarlo de los trabajos principales.<\/p>\n<p><b>Desde entonces, el ex Barracas Central se mueve a la sombra de manera diferenciada con la Reserva, bajo las \u00f3rdenes de Carlos Matheu y Eduardo Tuzzio,<\/b>\u00a0mientras el club intenta encontrar una soluci\u00f3n que no termine perjudicando su patrimonio ni debilitando al plantel en plena competencia.<\/p>\n<p>Luego del triunfo 5-3 ante Everton de Vi\u00f1a del Mar por la Serie R\u00edo de la Plata, Quinteros se refiri\u00f3 p\u00fablicamente al caso en di\u00e1logo con TyC Sports y fue claro:\u00a0<b><i>\u201cTiene las puertas abiertas cuando tenga ganas y est\u00e9 motivado para ponerse la camiseta de Independiente\u201d<\/i><\/b>, remarc\u00f3 el entrenador, dejando en claro que la definici\u00f3n depende, en gran parte, de la voluntad del futbolista.<\/p>\n<div id=\"ad-slot-inline3\" class=\"ad-slot-inline ad-slot\" data-adtype=\"inline\" data-google-query-id=\"CPPQi5ncsJIDFcMIHgAdHuoaLg\">\n<div id=\"google_ads_iframe_\/125006397\/tyc\/nota\/inline3_0__container__\"><\/div>\n<\/div>\n<p>El DT tambi\u00e9n desliz\u00f3 que Ruiz pudo haber sido influenciado desde afuera:\u00a0<b><i>\u201cTal vez fue influenciado de manera negativa\u201d<\/i><\/b>, expres\u00f3, sin apuntar directamente a nadie. Sin embargo, tambi\u00e9n destac\u00f3 sus condiciones futbol\u00edsticas:\u00a0<b><i>\u201cTiene cosas que me gustan, no tiene temor de encarar, gambetea mucho y siempre quise tenerlo. Es capital del club y un gran jugador\u201d.<\/i><\/b><\/p>\n<p>Ruiz viene de un muy buen paso por Barracas Central, donde fue una de las principales cartas ofensivas del equipo, y\u00a0<b>en Independiente consideran que puede ser una alternativa importante para el semestre<\/b>. Por eso, la dirigencia busca recomponer el v\u00ednculo antes de tomar decisiones m\u00e1s dr\u00e1sticas.<\/p>\n<div id=\"ad-slot-inline4\" class=\"ad-slot-inline ad-slot\" data-adtype=\"inline\" data-google-query-id=\"CPTQi5ncsJIDFcMIHgAdHuoaLg\">\n<div id=\"google_ads_iframe_\/125006397\/tyc\/nota\/inline4_0__container__\"><\/div>\n<\/div>\n<p><b>Las pr\u00f3ximas horas ser\u00e1n determinantes<\/b>: o se alcanza un acuerdo y el delantero vuelve a entrenarse con el plantel profesional, o el conflicto se profundiza y el club deber\u00e1 empezar a evaluar una salida definitiva. Por ahora, Ruiz sigue apartado y a la espera de una charla que puede marcar un antes y un despu\u00e9s.<\/p>\n","protected":false},"excerpt":{"rendered":"<p>Los dirigentes del Rojo se reunir\u00e1n este jueves con el delantero para intentar destrabar el conflicto contractual que lo mantiene apartado del plantel profesional. El futuro de Javier Ruiz en Independiente entr\u00f3 en horas decisivas.\u00a0El Rojo recibi\u00f3 una oferta de Necaxa para comprar el pase del jugador, quien hoy tendr\u00e1 una reuni\u00f3n con las autoridades [&hellip;]<\/p>\n","protected":false},"author":2,"featured_media":29633,"comment_status":"open","ping_status":"open","sticky":false,"template":"","format":"standard","meta":{"footnotes":""},"categories":[78],"tags":[],"class_list":{"0":"post-29632","1":"post","2":"type-post","3":"status-publish","4":"format-standard","5":"has-post-thumbnail","7":"category-deportes"},"_links":{"self":[{"href":"https:\/\/radiobitacora.com.ar\/web\/wp-json\/wp\/v2\/posts\/29632","targetHints":{"allow":["GET"]}}],"collection":[{"href":"https:\/\/radiobitacora.com.ar\/web\/wp-json\/wp\/v2\/posts"}],"about":[{"href":"https:\/\/radiobitacora.com.ar\/web\/wp-json\/wp\/v2\/types\/post"}],"author":[{"embeddable":true,"href":"https:\/\/radiobitacora.com.ar\/web\/wp-json\/wp\/v2\/users\/2"}],"replies":[{"embeddable":true,"href":"https:\/\/radiobitacora.com.ar\/web\/wp-json\/wp\/v2\/comments?post=29632"}],"version-history":[{"count":0,"href":"https:\/\/radiobitacora.com.ar\/web\/wp-json\/wp\/v2\/posts\/29632\/revisions"}],"wp:featuredmedia":[{"embeddable":true,"href":"https:\/\/radiobitacora.com.ar\/web\/wp-json\/wp\/v2\/media\/29633"}],"wp:attachment":[{"href":"https:\/\/radiobitacora.com.ar\/web\/wp-json\/wp\/v2\/media?parent=29632"}],"wp:term":[{"taxonomy":"category","embeddable":true,"href":"https:\/\/radiobitacora.com.ar\/web\/wp-json\/wp\/v2\/categories?post=29632"},{"taxonomy":"post_tag","embeddable":true,"href":"https:\/\/radiobitacora.com.ar\/web\/wp-json\/wp\/v2\/tags?post=29632"}],"curies":[{"name":"wp","href":"https:\/\/api.w.org\/{rel}","templated":true}]}}