{"id":29638,"date":"2026-01-29T19:26:11","date_gmt":"2026-01-29T22:26:11","guid":{"rendered":"https:\/\/radiobitacora.com.ar\/web\/?p=29638"},"modified":"2026-01-29T19:26:11","modified_gmt":"2026-01-29T22:26:11","slug":"diez-noches-que-reafirmaron-la-identidad-correntina-balance-positivo-de-la-35a-fiesta-nacional-del-chamame","status":"publish","type":"post","link":"https:\/\/radiobitacora.com.ar\/web\/2026\/01\/29\/diez-noches-que-reafirmaron-la-identidad-correntina-balance-positivo-de-la-35a-fiesta-nacional-del-chamame\/","title":{"rendered":"DIEZ NOCHES QUE REAFIRMARON LA IDENTIDAD CORRENTINA: BALANCE POSITIVO DE LA 35\u00aa FIESTA NACIONAL DEL CHAMAM\u00c9"},"content":{"rendered":"<p style=\"font-weight: 400;\">Lourdes S\u00e1nchez<\/p>\n<p style=\"font-weight: 400;\">La 35\u00aa Fiesta Nacional del Chamam\u00e9, 21\u00aa del Mercosur y 5\u00aa Celebraci\u00f3n Mundial, lleg\u00f3 a su fin el domingo por la noche con un balance ampliamente positivo, tanto en lo art\u00edstico como en la convocatoria, la organizaci\u00f3n y su proyecci\u00f3n cultural. Durante diez noches consecutivas, el Anfiteatro Mario del Tr\u00e1nsito Cocomarola fue el epicentro de una celebraci\u00f3n hist\u00f3rica que volvi\u00f3 a confirmar la vigencia del chamam\u00e9 como expresi\u00f3n identitaria, capaz de dialogar con el presente sin perder sus ra\u00edces.<\/p>\n<p style=\"font-weight: 400;\">En di\u00e1logo telef\u00f3nico con Radio Ciudad 88.3, la presidenta del Instituto de Cultura de Corrientes, Lourdes S\u00e1nchez, comparti\u00f3 su mirada sobre una edici\u00f3n atravesada por la emoci\u00f3n, la diversidad generacional y una fuerte impronta de apertura cultural. Una fiesta que, si bien tuvo como epicentro la capital provincial, se vivi\u00f3 como propia en cada rinc\u00f3n de Corrientes.<\/p>\n<p style=\"font-weight: 400;\">Desde Goya, la satisfacci\u00f3n fue doble: en cada noche hubo presencia de artistas goyanos, m\u00fasicos y grupos locales que compartieron escenario con figuras consagradas, reflejando una de las marcas distintivas de esta edici\u00f3n: la convivencia entre trayectoria y nuevos valores, muchos de ellos debutando en el escenario Osvaldo Sosa Cordero.<\/p>\n<p style=\"font-weight: 400;\">Al hacer su balance, S\u00e1nchez fue clara al destacar a los verdaderos protagonistas de la fiesta: \u201cFueron muchos los protagonistas. Yo siempre voy a poner al p\u00fablico en primer lugar que nos acompa\u00f1\u00f3 estas 10 noches, un p\u00fablico donde pudimos ver a diferentes generaciones reunidas disfrutando de la fiesta\u201d.<\/p>\n<p style=\"font-weight: 400;\">En ese sentido, subray\u00f3 tambi\u00e9n la respuesta masiva a la programaci\u00f3n art\u00edstica: \u201cOtro protagonista fue sin dudas tambi\u00e9n la grilla, una grilla que la gente acept\u00f3 de inmediato donde vimos d\u00edas donde tuvimos que poner entradas agotadas\u201d.<\/p>\n<p style=\"font-weight: 400;\">Para la presidenta del Instituto de Cultura, ese acompa\u00f1amiento fue el reflejo de una propuesta equilibrada: \u201cEso habla de una buena aceptaci\u00f3n por esta grilla equilibrada entre los nuevos talentos que siempre tienen que tener esa oportunidad de subirse al \u2018Sosa Cordero\u2019 a mostrarse, es una vidriera muy importante la Fiesta Nacional del Chamam\u00e9\u201d.<\/p>\n<p style=\"font-weight: 400;\">Lourdes S\u00e1nchez remarc\u00f3 adem\u00e1s la convivencia con artistas consagrados y figuras de otros g\u00e9neros musicales: \u201cTambi\u00e9n los artistas consagrados que siempre el p\u00fablico espera ver y artistas ya m\u00e1s de nivel internacional, nacional, que son de otros g\u00e9neros, pero que tambi\u00e9n el p\u00fablico los acept\u00f3 muy bien\u201d.<\/p>\n<p style=\"font-weight: 400;\">Desde su experiencia personal, relat\u00f3 escenas que la marcaron profundamente: \u201cYo lo pude ver ah\u00ed siempre todas las noches estaba en primera fila y cada vez que me daba vuelta y miraba el p\u00fablico c\u00f3mo lo estaba disfrutando, era emocionante y bailaban carnavalito juje\u00f1o, chacarera, samba, m\u00e1s all\u00e1 de, por supuesto, nuestra m\u00fasica\u201d.<\/p>\n<p style=\"font-weight: 400;\">Consultada sobre la apertura cultural y las pol\u00e9micas generadas, S\u00e1nchez fue contundente: \u201cEso no hay dudas, si bien se generaron pol\u00e9micas que para m\u00ed las pol\u00e9micas forman parte de este tipo de eventos tan multitudinarios donde hay muchos puntos de vista, formas de vivir esta fiesta y est\u00e1 bien que sucedan las pol\u00e9micas\u201d.<\/p>\n<p style=\"font-weight: 400;\">Lejos de verlas como algo negativo, destac\u00f3 su impacto: \u201cNo lo veo mal, al contrario, siempre lo voy a ver bien porque es marketing, visualizaciones, est\u00e1 buen\u00edsimo que pasen las pol\u00e9micas y tambi\u00e9n est\u00e1 bueno que nuestra fiesta se abra m\u00e1s al mundo\u201d.<\/p>\n<p style=\"font-weight: 400;\">En esa l\u00ednea, plante\u00f3 la necesidad de tender puentes con otros festivales del pa\u00eds: \u201cY para eso tenemos que tender puentes con otros festivales, volver a qu\u00e9 Corrientes vuelva a tener presencia en Jes\u00fas Mar\u00eda que hace 25 a\u00f1os no lleva una delegaci\u00f3n de Corrientes\u201d.<\/p>\n<p style=\"font-weight: 400;\">Sobre la incorporaci\u00f3n de artistas de otros g\u00e9neros, explic\u00f3: \u201cInvitar a otros artistas, que esos artistas van a traer otro p\u00fablico que quiz\u00e1s nunca en su vida escucharon chamam\u00e9 y por ir a verlos a la Fiesta del Chamam\u00e9 dicen, \u2018Ah, mira qu\u00e9 bueno que est\u00e1 el chamam\u00e9. Pero mira esta fiesta, mira c\u00f3mo bailan estos locos, \u00bfqu\u00e9 les pasa?\u201d Para m\u00ed es genial poder abrirnos y no tomar como una falta de respeto, sino todo lo contrario\u201d.<\/p>\n<p style=\"font-weight: 400;\">Y agreg\u00f3: \u201cForma parte de nuestra cultura, una chacarera, es parte de la cultura de la Argentina. Creo que de a poquito eso est\u00e1 cambiando y adem\u00e1s con el respeto que vinieron todos los artistas de otros g\u00e9neros musicales\u201d.<\/p>\n<p style=\"font-weight: 400;\">Incluso relat\u00f3 la sorpresa de muchos de ellos: \u201cMe hablaban desde un lado hasta con un poco de miedo y todos se animaron y vivieron una experiencia maravillosa porque todos fueron muy felices\u201d.<\/p>\n<p style=\"font-weight: 400;\">\u201cAdem\u00e1s para cualquier artista subirse al escenario y ver esa cantidad de gente ya es como cumplida la misi\u00f3n\u201d, subray\u00f3 Lourdes S\u00e1nchez.<\/p>\n<p style=\"font-weight: 400;\">M\u00e1s all\u00e1 del debate, S\u00e1nchez proyect\u00f3 el desaf\u00edo hacia adelante: \u201cS\u00ed, es algo que hay que trabajar todo el a\u00f1o, que no tampoco quede la fiesta solamente en el mes de enero\u201d.<\/p>\n<p style=\"font-weight: 400;\">\u201cTodo el a\u00f1o tenemos que trabajar nuestro chamam\u00e9 en diferentes actividades\u201d, asever\u00f3.<\/p>\n<p style=\"font-weight: 400;\">\u201cQue los artistas tengan otras oportunidades tambi\u00e9n de presentaciones, de presencia en otros eventos, fiestas\u201d.<\/p>\n<p style=\"font-weight: 400;\">\u201cEs por lo menos nuestra tarea ac\u00e1 desde el Instituto de Cultura seguir generando trabajo y oportunidades para los artistas\u201d.<\/p>\n<p style=\"font-weight: 400;\">Uno de los momentos m\u00e1s innovadores fue la incorporaci\u00f3n de tecnolog\u00eda y el anuncio del lema 2025: \u201cEse lema lo trabajamos mientras estaba sucediendo la fiesta\u201d. \u201cAh\u00ed me traen un mont\u00f3n de opciones y elegimos esto de la \u2018Antorcha de una Herencia\u2019 que me parece un lema muy fuerte\u201d.<\/p>\n<p style=\"font-weight: 400;\">S\u00e1nchez explic\u00f3 su significado: \u201cEs un poquito lo que se vivi\u00f3 en esta fiesta, que la llama sigue encendida\u201d.<\/p>\n<p style=\"font-weight: 400;\">\u201cEsa llama que nos fue pasando los diferentes pr\u00f3ceres del chamam\u00e9 y que lo vivimos en esta fiesta con todas las generaciones presentes bailando, cantando, orgullosos de sus ra\u00edces\u201d.<\/p>\n<p style=\"font-weight: 400;\">Sobre la presentaci\u00f3n art\u00edstica, destac\u00f3: \u201cLo pudimos hacer adem\u00e1s de este video de presentaci\u00f3n con IA, un trabajo espectacular que hizo Miguel Cabrera\u201d. \u201cTambi\u00e9n con algo art\u00edstico, con los bailarines en escena, fuegos artificiales\u201d. \u201cCreo que nunca se hab\u00eda presentado un lema de esa manera\u201d.<\/p>\n<p style=\"font-weight: 400;\">El cierre fue, para S\u00e1nchez, una sucesi\u00f3n de emociones: \u201cTotalmente, lo que vivimos en el cierre fue una emoci\u00f3n tras otra\u201d.<\/p>\n<p style=\"font-weight: 400;\">\u201cLa presencia de Teresa Parodi que yo en lo personal y creo que todos los correntinos por c\u00f3mo la ovacionaron admiramos y se nos infla el pecho cada vez que decimos es correntina, es nuestra\u201d, a\u00f1adi\u00f3 la presidente del instituto de Cultura de Corrientes.<\/p>\n<p style=\"font-weight: 400;\">Sobre el homenaje a Mario Bofill, revel\u00f3: \u201cDespu\u00e9s lo que pas\u00f3 con Mario Bofill que si bien, muy poquito sab\u00edamos, lo mantuvimos con total hermetismo, para la gente fue una sorpresa\u201d.<\/p>\n<p style=\"font-weight: 400;\">\u201cLos estaba escuchando cantar todas las canciones de Mario y dec\u00eda: \u2018Ese p\u00fablico no sabe que Mario est\u00e1 ac\u00e1 al costado y que en un ratito va a salir a encontrarse con todos ellos\u2019\u201d.<\/p>\n<p style=\"font-weight: 400;\">\u201cYo estaba como una nena muy emocionada\u201d.<\/p>\n<p style=\"font-weight: 400;\">En lo personal, confes\u00f3: \u201cA m\u00ed Mario me marc\u00f3 mucho mi infancia con una canci\u00f3n y se lo pude decir en persona, entonces fue s\u00faper emocionante\u201d.<\/p>\n<p style=\"font-weight: 400;\">\u201cDespu\u00e9s el cierre con Los Alonsitos, el Chaque\u00f1o, el gobernador Juan Pablo Vald\u00e9s recitando en el escenario, el nuevo lema\u201d. \u201cLa verdad que fue una explosi\u00f3n de emociones el domingo\u201d.<\/p>\n<p style=\"font-weight: 400;\">Finalmente, se refiri\u00f3 al trabajo integral desde el Instituto de Cultura: \u201cS\u00ed, desde que asum\u00ed me junt\u00e9 con muchos intendentes, secretarios de Cultura, directores\u201d.<\/p>\n<p style=\"font-weight: 400;\">\u201cEn este momento estamos en una reuni\u00f3n para ver toda la agenda del Teatro Vera\u201d.<\/p>\n<p style=\"font-weight: 400;\">\u201cQue ya empieza ahora en febrero con algunas funciones\u201d.<\/p>\n<p style=\"font-weight: 400;\">\u201cAs\u00ed que tenemos un mont\u00f3n de cosas por delante y trabajando muy duro por nuestra cultura y con mucho placer por sobre todo\u201d.<\/p>\n<p style=\"font-weight: 400;\">PARTICIPACI\u00d3N EN LOS CARNAVALES CORRENTINOS<\/p>\n<p style=\"font-weight: 400;\">Sobre su participaci\u00f3n como bailarina en los carnavales correntinos, aclar\u00f3: \u201cEl martes ya arrancaron los carnavales barriales\u201d. \u201cYo voy a ir como espectadora a disfrutar de esa fiesta que me apasiona, pero no voy a bailar, solamente a mirar\u201d. \u201cAs\u00ed que ah\u00ed los esperamos a todos\u201d, finaliz\u00f3 Lourdes S\u00e1nchez .<\/p>\n<p style=\"font-weight: 400;\">\n<p style=\"font-weight: 400;\">\n<p style=\"font-weight: 400;\">\n<p style=\"font-weight: 400;\">\n<p style=\"font-weight: 400;\">\n<p style=\"font-weight: 400;\">Direcci\u00f3n de Prensa \u2013 Municipalidad de Goya.<\/p>\n","protected":false},"excerpt":{"rendered":"<p>Lourdes S\u00e1nchez La 35\u00aa Fiesta Nacional del Chamam\u00e9, 21\u00aa del Mercosur y 5\u00aa Celebraci\u00f3n Mundial, lleg\u00f3 a su fin el domingo por la noche con un balance ampliamente positivo, tanto en lo art\u00edstico como en la convocatoria, la organizaci\u00f3n y su proyecci\u00f3n cultural. Durante diez noches consecutivas, el Anfiteatro Mario del Tr\u00e1nsito Cocomarola fue el [&hellip;]<\/p>\n","protected":false},"author":2,"featured_media":29639,"comment_status":"open","ping_status":"open","sticky":false,"template":"","format":"standard","meta":{"footnotes":""},"categories":[80],"tags":[],"class_list":{"0":"post-29638","1":"post","2":"type-post","3":"status-publish","4":"format-standard","5":"has-post-thumbnail","7":"category-internacionales"},"_links":{"self":[{"href":"https:\/\/radiobitacora.com.ar\/web\/wp-json\/wp\/v2\/posts\/29638","targetHints":{"allow":["GET"]}}],"collection":[{"href":"https:\/\/radiobitacora.com.ar\/web\/wp-json\/wp\/v2\/posts"}],"about":[{"href":"https:\/\/radiobitacora.com.ar\/web\/wp-json\/wp\/v2\/types\/post"}],"author":[{"embeddable":true,"href":"https:\/\/radiobitacora.com.ar\/web\/wp-json\/wp\/v2\/users\/2"}],"replies":[{"embeddable":true,"href":"https:\/\/radiobitacora.com.ar\/web\/wp-json\/wp\/v2\/comments?post=29638"}],"version-history":[{"count":0,"href":"https:\/\/radiobitacora.com.ar\/web\/wp-json\/wp\/v2\/posts\/29638\/revisions"}],"wp:featuredmedia":[{"embeddable":true,"href":"https:\/\/radiobitacora.com.ar\/web\/wp-json\/wp\/v2\/media\/29639"}],"wp:attachment":[{"href":"https:\/\/radiobitacora.com.ar\/web\/wp-json\/wp\/v2\/media?parent=29638"}],"wp:term":[{"taxonomy":"category","embeddable":true,"href":"https:\/\/radiobitacora.com.ar\/web\/wp-json\/wp\/v2\/categories?post=29638"},{"taxonomy":"post_tag","embeddable":true,"href":"https:\/\/radiobitacora.com.ar\/web\/wp-json\/wp\/v2\/tags?post=29638"}],"curies":[{"name":"wp","href":"https:\/\/api.w.org\/{rel}","templated":true}]}}