{"id":29648,"date":"2026-01-29T19:46:25","date_gmt":"2026-01-29T22:46:25","guid":{"rendered":"https:\/\/radiobitacora.com.ar\/web\/?p=29648"},"modified":"2026-01-29T19:46:25","modified_gmt":"2026-01-29T22:46:25","slug":"martinez-no-lo-grito-y-estallo-la-polemica-insolito-gol-anulado-a-defensa-y-justicia","status":"publish","type":"post","link":"https:\/\/radiobitacora.com.ar\/web\/2026\/01\/29\/martinez-no-lo-grito-y-estallo-la-polemica-insolito-gol-anulado-a-defensa-y-justicia\/","title":{"rendered":"MART\u00cdNEZ NO LO GRIT\u00d3 Y ESTALL\u00d3 LA POL\u00c9MICA: INS\u00d3LITO GOL ANULADO A DEFENSA Y JUSTICIA"},"content":{"rendered":"<p>El ex-River aument\u00f3 la diferencia en favor del Halc\u00f3n pero no celebr\u00f3 al marcar con la mano, la cual no observ\u00f3 el refer\u00ed y dio lugar a varios minutos de incertidumbre en la cnacha del Malevo.<\/p>\n<div class=\"col6 author\">La controversia y la incertidumbre se adue\u00f1\u00f3 del encuentro entre Riestra y Defensa y Justicia por el\u00a0<b>pol\u00e9mico gol de H\u00e9ctor David Mart\u00ednez<\/b>, que estir\u00f3 la diferencia en favor del Halc\u00f3n con su mano y gener\u00f3 gran pol\u00e9mica en el estadio Guillermo Laza.<\/div>\n<div><\/div>\n<div>\n<p>Ya con el marcador 1-0 en favor del equipo de Mariano Soso es que<b>\u00a0el ex-River conect\u00f3 con la pelota para aumentar la ventaja, aunque al no gritar el gol y el inmediato reclamo de todos en el Malevo encontr\u00f3 desprevenidos a los \u00e1rbitros, que no sab\u00edan qu\u00e9 hab\u00eda pasado<\/b>. Lo cierto es que<b>\u00a0el esf\u00e9rico ingres\u00f3 al arco al impactar en el brazo derecho de Mart\u00ednez<\/b>, aunque la extra\u00f1a situaci\u00f3n tard\u00f3 en resolverse debido a las dudas en la terna arbitral sobre lo que hacer.<\/p>\n<p>Tras un breve interludio,\u00a0<b>Mastr\u00e1ngelo decret\u00f3 el 2-0, dado que no hab\u00eda offside y t\u00e9cnicamente \u00e9l no ten\u00eda motivos para invalidar el gol\u00a0<\/b>aunque de inmediato\u00a0<b>realiz\u00f3 la se\u00f1al para revisar la acci\u00f3n en la cabina del VAR, donde logr\u00f3 divisar la mano y anul\u00f3 el tanto<\/b>\u00a0del marcador central.<\/p>\n<p><i><b>&#8220;Se observa una mano del jugador n\u00famero 23 de Defensa y Justicia&#8221;<\/b><\/i>, fue la explicaci\u00f3n de Mastr\u00e1ngelo antes de confirmar a todos los presentes que el tanto era invalidado y se reanudaba el juego con una tiro libre en favor del due\u00f1o de casa.<\/p>\n<p>&nbsp;<\/p>\n<\/div>\n","protected":false},"excerpt":{"rendered":"<p>El ex-River aument\u00f3 la diferencia en favor del Halc\u00f3n pero no celebr\u00f3 al marcar con la mano, la cual no observ\u00f3 el refer\u00ed y dio lugar a varios minutos de incertidumbre en la cnacha del Malevo. La controversia y la incertidumbre se adue\u00f1\u00f3 del encuentro entre Riestra y Defensa y Justicia por el\u00a0pol\u00e9mico gol de [&hellip;]<\/p>\n","protected":false},"author":2,"featured_media":29649,"comment_status":"open","ping_status":"open","sticky":false,"template":"","format":"standard","meta":{"footnotes":""},"categories":[56],"tags":[],"class_list":{"0":"post-29648","1":"post","2":"type-post","3":"status-publish","4":"format-standard","5":"has-post-thumbnail","7":"category-locales"},"_links":{"self":[{"href":"https:\/\/radiobitacora.com.ar\/web\/wp-json\/wp\/v2\/posts\/29648","targetHints":{"allow":["GET"]}}],"collection":[{"href":"https:\/\/radiobitacora.com.ar\/web\/wp-json\/wp\/v2\/posts"}],"about":[{"href":"https:\/\/radiobitacora.com.ar\/web\/wp-json\/wp\/v2\/types\/post"}],"author":[{"embeddable":true,"href":"https:\/\/radiobitacora.com.ar\/web\/wp-json\/wp\/v2\/users\/2"}],"replies":[{"embeddable":true,"href":"https:\/\/radiobitacora.com.ar\/web\/wp-json\/wp\/v2\/comments?post=29648"}],"version-history":[{"count":0,"href":"https:\/\/radiobitacora.com.ar\/web\/wp-json\/wp\/v2\/posts\/29648\/revisions"}],"wp:featuredmedia":[{"embeddable":true,"href":"https:\/\/radiobitacora.com.ar\/web\/wp-json\/wp\/v2\/media\/29649"}],"wp:attachment":[{"href":"https:\/\/radiobitacora.com.ar\/web\/wp-json\/wp\/v2\/media?parent=29648"}],"wp:term":[{"taxonomy":"category","embeddable":true,"href":"https:\/\/radiobitacora.com.ar\/web\/wp-json\/wp\/v2\/categories?post=29648"},{"taxonomy":"post_tag","embeddable":true,"href":"https:\/\/radiobitacora.com.ar\/web\/wp-json\/wp\/v2\/tags?post=29648"}],"curies":[{"name":"wp","href":"https:\/\/api.w.org\/{rel}","templated":true}]}}