{"id":29656,"date":"2026-01-29T20:06:41","date_gmt":"2026-01-29T23:06:41","guid":{"rendered":"https:\/\/radiobitacora.com.ar\/web\/?p=29656"},"modified":"2026-01-29T20:06:41","modified_gmt":"2026-01-29T23:06:41","slug":"se-confirmo-la-venta-de-cetre","status":"publish","type":"post","link":"https:\/\/radiobitacora.com.ar\/web\/2026\/01\/29\/se-confirmo-la-venta-de-cetre\/","title":{"rendered":"\u00a1SE CONFIRM\u00d3 LA VENTA DE CETR\u00c9!"},"content":{"rendered":"<p>El delantero colombiano pasar\u00e1 al f\u00fatbol brasile\u00f1o a cambio de seis millones de d\u00f3lares que el Pincha deber\u00e1 dividir en partes iguales con Independiente Medell\u00edn. El s\u00e1bado viajar\u00e1 para hacerse la revisi\u00f3n m\u00e9dica y firmar un contrato por cuatro a\u00f1os.<\/p>\n<p>Estudiantes lleg\u00f3 a un acuerdo con Athletico Paranaense para concretar<b>\u00a0la venta definitiva de Edwuin Cetr\u00e9<\/b>. El delantero colombiano ser\u00e1 transferido a cambio de<b>\u00a0seis millones de d\u00f3lares\u00a0<\/b>a repartir con Independiente Medell\u00edn y firmar\u00e1 un contrato por cuatro a\u00f1os con el conjunto brasile\u00f1o.<\/p>\n<p>El futbolista, que este mi\u00e9rcoles\u00a0<b>no jug\u00f3 frente a Boca\u00a0<\/b>justamente por lo avanzada que estaba la negociaci\u00f3n, viajar\u00e1 el s\u00e1bado para hacerse la revisi\u00f3n m\u00e9dica y rubrica el v\u00ednculo. De esta manera, el Pincha se asegur\u00f3 un importante ingreso para sus arcas en la b\u00fasqueda de equilibrar las finanzas.<\/p>\n<p>La llegada de Cetr\u00e9 a Estudiantes se hab\u00eda dado en enero de 2024 con la adquisici\u00f3n a Independiente Medell\u00edn del 50 por ciento del pase en\u00a0<b>2.500.000 d\u00f3lares<\/b>. Esta semana tambi\u00e9n se oficializ\u00f3 la transferencia de Santiago Ascacibar a Boca a cambio de casi cuatro millones de d\u00f3lares.<\/p>\n","protected":false},"excerpt":{"rendered":"<p>El delantero colombiano pasar\u00e1 al f\u00fatbol brasile\u00f1o a cambio de seis millones de d\u00f3lares que el Pincha deber\u00e1 dividir en partes iguales con Independiente Medell\u00edn. El s\u00e1bado viajar\u00e1 para hacerse la revisi\u00f3n m\u00e9dica y firmar un contrato por cuatro a\u00f1os. Estudiantes lleg\u00f3 a un acuerdo con Athletico Paranaense para concretar\u00a0la venta definitiva de Edwuin Cetr\u00e9. [&hellip;]<\/p>\n","protected":false},"author":2,"featured_media":29657,"comment_status":"open","ping_status":"open","sticky":false,"template":"","format":"standard","meta":{"footnotes":""},"categories":[78],"tags":[],"class_list":{"0":"post-29656","1":"post","2":"type-post","3":"status-publish","4":"format-standard","5":"has-post-thumbnail","7":"category-deportes"},"_links":{"self":[{"href":"https:\/\/radiobitacora.com.ar\/web\/wp-json\/wp\/v2\/posts\/29656","targetHints":{"allow":["GET"]}}],"collection":[{"href":"https:\/\/radiobitacora.com.ar\/web\/wp-json\/wp\/v2\/posts"}],"about":[{"href":"https:\/\/radiobitacora.com.ar\/web\/wp-json\/wp\/v2\/types\/post"}],"author":[{"embeddable":true,"href":"https:\/\/radiobitacora.com.ar\/web\/wp-json\/wp\/v2\/users\/2"}],"replies":[{"embeddable":true,"href":"https:\/\/radiobitacora.com.ar\/web\/wp-json\/wp\/v2\/comments?post=29656"}],"version-history":[{"count":0,"href":"https:\/\/radiobitacora.com.ar\/web\/wp-json\/wp\/v2\/posts\/29656\/revisions"}],"wp:featuredmedia":[{"embeddable":true,"href":"https:\/\/radiobitacora.com.ar\/web\/wp-json\/wp\/v2\/media\/29657"}],"wp:attachment":[{"href":"https:\/\/radiobitacora.com.ar\/web\/wp-json\/wp\/v2\/media?parent=29656"}],"wp:term":[{"taxonomy":"category","embeddable":true,"href":"https:\/\/radiobitacora.com.ar\/web\/wp-json\/wp\/v2\/categories?post=29656"},{"taxonomy":"post_tag","embeddable":true,"href":"https:\/\/radiobitacora.com.ar\/web\/wp-json\/wp\/v2\/tags?post=29656"}],"curies":[{"name":"wp","href":"https:\/\/api.w.org\/{rel}","templated":true}]}}