{"id":29659,"date":"2026-01-29T20:14:09","date_gmt":"2026-01-29T23:14:09","guid":{"rendered":"https:\/\/radiobitacora.com.ar\/web\/?p=29659"},"modified":"2026-01-29T20:14:09","modified_gmt":"2026-01-29T23:14:09","slug":"sorpresa-en-independiente-ofrecieron-al-hijo-de-un-exgoleador-de-river","status":"publish","type":"post","link":"https:\/\/radiobitacora.com.ar\/web\/2026\/01\/29\/sorpresa-en-independiente-ofrecieron-al-hijo-de-un-exgoleador-de-river\/","title":{"rendered":"\u00a1SORPRESA EN INDEPENDIENTE! OFRECIERON AL HIJO DE UN EXGOLEADOR DE RIVER"},"content":{"rendered":"<p>Tom\u00e1s \u00c1ngel, descendiente de Juan Pablo \u00c1ngel, fue ofrecido al Rojo. El delantero de 22 a\u00f1os naci\u00f3 en Inglaterra, jug\u00f3 en la Sub 20 de Colombia y su actual equipo es el San Diego FC de la MLS.<\/p>\n<p><b>Independiente<\/b>, que est\u00e1 cerca de<a href=\"https:\/\/www.tycsports.com\/independiente\/javier-ruiz-independiente-futuro-define-reunion-clave-estartegia-dirigencia--id710150.html\" target=\"_blank\" rel=\"noopener\">\u00a0concretar la venta de Javier Ruiz al Necaxa de M\u00e9xico,<\/a>\u00a0puede tener otra sorpresa tras el cierre del mercado de pases:<b>\u00a0ofrecieron a Tom\u00e1s \u00c1ngel<\/b>, hijo de Juan Pablo \u00c1ngel, emblem\u00e1tico exgoleador de River.<\/p>\n<p>La dirigencia del Rojo ten\u00eda la postura de no incorporar a nadie m\u00e1s si no hab\u00eda ninguna nueva venta. La inminente transferencia del mediocampista al club mexicano abre una posibilidad. Y,\u00a0<b>en ese contexto, entre diferentes ofrecimientos, acercaron el nombre del joven delantero.<\/b><\/p>\n<p><b>Tom\u00e1s \u00c1ngel tiene 22 a\u00f1os y naci\u00f3 en Birmingham, Inglaterra, cuando su padre defend\u00eda la camiseta del Aston Villa.<\/b>\u00a0El atacante hizo inferiores en Atl\u00e9tico Nacional: all\u00ed debut\u00f3 en Primera y luego salt\u00f3 al f\u00fatbol de Estados Unidos, donde jug\u00f3 en Los \u00c1ngeles FC (en el USL Championship) y San Diego FC. A su vez,<b>\u00a0integr\u00f3 la Selecci\u00f3n Sub 20 de Colombia (jug\u00f3 el Mundial Sub 20 de 2023 en Argentina).<\/b><\/p>\n<p>En la \u00faltima temporada,\u00a0<b>el hijo de Juan Pablo \u00c1ngel no tuvo rodaje desde agosto de 2025. En total, en el a\u00f1o jug\u00f3 22 partidos: anot\u00f3 tres goles y dio dos asistencias.<\/b><\/p>\n<p>Ahora, en el inici\u00f3 de este 2026, a<b>\u00a0trav\u00e9s de una gesti\u00f3n del agente de Santiago Arias (nuevo refuerzo del Rojo), acercaron su nombre a Independiente. Gustavo Quinteros quer\u00eda un centrodelantero.<\/b>\u00a0\u00bfSe concretar\u00e1?<\/p>\n","protected":false},"excerpt":{"rendered":"<p>Tom\u00e1s \u00c1ngel, descendiente de Juan Pablo \u00c1ngel, fue ofrecido al Rojo. El delantero de 22 a\u00f1os naci\u00f3 en Inglaterra, jug\u00f3 en la Sub 20 de Colombia y su actual equipo es el San Diego FC de la MLS. Independiente, que est\u00e1 cerca de\u00a0concretar la venta de Javier Ruiz al Necaxa de M\u00e9xico,\u00a0puede tener otra sorpresa [&hellip;]<\/p>\n","protected":false},"author":2,"featured_media":29660,"comment_status":"open","ping_status":"open","sticky":false,"template":"","format":"standard","meta":{"footnotes":""},"categories":[78],"tags":[],"class_list":{"0":"post-29659","1":"post","2":"type-post","3":"status-publish","4":"format-standard","5":"has-post-thumbnail","7":"category-deportes"},"_links":{"self":[{"href":"https:\/\/radiobitacora.com.ar\/web\/wp-json\/wp\/v2\/posts\/29659","targetHints":{"allow":["GET"]}}],"collection":[{"href":"https:\/\/radiobitacora.com.ar\/web\/wp-json\/wp\/v2\/posts"}],"about":[{"href":"https:\/\/radiobitacora.com.ar\/web\/wp-json\/wp\/v2\/types\/post"}],"author":[{"embeddable":true,"href":"https:\/\/radiobitacora.com.ar\/web\/wp-json\/wp\/v2\/users\/2"}],"replies":[{"embeddable":true,"href":"https:\/\/radiobitacora.com.ar\/web\/wp-json\/wp\/v2\/comments?post=29659"}],"version-history":[{"count":0,"href":"https:\/\/radiobitacora.com.ar\/web\/wp-json\/wp\/v2\/posts\/29659\/revisions"}],"wp:featuredmedia":[{"embeddable":true,"href":"https:\/\/radiobitacora.com.ar\/web\/wp-json\/wp\/v2\/media\/29660"}],"wp:attachment":[{"href":"https:\/\/radiobitacora.com.ar\/web\/wp-json\/wp\/v2\/media?parent=29659"}],"wp:term":[{"taxonomy":"category","embeddable":true,"href":"https:\/\/radiobitacora.com.ar\/web\/wp-json\/wp\/v2\/categories?post=29659"},{"taxonomy":"post_tag","embeddable":true,"href":"https:\/\/radiobitacora.com.ar\/web\/wp-json\/wp\/v2\/tags?post=29659"}],"curies":[{"name":"wp","href":"https:\/\/api.w.org\/{rel}","templated":true}]}}