{"id":29662,"date":"2026-01-29T20:34:53","date_gmt":"2026-01-29T23:34:53","guid":{"rendered":"https:\/\/radiobitacora.com.ar\/web\/?p=29662"},"modified":"2026-01-29T21:01:19","modified_gmt":"2026-01-30T00:01:19","slug":"perugorria-vive-un-verano-a-pleno-entre-naturaleza-turismo-y-carnaval","status":"publish","type":"post","link":"https:\/\/radiobitacora.com.ar\/web\/2026\/01\/29\/perugorria-vive-un-verano-a-pleno-entre-naturaleza-turismo-y-carnaval\/","title":{"rendered":"PERUGORR\u00cdA VIVE UN VERANO A PLENO ENTRE NATURALEZA, TURISMO Y CARNAVAL"},"content":{"rendered":"<p data-start=\"76\" data-end=\"340\">El verano se vive con intensidad en la localidad correntina de <strong data-start=\"139\" data-end=\"153\">Perugorr\u00eda<\/strong>, donde el <strong data-start=\"164\" data-end=\"200\">Balneario Municipal Mar\u00eda Grande<\/strong> y el inicio de los <strong data-start=\"220\" data-end=\"253\">Carnavales Perugorrianos 2026<\/strong> se consolidan como los principales atractivos tur\u00edsticos y culturales de la temporada.<\/p>\n<p data-start=\"342\" data-end=\"866\">Ubicado a orillas del r\u00edo, el Balneario Municipal Mar\u00eda Grande volvi\u00f3 a convertirse en punto de encuentro para vecinos y visitantes. Durante las \u00faltimas semanas, la Municipalidad de Perugorr\u00eda impuls\u00f3 diversas <strong data-start=\"552\" data-end=\"603\">actividades recreativas, culturales y musicales<\/strong>, con espacios renovados y propuestas pensadas para el disfrute familiar, fortaleciendo as\u00ed el turismo local y regional. M\u00fasica en vivo, presencia de DJs, jornadas de playa y deportes n\u00e1uticos forman parte de una agenda que busca potenciar el verano perugorriano.<\/p>\n<p data-start=\"868\" data-end=\"1225\">En este contexto de fuerte movimiento tur\u00edstico, el s\u00e1bado pasado comenzaron oficialmente los <strong data-start=\"962\" data-end=\"995\">Carnavales Perugorrianos 2026<\/strong>, una de las fiestas m\u00e1s esperadas por la comunidad. La apertura marc\u00f3 el inicio de <strong data-start=\"1079\" data-end=\"1104\">tres noches de corsos<\/strong>, donde el color, la m\u00fasica y la alegr\u00eda volvieron a adue\u00f1arse de las calles, con una importante concurrencia de p\u00fablico.<\/p>\n<p data-start=\"1227\" data-end=\"1548\">Las comparsas <strong data-start=\"1241\" data-end=\"1253\">It\u00e1 Ber\u00e1<\/strong> y <strong data-start=\"1256\" data-end=\"1267\">Renacer<\/strong> son las grandes protagonistas de esta edici\u00f3n, llevando al corso todo el trabajo realizado durante meses de preparaci\u00f3n. Con trajes vistosos, ritmo contagioso y coreograf\u00edas cuidadas, ambas agrupaciones reflejan el crecimiento y la pasi\u00f3n carnavalera que caracteriza a Perugorr\u00eda.<\/p>\n<p data-start=\"1550\" data-end=\"1854\">Desde el Municipio destacaron que tanto el balneario como el carnaval forman parte de una <strong data-start=\"1640\" data-end=\"1704\">pol\u00edtica de fortalecimiento del turismo y la identidad local<\/strong>, apostando a eventos que generen movimiento econ\u00f3mico, promuevan el encuentro social y posicionen a la ciudad como un destino atractivo en la regi\u00f3n.<\/p>\n<p data-start=\"1550\" data-end=\"1854\"><img loading=\"lazy\" decoding=\"async\" class=\"wp-image-29664 alignleft\" src=\"https:\/\/radiobitacora.com.ar\/web\/wp-content\/uploads\/2026\/01\/WhatsApp-Image-2026-01-29-at-7.16.43-PM.jpeg\" alt=\"\" width=\"256\" height=\"144\" srcset=\"https:\/\/radiobitacora.com.ar\/web\/wp-content\/uploads\/2026\/01\/WhatsApp-Image-2026-01-29-at-7.16.43-PM.jpeg 1600w, https:\/\/radiobitacora.com.ar\/web\/wp-content\/uploads\/2026\/01\/WhatsApp-Image-2026-01-29-at-7.16.43-PM-747x420.jpeg 747w, https:\/\/radiobitacora.com.ar\/web\/wp-content\/uploads\/2026\/01\/WhatsApp-Image-2026-01-29-at-7.16.43-PM-696x392.jpeg 696w, https:\/\/radiobitacora.com.ar\/web\/wp-content\/uploads\/2026\/01\/WhatsApp-Image-2026-01-29-at-7.16.43-PM-1068x601.jpeg 1068w\" sizes=\"auto, (max-width: 256px) 100vw, 256px\" \/><\/p>\n<p data-start=\"1856\" data-end=\"2104\">De esta manera, Perugorr\u00eda transita un verano con identidad, tradici\u00f3n y proyecci\u00f3n, combinando el disfrute de la naturaleza con la fiesta popular, y reafirmando el valor de sus expresiones culturales como motor de desarrollo y orgullo comunitario.<\/p>\n","protected":false},"excerpt":{"rendered":"<p>El verano se vive con intensidad en la localidad correntina de Perugorr\u00eda, donde el Balneario Municipal Mar\u00eda Grande y el inicio de los Carnavales Perugorrianos 2026 se consolidan como los principales atractivos tur\u00edsticos y culturales de la temporada. Ubicado a orillas del r\u00edo, el Balneario Municipal Mar\u00eda Grande volvi\u00f3 a convertirse en punto de encuentro [&hellip;]<\/p>\n","protected":false},"author":2,"featured_media":29666,"comment_status":"open","ping_status":"open","sticky":false,"template":"","format":"standard","meta":{"footnotes":""},"categories":[72],"tags":[],"class_list":{"0":"post-29662","1":"post","2":"type-post","3":"status-publish","4":"format-standard","5":"has-post-thumbnail","7":"category-provinciales"},"_links":{"self":[{"href":"https:\/\/radiobitacora.com.ar\/web\/wp-json\/wp\/v2\/posts\/29662","targetHints":{"allow":["GET"]}}],"collection":[{"href":"https:\/\/radiobitacora.com.ar\/web\/wp-json\/wp\/v2\/posts"}],"about":[{"href":"https:\/\/radiobitacora.com.ar\/web\/wp-json\/wp\/v2\/types\/post"}],"author":[{"embeddable":true,"href":"https:\/\/radiobitacora.com.ar\/web\/wp-json\/wp\/v2\/users\/2"}],"replies":[{"embeddable":true,"href":"https:\/\/radiobitacora.com.ar\/web\/wp-json\/wp\/v2\/comments?post=29662"}],"version-history":[{"count":0,"href":"https:\/\/radiobitacora.com.ar\/web\/wp-json\/wp\/v2\/posts\/29662\/revisions"}],"wp:featuredmedia":[{"embeddable":true,"href":"https:\/\/radiobitacora.com.ar\/web\/wp-json\/wp\/v2\/media\/29666"}],"wp:attachment":[{"href":"https:\/\/radiobitacora.com.ar\/web\/wp-json\/wp\/v2\/media?parent=29662"}],"wp:term":[{"taxonomy":"category","embeddable":true,"href":"https:\/\/radiobitacora.com.ar\/web\/wp-json\/wp\/v2\/categories?post=29662"},{"taxonomy":"post_tag","embeddable":true,"href":"https:\/\/radiobitacora.com.ar\/web\/wp-json\/wp\/v2\/tags?post=29662"}],"curies":[{"name":"wp","href":"https:\/\/api.w.org\/{rel}","templated":true}]}}