{"id":29679,"date":"2026-01-30T09:59:52","date_gmt":"2026-01-30T12:59:52","guid":{"rendered":"https:\/\/radiobitacora.com.ar\/web\/?p=29679"},"modified":"2026-01-30T09:59:52","modified_gmt":"2026-01-30T12:59:52","slug":"emprendedora-con-un-compromiso-social","status":"publish","type":"post","link":"https:\/\/radiobitacora.com.ar\/web\/2026\/01\/30\/emprendedora-con-un-compromiso-social\/","title":{"rendered":"EMPRENDEDORA CON UN COMPROMISO SOCIAL"},"content":{"rendered":"<p style=\"font-weight: 400;\">\n<p style=\"font-weight: 400;\">LALUEN SIN TACC, UNA EMPRESA FAMILIAR DEDICADA A COMIDA PARA CELIACOS<\/p>\n<p style=\"font-weight: 400;\">\n<p style=\"font-weight: 400;\">Con el af\u00e1n de acompa\u00f1ar y visibilizar al sector emprendedor, esta semana presentamos<\/p>\n<p style=\"font-weight: 400;\">a Laluen Sintacc, una empresa familiar que desde hace 7 a\u00f1os hace productos caseros libres de gluten. Est\u00e1n en Goya y ya empezaron a vender productos en la capital correntina. El esfuerzo y la dedicaci\u00f3n puestos en el trabajo han dado sus frutos.<\/p>\n<p style=\"font-weight: 400;\">\n<p style=\"font-weight: 400;\">Bel\u00e9n Gim\u00e9nez Carre\u00f1o es cordobesa; desde hace 7 a\u00f1os que est\u00e1 residiendo en nuestra ciudad. En La Docta ya se dedicaba a elaborar comidas sin TACC y se capacit\u00f3 en entender la enfermedad y los procesos de elaboraci\u00f3n como contaminaci\u00f3n cruzada y manejo de cocina en general.<\/p>\n<p style=\"font-weight: 400;\">\n<p style=\"font-weight: 400;\">Cocina junto con Gonzalo que es su marido y Chef de profesi\u00f3n. Cuando arribaron a Goya vislumbraron que no hab\u00eda muchas opciones para los cel\u00edacos, as\u00ed que decidi\u00f3 emprender con el rubro.<\/p>\n<p style=\"font-weight: 400;\">\n<p style=\"font-weight: 400;\">Bel\u00e9n reconoci\u00f3 que contin\u00faa capacit\u00e1ndose y hay mucho de autodidacta en sus m\u00e9todos que la llevaron a tener una buena cartera de clientes muy conformes con el servicio que brinda en nuestra ciudad.<\/p>\n<p style=\"font-weight: 400;\">\n<p style=\"font-weight: 400;\">Se dedica no solo a la venta de viandas sino tambi\u00e9n realiza combos para fiesta y cumplea\u00f1os.<\/p>\n<p style=\"font-weight: 400;\">\n<p style=\"font-weight: 400;\">PRODUCTOS CASEROS<\/p>\n<p style=\"font-weight: 400;\">\u201cTodos los productos que elaboramos son caseros, no llevan ni conservantes ni aditivos, as\u00ed que tambi\u00e9n por eso yo trabajo mucho a pedido y no con productos frisados\u201d explic\u00f3.<\/p>\n<p style=\"font-weight: 400;\">\n<p style=\"font-weight: 400;\">\u00a0Tienen en stock una amplia gama de productos cuidadosamente seleccionados para garantizar sabor y calidad a los clientes, logrando llevar sabores reales a la mesa de los goyanos.<\/p>\n<p style=\"font-weight: 400;\">\n<p style=\"font-weight: 400;\">En pastas frescas se puede encontrar sorrentinos y ravioles, productos estrella de la marca. Adem\u00e1s, la gente pide capellettis y canelones, tartas, pre pizzas, pizzetas.<\/p>\n<p style=\"font-weight: 400;\">\n<p style=\"font-weight: 400;\">\u00a0\u201cEn postres hay una l\u00ednea individual para comer con cuchara como tiramis\u00fa, cheesecake y choco tortas. Para la mesa dulce hay tartas dulces variadas como de coco y dulce de leche, de frutas, torta rogel\u201d.<\/p>\n<p style=\"font-weight: 400;\">\n<p style=\"font-weight: 400;\">\u00a0Cabe se\u00f1alar que en Goya venden productos de la marca: La Chacra, QF Fiambrer\u00eda y desde esta semana se ampl\u00eda la venta a la capital correntina con sus productos caseros.<\/p>\n<p style=\"font-weight: 400;\">\n<p style=\"font-weight: 400;\">La emprendedora cerr\u00f3 agradeciendo por la lealtad y confianza de sus clientes y el apoyo que han brindado a lo largo de los a\u00f1os.<\/p>\n<p style=\"font-weight: 400;\">\n<p style=\"font-weight: 400;\">\u201cNos enorgullece saber que nuestros clientes conf\u00edan en nosotros y valoran el trabajo que realizamos\u201d finaliz\u00f3.<\/p>\n<p style=\"font-weight: 400;\">\n<p style=\"font-weight: 400;\">\u00a0INFORMACI\u00d3N DE CONTACTO<\/p>\n<p style=\"font-weight: 400;\">\n<p style=\"font-weight: 400;\">Facebook:\u00a0 Laluen. Sintacc; Instagram: @LALUEN.SINTACC; Cel: 3777 81-2089; Entre R\u00edos 654.<\/p>\n<p style=\"font-weight: 400;\">\n<p style=\"font-weight: 400;\">Direcci\u00f3n de Prensa-Municipalidad de Goya<\/p>\n","protected":false},"excerpt":{"rendered":"<p>LALUEN SIN TACC, UNA EMPRESA FAMILIAR DEDICADA A COMIDA PARA CELIACOS Con el af\u00e1n de acompa\u00f1ar y visibilizar al sector emprendedor, esta semana presentamos a Laluen Sintacc, una empresa familiar que desde hace 7 a\u00f1os hace productos caseros libres de gluten. Est\u00e1n en Goya y ya empezaron a vender productos en la capital correntina. El [&hellip;]<\/p>\n","protected":false},"author":2,"featured_media":29680,"comment_status":"open","ping_status":"open","sticky":false,"template":"","format":"standard","meta":{"footnotes":""},"categories":[56],"tags":[],"class_list":{"0":"post-29679","1":"post","2":"type-post","3":"status-publish","4":"format-standard","5":"has-post-thumbnail","7":"category-locales"},"_links":{"self":[{"href":"https:\/\/radiobitacora.com.ar\/web\/wp-json\/wp\/v2\/posts\/29679","targetHints":{"allow":["GET"]}}],"collection":[{"href":"https:\/\/radiobitacora.com.ar\/web\/wp-json\/wp\/v2\/posts"}],"about":[{"href":"https:\/\/radiobitacora.com.ar\/web\/wp-json\/wp\/v2\/types\/post"}],"author":[{"embeddable":true,"href":"https:\/\/radiobitacora.com.ar\/web\/wp-json\/wp\/v2\/users\/2"}],"replies":[{"embeddable":true,"href":"https:\/\/radiobitacora.com.ar\/web\/wp-json\/wp\/v2\/comments?post=29679"}],"version-history":[{"count":0,"href":"https:\/\/radiobitacora.com.ar\/web\/wp-json\/wp\/v2\/posts\/29679\/revisions"}],"wp:featuredmedia":[{"embeddable":true,"href":"https:\/\/radiobitacora.com.ar\/web\/wp-json\/wp\/v2\/media\/29680"}],"wp:attachment":[{"href":"https:\/\/radiobitacora.com.ar\/web\/wp-json\/wp\/v2\/media?parent=29679"}],"wp:term":[{"taxonomy":"category","embeddable":true,"href":"https:\/\/radiobitacora.com.ar\/web\/wp-json\/wp\/v2\/categories?post=29679"},{"taxonomy":"post_tag","embeddable":true,"href":"https:\/\/radiobitacora.com.ar\/web\/wp-json\/wp\/v2\/tags?post=29679"}],"curies":[{"name":"wp","href":"https:\/\/api.w.org\/{rel}","templated":true}]}}