{"id":29685,"date":"2026-01-30T10:16:57","date_gmt":"2026-01-30T13:16:57","guid":{"rendered":"https:\/\/radiobitacora.com.ar\/web\/?p=29685"},"modified":"2026-01-30T10:17:29","modified_gmt":"2026-01-30T13:17:29","slug":"el-ave-fenix-del-carnaval-la-comparsa-sol-renace-en-sus-50-anos-de-historia","status":"publish","type":"post","link":"https:\/\/radiobitacora.com.ar\/web\/2026\/01\/30\/el-ave-fenix-del-carnaval-la-comparsa-sol-renace-en-sus-50-anos-de-historia\/","title":{"rendered":"EL AVE F\u00c9NIX DEL CARNAVAL: LA COMPARSA SOL RENACE EN SUS 50 A\u00d1OS DE HISTORIA"},"content":{"rendered":"<p style=\"font-weight: 400;\">En el marco de los Carnavales Goyanos 2026, el bailar\u00edn Sergio Bartlett comparti\u00f3 sus sensaciones tras desfilar con la comparsa Tropical, resaltando el crecimiento de la Comparsa Sol, el respaldo del p\u00fablico y la apuesta organizativa que impulsa un nuevo tiempo para la fiesta carnestolenda de Goya.<\/p>\n<p style=\"font-weight: 400;\">EL CORAZ\u00d3N PORAMBACERO BRILLA EN LA COMPARSA SOL<\/p>\n<p style=\"font-weight: 400;\">En el contacto con el equipo de transmisi\u00f3n oficial de los carnavales goyanos, el bailar\u00edn, resalt\u00f3: \u201cEstamos contentos este a\u00f1o, alentamos al carnaval, mi coraz\u00f3n est\u00e1 en Poramb\u00e1 all\u00ed inici\u00e9 mis pasos comparseros, uno es agradecido con la cultura que nos identifica, por eso es mi gratitud para con la Orqu\u00eddea, donde uno naci\u00f3, ahora estamos en un lugar que viene creciendo, nos acoplamos bien en el carnaval goyano con Tropical en sus 50 a\u00f1os, dejamos todo en el Cors\u00f3dromo.\u201d<\/p>\n<p style=\"font-weight: 400;\">EL AVE F\u00c9NIX<\/p>\n<p style=\"font-weight: 400;\">Sergio Bartlett consider\u00f3: \u201cEntiendo que la comparsa sol es como el Ave F\u00e9nix, resurge de las cenizas, faltaba este impulso para levantarla, agradecemos a la gente por el apoyo, estoy sorprendido, felicito a Sebasti\u00e1n Candia, por esta apuesta, instalaci\u00f3n de las estructuras, las tribunas, el \u201cboliche Brahma\u201d, estamos como en las grandes ciudades carnavaleras, colocaci\u00f3n del reloj, prometemos dar un mejor show el a\u00f1o que viene, se necesita tan solo ponerse las pilas para hacer crecer el carnaval y lograr ser el mejor de la provincia.\u201d<\/p>\n<p style=\"font-weight: 400;\">Direcci\u00f3n de Prensa \u2013 Municipalidad de Goya.<\/p>\n","protected":false},"excerpt":{"rendered":"<p>En el marco de los Carnavales Goyanos 2026, el bailar\u00edn Sergio Bartlett comparti\u00f3 sus sensaciones tras desfilar con la comparsa Tropical, resaltando el crecimiento de la Comparsa Sol, el respaldo del p\u00fablico y la apuesta organizativa que impulsa un nuevo tiempo para la fiesta carnestolenda de Goya. EL CORAZ\u00d3N PORAMBACERO BRILLA EN LA COMPARSA SOL [&hellip;]<\/p>\n","protected":false},"author":2,"featured_media":29686,"comment_status":"open","ping_status":"open","sticky":false,"template":"","format":"standard","meta":{"footnotes":""},"categories":[56],"tags":[],"class_list":{"0":"post-29685","1":"post","2":"type-post","3":"status-publish","4":"format-standard","5":"has-post-thumbnail","7":"category-locales"},"_links":{"self":[{"href":"https:\/\/radiobitacora.com.ar\/web\/wp-json\/wp\/v2\/posts\/29685","targetHints":{"allow":["GET"]}}],"collection":[{"href":"https:\/\/radiobitacora.com.ar\/web\/wp-json\/wp\/v2\/posts"}],"about":[{"href":"https:\/\/radiobitacora.com.ar\/web\/wp-json\/wp\/v2\/types\/post"}],"author":[{"embeddable":true,"href":"https:\/\/radiobitacora.com.ar\/web\/wp-json\/wp\/v2\/users\/2"}],"replies":[{"embeddable":true,"href":"https:\/\/radiobitacora.com.ar\/web\/wp-json\/wp\/v2\/comments?post=29685"}],"version-history":[{"count":0,"href":"https:\/\/radiobitacora.com.ar\/web\/wp-json\/wp\/v2\/posts\/29685\/revisions"}],"wp:featuredmedia":[{"embeddable":true,"href":"https:\/\/radiobitacora.com.ar\/web\/wp-json\/wp\/v2\/media\/29686"}],"wp:attachment":[{"href":"https:\/\/radiobitacora.com.ar\/web\/wp-json\/wp\/v2\/media?parent=29685"}],"wp:term":[{"taxonomy":"category","embeddable":true,"href":"https:\/\/radiobitacora.com.ar\/web\/wp-json\/wp\/v2\/categories?post=29685"},{"taxonomy":"post_tag","embeddable":true,"href":"https:\/\/radiobitacora.com.ar\/web\/wp-json\/wp\/v2\/tags?post=29685"}],"curies":[{"name":"wp","href":"https:\/\/api.w.org\/{rel}","templated":true}]}}