{"id":29689,"date":"2026-01-30T10:19:51","date_gmt":"2026-01-30T13:19:51","guid":{"rendered":"https:\/\/radiobitacora.com.ar\/web\/?p=29689"},"modified":"2026-01-30T10:21:37","modified_gmt":"2026-01-30T13:21:37","slug":"parque-acuatico-goya-atractivo-ideal-para-el-fin-de-semana","status":"publish","type":"post","link":"https:\/\/radiobitacora.com.ar\/web\/2026\/01\/30\/parque-acuatico-goya-atractivo-ideal-para-el-fin-de-semana\/","title":{"rendered":"PARQUE ACU\u00c1TICO GOYA, ATRACTIVO IDEAL PARA EL FIN DE SEMANA"},"content":{"rendered":"<p style=\"font-weight: 400;\">Con el term\u00f3metro marcando jornadas de intenso calor, el Parque Acu\u00e1tico Goya se consolida como una de las propuestas m\u00e1s elegidas por goyanos y visitantes para refrescarse y disfrutar del verano en un entorno natural privilegiado. Ubicado a la vera del r\u00edo Santa Luc\u00eda, el complejo ofrece juegos acu\u00e1ticos, pileta y servicios pensados para compartir en familia o con amigos.<\/p>\n<p style=\"font-weight: 400;\">La invitaci\u00f3n est\u00e1 abierta para los d\u00edas viernes, s\u00e1bado y domingo, en el horario de 14 a 20 horas, con la pileta habilitada desde las 14. Desde temprano, la demanda es alta y el movimiento constante: risas, chapuzones y momentos de descanso bajo la sombra forman parte del paisaje cotidiano del parque, que se ha convertido en una opci\u00f3n infaltable para combatir las altas temperaturas.<\/p>\n<p style=\"font-weight: 400;\">El espacio fue dise\u00f1ado especialmente para el disfrute familiar, combinando diversi\u00f3n y comodidad. Los juegos acu\u00e1ticos son, sin dudas, el gran atractivo, y se complementan con sectores para descansar y disfrutar del aire libre, en contacto directo con la naturaleza.<\/p>\n<p style=\"font-weight: 400;\">En cuanto a las tarifas 2026, el Parque Acu\u00e1tico mantiene valores accesibles:<\/p>\n<ul>\n<li style=\"font-weight: 400;\">Ni\u00f1os y jubilados: $1.500<\/li>\n<li style=\"font-weight: 400;\">Entrada general: $2.500<\/li>\n<li style=\"font-weight: 400;\">Combo familiar (4 entradas): $8.000<\/li>\n<li style=\"font-weight: 400;\">Sombrilla: $2.500<\/li>\n<li style=\"font-weight: 400;\">Silleta: $2.500<\/li>\n<\/ul>\n<p style=\"font-weight: 400;\">Adem\u00e1s, se destaca el enfoque inclusivo del complejo: las personas con discapacidad no abonan ingreso, al igual que un acompa\u00f1ante, presentando carnet de discapacidad o informe m\u00e9dico que lo acredite.<\/p>\n<p style=\"font-weight: 400;\">El Parque Acu\u00e1tico Goya vuelve as\u00ed a captar el inter\u00e9s de la comunidad y de quienes visitan la ciudad, posicion\u00e1ndose como un lugar ideal para aliviar el rigor del calor, disfrutar de sus instalaciones y vivir el verano a pleno. Una propuesta que combina recreaci\u00f3n, naturaleza y accesibilidad, y que invita a pasar tardes inolvidables en el coraz\u00f3n del verano goyano.<\/p>\n<p style=\"font-weight: 400;\">\n","protected":false},"excerpt":{"rendered":"<p>Con el term\u00f3metro marcando jornadas de intenso calor, el Parque Acu\u00e1tico Goya se consolida como una de las propuestas m\u00e1s elegidas por goyanos y visitantes para refrescarse y disfrutar del verano en un entorno natural privilegiado. Ubicado a la vera del r\u00edo Santa Luc\u00eda, el complejo ofrece juegos acu\u00e1ticos, pileta y servicios pensados para compartir [&hellip;]<\/p>\n","protected":false},"author":2,"featured_media":29690,"comment_status":"open","ping_status":"open","sticky":false,"template":"","format":"standard","meta":{"footnotes":""},"categories":[56],"tags":[],"class_list":{"0":"post-29689","1":"post","2":"type-post","3":"status-publish","4":"format-standard","5":"has-post-thumbnail","7":"category-locales"},"_links":{"self":[{"href":"https:\/\/radiobitacora.com.ar\/web\/wp-json\/wp\/v2\/posts\/29689","targetHints":{"allow":["GET"]}}],"collection":[{"href":"https:\/\/radiobitacora.com.ar\/web\/wp-json\/wp\/v2\/posts"}],"about":[{"href":"https:\/\/radiobitacora.com.ar\/web\/wp-json\/wp\/v2\/types\/post"}],"author":[{"embeddable":true,"href":"https:\/\/radiobitacora.com.ar\/web\/wp-json\/wp\/v2\/users\/2"}],"replies":[{"embeddable":true,"href":"https:\/\/radiobitacora.com.ar\/web\/wp-json\/wp\/v2\/comments?post=29689"}],"version-history":[{"count":0,"href":"https:\/\/radiobitacora.com.ar\/web\/wp-json\/wp\/v2\/posts\/29689\/revisions"}],"wp:featuredmedia":[{"embeddable":true,"href":"https:\/\/radiobitacora.com.ar\/web\/wp-json\/wp\/v2\/media\/29690"}],"wp:attachment":[{"href":"https:\/\/radiobitacora.com.ar\/web\/wp-json\/wp\/v2\/media?parent=29689"}],"wp:term":[{"taxonomy":"category","embeddable":true,"href":"https:\/\/radiobitacora.com.ar\/web\/wp-json\/wp\/v2\/categories?post=29689"},{"taxonomy":"post_tag","embeddable":true,"href":"https:\/\/radiobitacora.com.ar\/web\/wp-json\/wp\/v2\/tags?post=29689"}],"curies":[{"name":"wp","href":"https:\/\/api.w.org\/{rel}","templated":true}]}}