{"id":29696,"date":"2026-01-30T10:36:32","date_gmt":"2026-01-30T13:36:32","guid":{"rendered":"https:\/\/radiobitacora.com.ar\/web\/?p=29696"},"modified":"2026-01-30T10:36:32","modified_gmt":"2026-01-30T13:36:32","slug":"relax-el-lote-de-al-lado-es-mio-el-descargo-de-wanda-nara-tras-un-supuesto-escandalo-con-sus-vecinos","status":"publish","type":"post","link":"https:\/\/radiobitacora.com.ar\/web\/2026\/01\/30\/relax-el-lote-de-al-lado-es-mio-el-descargo-de-wanda-nara-tras-un-supuesto-escandalo-con-sus-vecinos\/","title":{"rendered":"\u201cRELAX, EL LOTE DE AL LADO ES M\u00cdO\u201d: EL DESCARGO DE WANDA NARA TRAS UN SUPUESTO ESC\u00c1NDALO CON SUS VECINOS"},"content":{"rendered":"<p class=\"paragraph font__body-regular\">En los \u00faltimos d\u00edas,\u00a0<a title=\"https:\/\/tn.com.ar\/show\/famosos\/2026\/01\/28\/escandalo-con-wanda-nara-en-el-barrio-el-yacht-se-filtro-un-mail-que-la-deja-mal-parada\/\" href=\"https:\/\/tn.com.ar\/show\/famosos\/2026\/01\/28\/escandalo-con-wanda-nara-en-el-barrio-el-yacht-se-filtro-un-mail-que-la-deja-mal-parada\/\" target=\"_self\" rel=\"\"><b>los vecinos de El Yatch habr\u00edan denunciado a Wanda Nara<\/b><\/a>\u00a0porque uno de sus hijos se habr\u00eda quedado con dos paletas de p\u00e1del que les prestaron desde la intendencia del barrio privado. Adem\u00e1s, se conoci\u00f3 que muchos\u00a0<b>no estar\u00edan contentos con su perfil y que un vecino se habr\u00eda negado a venderle el lote de al lado de su casa<\/b><\/p>\n<p class=\"paragraph font__body-regular\">Tras el esc\u00e1ndalo, la conductora apareci\u00f3 en las redes sociales con un contundente descargo.<\/p>\n<p>\u201c<b>Chicos, relax. Soy mi propia vecina. El lote de al lado es m\u00edo<\/b>\u00a0y es obvio que no me voy a autodenunciar. Estoy de mudanza y\u00a0<b>no tengo ninguna multa<\/b>\u201d, comenz\u00f3 escribiendo en su cuenta de X.<\/p>\n<p class=\"paragraph font__body-regular\">Luego, critic\u00f3 a Santiago Sposato, quien fue el periodista que dio la noticia sobre el supuesto robo de las paletas: \u201c<b>Es feo lo que hacen porque pueden hacer perder el trabajo de la gente del barrio<\/b>\u201d.<\/p>\n<p class=\"paragraph font__body-regular\">Por \u00faltimo, la hermana de Zaira Nara explic\u00f3 que ya tom\u00f3 cartas en el asunto: \u201cYa mand\u00e9 copia de todo lo que dicen en los medios a la intendencia y\u00a0<b>no quisiera que ning\u00fan chusma pierda su trabajo. Dejen de inventar cosas que no son<\/b>\u201d.<\/p>\n<h2 class=\"font--primary font__display\">Maxi L\u00f3pez se hart\u00f3 de Wanda Nara y le puso un freno para evitar problemas con Daniela Christiansson<\/h2>\n<p class=\"paragraph font__body-regular\"><a title=\"https:\/\/tn.com.ar\/show\/famosos\/2026\/01\/28\/maxi-lopez-esta-buscando-alquiler-en-la-argentina-y-se-conocieron-los-requisitos-que-tiene-para-su-casa\/\" href=\"https:\/\/tn.com.ar\/show\/famosos\/2026\/01\/28\/maxi-lopez-esta-buscando-alquiler-en-la-argentina-y-se-conocieron-los-requisitos-que-tiene-para-su-casa\/\" rel=\"\"><b>Maxi L\u00f3pez<\/b>\u00a0sigue dando que hablar en\u00a0<i>MasterChef Celebrity (Telefe),<\/i><\/a>\u00a0donde se perfila como el ganador del certamen. En la \u00faltima emisi\u00f3n, se lo vio recordando una an\u00e9cdota junto a\u00a0<b>Wanda Nara\u00a0<\/b>en la que tambi\u00e9n particip\u00f3 el\u00a0<b>Turco Husa\u00edn<\/b>, pero pas\u00f3 algo inesperado.<\/p>\n<p class=\"paragraph font__body-regular\">La conductora revel\u00f3 que la primera vez que lo vio a Claudio le cocin\u00f3 milanesas en Italia, pero L\u00f3pez puso en duda la versi\u00f3n. \u201c\u00bfQu\u00e9 milanesas? \u00a1Delivery!\u201c, dispar\u00f3, y la rubia se defendi\u00f3 con un palito picante: \u201dY Maxi, desnutrido no se te ve.\u00a0<b>Te aliment\u00e9 varios a\u00f1os&#8221;<\/b>.<\/p>\n<div class=\"genoa_video raw relative\">\n<div class=\"video_placeholder\">\n<div class=\"aspect_ratio__container\"><picture class=\"responsive-image\"><source srcset=\"https:\/\/tn.com.ar\/resizer\/v2\/https%3A%2F%2Fthumbs.vodgc.net%2F1-14-46VFdB1769686002453-1769686065.jpg?auth=d25fc3f68d980ea97a8b6904ab19210f305ed25d2f36c35a5fe02746f2b463d7&amp;width=767\" type=\"image\/jpg\" media=\"(max-width: 728px)\" \/><source srcset=\"https:\/\/tn.com.ar\/resizer\/v2\/https%3A%2F%2Fthumbs.vodgc.net%2F1-14-46VFdB1769686002453-1769686065.jpg?auth=d25fc3f68d980ea97a8b6904ab19210f305ed25d2f36c35a5fe02746f2b463d7&amp;width=1023\" type=\"image\/jpg\" media=\"(max-width: 1023px)\" \/><source srcset=\"https:\/\/tn.com.ar\/resizer\/v2\/https%3A%2F%2Fthumbs.vodgc.net%2F1-14-46VFdB1769686002453-1769686065.jpg?auth=d25fc3f68d980ea97a8b6904ab19210f305ed25d2f36c35a5fe02746f2b463d7&amp;width=1440\" type=\"image\/jpg\" \/><\/picture><\/div>\n<div>\n<p class=\"paragraph font__body-regular\">Cansado de los comentarios con doble intenci\u00f3n que podr\u00edan meterlo en problemas con su actual esposa, Maxi dio por terminada la charla con una frase contundente. \u201cPar\u00e1, boluda. Ahora estoy comiendo con la sueca.\u00a0<b>Este cuerpito no tiene nada que ver con vos. Te vas\u201d,\u00a0<\/b>cerr\u00f3.<\/p>\n<p class=\"paragraph font__body-regular\">D\u00edas atr\u00e1s, Nara lo hab\u00eda incomodado al dar por hecho que ella fue el gran amor de su vida. Sin embargo, \u00e9l aclar\u00f3 que eso no es as\u00ed: \u201cEl amor de mi vida es\u00a0<b>Daniela Christiansson<\/b>, la amo con todo mi coraz\u00f3n. Wanda es mam\u00e1 de mis tres chicos, trabajamos juntos por los chicos, y con Dani por Landito y por Elle\u201d.<\/p>\n<\/div>\n<\/div>\n<\/div>\n","protected":false},"excerpt":{"rendered":"<p>En los \u00faltimos d\u00edas,\u00a0los vecinos de El Yatch habr\u00edan denunciado a Wanda Nara\u00a0porque uno de sus hijos se habr\u00eda quedado con dos paletas de p\u00e1del que les prestaron desde la intendencia del barrio privado. Adem\u00e1s, se conoci\u00f3 que muchos\u00a0no estar\u00edan contentos con su perfil y que un vecino se habr\u00eda negado a venderle el lote [&hellip;]<\/p>\n","protected":false},"author":2,"featured_media":29697,"comment_status":"open","ping_status":"open","sticky":false,"template":"","format":"standard","meta":{"footnotes":""},"categories":[67],"tags":[],"class_list":{"0":"post-29696","1":"post","2":"type-post","3":"status-publish","4":"format-standard","5":"has-post-thumbnail","7":"category-espectaculo"},"_links":{"self":[{"href":"https:\/\/radiobitacora.com.ar\/web\/wp-json\/wp\/v2\/posts\/29696","targetHints":{"allow":["GET"]}}],"collection":[{"href":"https:\/\/radiobitacora.com.ar\/web\/wp-json\/wp\/v2\/posts"}],"about":[{"href":"https:\/\/radiobitacora.com.ar\/web\/wp-json\/wp\/v2\/types\/post"}],"author":[{"embeddable":true,"href":"https:\/\/radiobitacora.com.ar\/web\/wp-json\/wp\/v2\/users\/2"}],"replies":[{"embeddable":true,"href":"https:\/\/radiobitacora.com.ar\/web\/wp-json\/wp\/v2\/comments?post=29696"}],"version-history":[{"count":0,"href":"https:\/\/radiobitacora.com.ar\/web\/wp-json\/wp\/v2\/posts\/29696\/revisions"}],"wp:featuredmedia":[{"embeddable":true,"href":"https:\/\/radiobitacora.com.ar\/web\/wp-json\/wp\/v2\/media\/29697"}],"wp:attachment":[{"href":"https:\/\/radiobitacora.com.ar\/web\/wp-json\/wp\/v2\/media?parent=29696"}],"wp:term":[{"taxonomy":"category","embeddable":true,"href":"https:\/\/radiobitacora.com.ar\/web\/wp-json\/wp\/v2\/categories?post=29696"},{"taxonomy":"post_tag","embeddable":true,"href":"https:\/\/radiobitacora.com.ar\/web\/wp-json\/wp\/v2\/tags?post=29696"}],"curies":[{"name":"wp","href":"https:\/\/api.w.org\/{rel}","templated":true}]}}