{"id":29699,"date":"2026-01-30T11:52:21","date_gmt":"2026-01-30T14:52:21","guid":{"rendered":"https:\/\/radiobitacora.com.ar\/web\/?p=29699"},"modified":"2026-01-30T11:53:29","modified_gmt":"2026-01-30T14:53:29","slug":"sumate-a-la-prevencion-contra-incendios-recomendaciones-para-la-ciudadania","status":"publish","type":"post","link":"https:\/\/radiobitacora.com.ar\/web\/2026\/01\/30\/sumate-a-la-prevencion-contra-incendios-recomendaciones-para-la-ciudadania\/","title":{"rendered":"SUMATE A LA PREVENCI\u00d3N CONTRA INCENDIOS: RECOMENDACIONES PARA LA CIUDADAN\u00cdA"},"content":{"rendered":"<div class=\"row\">\n<div class=\"articulo-detalle-titulo\"><\/div>\n<\/div>\n<div class=\"row\">\n<div class=\"articulo-detalle-contenido\">\n<p>Las condiciones clim\u00e1ticas adversas, como las altas temperaturas y la baja humedad, favorecen la propagaci\u00f3n del fuego generando graves impactos ambientales, sociales y econ\u00f3micos.<br \/>\nAnte el incremento del riesgo de incendios rurales y forestales en distintos puntos de la provincia, es importante extremar las medidas de prevenci\u00f3n para proteger el ambiente, los recursos h\u00eddricos, la producci\u00f3n y la seguridad de las personas.<br \/>\nLa prevenci\u00f3n es una responsabilidad compartida y resulta fundamental la colaboraci\u00f3n de todos para detectar situaciones de riesgo y dar aviso inmediato a las autoridades competentes ante la presencia de humo o fuego.<\/p>\n<p><strong>Recomendaciones<\/strong><\/p>\n<ul>\n<li>\u00a0 \u00a0 No encender fuego al aire libre.<\/li>\n<li>\u00a0 \u00a0 No quemar pasto.<\/li>\n<li>\u00a0 \u00a0 No dejar brasas encendidas.<\/li>\n<li>\u00a0 \u00a0 No arrojar f\u00f3sforos ni colillas al suelo.<\/li>\n<\/ul>\n<p>Si ves fuego o humo, llam\u00e1 de inmediato al 107 (emergencias), 911 (polic\u00edas) y 100 (bomberos). Tu llamado puede prevenir un incendio.<\/p>\n<\/div>\n<\/div>\n","protected":false},"excerpt":{"rendered":"<p>Las condiciones clim\u00e1ticas adversas, como las altas temperaturas y la baja humedad, favorecen la propagaci\u00f3n del fuego generando graves impactos ambientales, sociales y econ\u00f3micos. Ante el incremento del riesgo de incendios rurales y forestales en distintos puntos de la provincia, es importante extremar las medidas de prevenci\u00f3n para proteger el ambiente, los recursos h\u00eddricos, la [&hellip;]<\/p>\n","protected":false},"author":2,"featured_media":29700,"comment_status":"open","ping_status":"open","sticky":false,"template":"","format":"standard","meta":{"footnotes":""},"categories":[72],"tags":[],"class_list":{"0":"post-29699","1":"post","2":"type-post","3":"status-publish","4":"format-standard","5":"has-post-thumbnail","7":"category-provinciales"},"_links":{"self":[{"href":"https:\/\/radiobitacora.com.ar\/web\/wp-json\/wp\/v2\/posts\/29699","targetHints":{"allow":["GET"]}}],"collection":[{"href":"https:\/\/radiobitacora.com.ar\/web\/wp-json\/wp\/v2\/posts"}],"about":[{"href":"https:\/\/radiobitacora.com.ar\/web\/wp-json\/wp\/v2\/types\/post"}],"author":[{"embeddable":true,"href":"https:\/\/radiobitacora.com.ar\/web\/wp-json\/wp\/v2\/users\/2"}],"replies":[{"embeddable":true,"href":"https:\/\/radiobitacora.com.ar\/web\/wp-json\/wp\/v2\/comments?post=29699"}],"version-history":[{"count":0,"href":"https:\/\/radiobitacora.com.ar\/web\/wp-json\/wp\/v2\/posts\/29699\/revisions"}],"wp:featuredmedia":[{"embeddable":true,"href":"https:\/\/radiobitacora.com.ar\/web\/wp-json\/wp\/v2\/media\/29700"}],"wp:attachment":[{"href":"https:\/\/radiobitacora.com.ar\/web\/wp-json\/wp\/v2\/media?parent=29699"}],"wp:term":[{"taxonomy":"category","embeddable":true,"href":"https:\/\/radiobitacora.com.ar\/web\/wp-json\/wp\/v2\/categories?post=29699"},{"taxonomy":"post_tag","embeddable":true,"href":"https:\/\/radiobitacora.com.ar\/web\/wp-json\/wp\/v2\/tags?post=29699"}],"curies":[{"name":"wp","href":"https:\/\/api.w.org\/{rel}","templated":true}]}}