{"id":29708,"date":"2026-01-30T19:26:19","date_gmt":"2026-01-30T22:26:19","guid":{"rendered":"https:\/\/radiobitacora.com.ar\/web\/?p=29708"},"modified":"2026-01-30T19:32:20","modified_gmt":"2026-01-30T22:32:20","slug":"desarrollo-humano-planifica-actividades-y-marca-el-rumbo-de-gestion-del-ano","status":"publish","type":"post","link":"https:\/\/radiobitacora.com.ar\/web\/2026\/01\/30\/desarrollo-humano-planifica-actividades-y-marca-el-rumbo-de-gestion-del-ano\/","title":{"rendered":"DESARROLLO HUMANO PLANIFICA ACTIVIDADES Y MARCA EL RUMBO DE GESTI\u00d3N DEL A\u00d1O"},"content":{"rendered":"<p style=\"font-weight: 400;\">Secretario Julio Canteros<\/p>\n<p style=\"font-weight: 400;\">El secretario de Desarrollo Humano Julio Canteros, encabez\u00f3 este jueves una reuni\u00f3n de trabajo con los directores y coordinadores que integran su secretar\u00eda. Se abord\u00f3 el cronograma de trabajo y planificaci\u00f3n de actividades \u201cque va a marcar el rumbo de este a\u00f1o\u201d.<\/p>\n<p style=\"font-weight: 400;\">Se analiz\u00f3 junto a su equipo las actividades a llevar a cabo durante los primeros 100 d\u00edas del a\u00f1o. Este informe se le acerc\u00f3 al intendente Mariano Hormaechea, explic\u00f3 Canteros.<\/p>\n<p style=\"font-weight: 400;\">Cada una de sus dependencias sat\u00e9lites como Subsecretar\u00eda de Salud, Promoci\u00f3n Social, Acci\u00f3n Social, Direcci\u00f3n de Fortalecimiento Familiar, Direcci\u00f3n de Prevenci\u00f3n de Adicciones, Direcci\u00f3n de Salud Mental; Coordinaci\u00f3n de Discapacidad, Bromatolog\u00eda, entre otras, se encuentran al frente de acciones territoriales permanentes.<\/p>\n<p style=\"font-weight: 400;\">La Secretaria de Desarrollo Humano y Promoci\u00f3n Social, interviene adem\u00e1s en varios frentes activando y proponiendo programas para la poblaci\u00f3n.<\/p>\n<p style=\"font-weight: 400;\">En este sentido atiende y cumple funciones de servicios en APS Municipal, la Asistencia, Coordinaci\u00f3n de Discapacidad, Escuela de Verano y los Carnavales.<\/p>\n<p style=\"font-weight: 400;\">CORSOS OFICIALES<\/p>\n<p style=\"font-weight: 400;\">Referido a los Corsos Oficiales se destacan ambulancia y personal sanitario las noches del desfile de comparsas.\u00a0 Este mismo servicio se replica en el Parque Acu\u00e1tico con otro turno de servicio de guardia sanitaria en escuela de verano y jornadas de apertura para la familia en general.<\/p>\n<p style=\"font-weight: 400;\">En la reuni\u00f3n antes mencionada se convers\u00f3 y diagram\u00f3 el cronograma de tareas que tendr\u00e1n a cargo durante la Fiesta Nacional del Surub\u00ed el personal de cada \u00e1rea.<\/p>\n<p style=\"font-weight: 400;\">En el contacto radial el funcionario municipal, retom\u00f3 el tema de la asistencia en las noches de corsos oficiales, detallando que \u201cel \u00e1rea de Bromatolog\u00eda estar\u00e1 controlando las buenas pr\u00e1cticas de manipulaci\u00f3n de los alimentos que vender\u00e1n al p\u00fablico los puestos gastron\u00f3micos durante los corsos. En tanto que APS, con emergencia municipal EMU, tendr\u00e1 a cargo el servicio de asistencia en salud.<\/p>\n<p style=\"font-weight: 400;\">Otra de las tareas asignadas es el acompa\u00f1amiento de los equipos de hidrataci\u00f3n de cada comparsa para asistir a los bailarines y bailarinas con el vital elemento y frutas, mientras desfilan por el Cors\u00f3dromo.<\/p>\n<p style=\"font-weight: 400;\">Este a\u00f1o se coloc\u00f3 una carpa al final del circuito para que los bailarines puedan descansar al finalizar su paso. En ese lugar son asistidos con agua, frutas y sillas para el recupero del buen estado an\u00edmico de cada comparsero.<\/p>\n<p style=\"font-weight: 400;\">ENTREGA DE PULSERAS<\/p>\n<p style=\"font-weight: 400;\">Record\u00f3 que este s\u00e1bado 31 continuar\u00e1 la entrega de pulseras a cargo de la Direcci\u00f3n de Acci\u00f3n Social, distribuyendo entradas gratuitas para la tercera noche de los Corsos Oficiales 2026. La entrega se realizar\u00e1 en la Casa del Bicentenario, ubicada en Av. Neustadt 110, a partir de las 9:30 horas. Para acceder a las entradas, cada persona deber\u00e1 presentar su DNI y se le entregar\u00e1 una pulsera, hasta agotar stock, una por persona, tr\u00e1mite presencial con DNI. Las entradas ser\u00e1n v\u00e1lidas para el ingreso al predio hasta las 23:00 horas.<\/p>\n<p style=\"font-weight: 400;\">M\u00cdSTICA DEL CARNAVAL<\/p>\n<p style=\"font-weight: 400;\">Ponder\u00f3 la vuelta de los \u201cviejos\u201d comparseros que deciden dejar de lado los tab\u00faes y prejuicios sum\u00e1ndose a cada una de las comparsas para bailar.<\/p>\n<p style=\"font-weight: 400;\">En la parte final, Canteros analiz\u00f3 el regreso de la m\u00edstica carnavalera a Goya y el fen\u00f3meno que desde hace varios a\u00f1os se viene dando en cuanto a la edad de los comparseros que deciden dejar de lado los tab\u00faes y prejuicios sum\u00e1ndose a cada una de las comparsas para bailar.<\/p>\n<p style=\"font-weight: 400;\">\u201cEsto es algo muy bueno que se fue dando de a poco, todas las comparsas recuperaron los viejos comparseros y es importante salir y no tener prejuicios como la edad y otras cuestiones, y ahora se da esta oportunidad que es muy buena porque es un espacio de disfrute estar en el carnaval acompa\u00f1ando las comparsas\u201d.<\/p>\n<p style=\"font-weight: 400;\">El funcionario invit\u00f3 al p\u00fablico local a vivir este s\u00e1bado una noche donde la m\u00fasica, el movimiento y la identidad se apoderan de la ciudad. Confi\u00f3 en que ser\u00e1 un recorrido festivo que llenar\u00e1 de brillo y energ\u00eda a la localidad.<\/p>\n<p style=\"font-weight: 400;\">Direcci\u00f3n de Prensa \u2013 Municipalidad de Goya.<\/p>\n<p style=\"font-weight: 400;\">\n","protected":false},"excerpt":{"rendered":"<p>Secretario Julio Canteros El secretario de Desarrollo Humano Julio Canteros, encabez\u00f3 este jueves una reuni\u00f3n de trabajo con los directores y coordinadores que integran su secretar\u00eda. Se abord\u00f3 el cronograma de trabajo y planificaci\u00f3n de actividades \u201cque va a marcar el rumbo de este a\u00f1o\u201d. Se analiz\u00f3 junto a su equipo las actividades a llevar [&hellip;]<\/p>\n","protected":false},"author":2,"featured_media":29709,"comment_status":"open","ping_status":"open","sticky":false,"template":"","format":"standard","meta":{"footnotes":""},"categories":[56],"tags":[],"class_list":{"0":"post-29708","1":"post","2":"type-post","3":"status-publish","4":"format-standard","5":"has-post-thumbnail","7":"category-locales"},"_links":{"self":[{"href":"https:\/\/radiobitacora.com.ar\/web\/wp-json\/wp\/v2\/posts\/29708","targetHints":{"allow":["GET"]}}],"collection":[{"href":"https:\/\/radiobitacora.com.ar\/web\/wp-json\/wp\/v2\/posts"}],"about":[{"href":"https:\/\/radiobitacora.com.ar\/web\/wp-json\/wp\/v2\/types\/post"}],"author":[{"embeddable":true,"href":"https:\/\/radiobitacora.com.ar\/web\/wp-json\/wp\/v2\/users\/2"}],"replies":[{"embeddable":true,"href":"https:\/\/radiobitacora.com.ar\/web\/wp-json\/wp\/v2\/comments?post=29708"}],"version-history":[{"count":0,"href":"https:\/\/radiobitacora.com.ar\/web\/wp-json\/wp\/v2\/posts\/29708\/revisions"}],"wp:featuredmedia":[{"embeddable":true,"href":"https:\/\/radiobitacora.com.ar\/web\/wp-json\/wp\/v2\/media\/29709"}],"wp:attachment":[{"href":"https:\/\/radiobitacora.com.ar\/web\/wp-json\/wp\/v2\/media?parent=29708"}],"wp:term":[{"taxonomy":"category","embeddable":true,"href":"https:\/\/radiobitacora.com.ar\/web\/wp-json\/wp\/v2\/categories?post=29708"},{"taxonomy":"post_tag","embeddable":true,"href":"https:\/\/radiobitacora.com.ar\/web\/wp-json\/wp\/v2\/tags?post=29708"}],"curies":[{"name":"wp","href":"https:\/\/api.w.org\/{rel}","templated":true}]}}