{"id":29715,"date":"2026-01-30T19:41:46","date_gmt":"2026-01-30T22:41:46","guid":{"rendered":"https:\/\/radiobitacora.com.ar\/web\/?p=29715"},"modified":"2026-01-30T19:44:04","modified_gmt":"2026-01-30T22:44:04","slug":"renovacion-de-varios-cuerpos-tecnicos-de-la-seleccion-argentina-como-esta-la-continuidad-de-scaloni","status":"publish","type":"post","link":"https:\/\/radiobitacora.com.ar\/web\/2026\/01\/30\/renovacion-de-varios-cuerpos-tecnicos-de-la-seleccion-argentina-como-esta-la-continuidad-de-scaloni\/","title":{"rendered":"RENOVACI\u00d3N DE VARIOS CUERPOS T\u00c9CNICOS DE LA SELECCI\u00d3N ARGENTINA: C\u00d3MO EST\u00c1 LA CONTINUIDAD DE SCALONI"},"content":{"rendered":"<p>El acuerdo incluye la continuidad de Diego Placente al mando de la Sub-20 y Sub-17, as\u00ed como tambi\u00e9n las de otros entrenadores de juveniles, todos por un a\u00f1o m\u00e1s. En tanto, la del DT de la Mayor permanece en la incertidumbre.<\/p>\n<p>Mediante su web oficial, la AFA anunci\u00f3 la\u00a0<b>renovaci\u00f3n de los diferentes cuerpos t\u00e9cnicos de selecciones nacionales<\/b>\u00a0juveniles y de las Mayores tanto en el Femenino como en el F\u00fatbol Playa. Mientras que Diego Placente y Adri\u00e1n Gallar\u00e1, entre otros, mantendr\u00e1n su cargo en la Sub-20, Sub-17 y Sub-15, el interrogante se da en la<b>\u00a0continuidad de Lionel Scaloni<\/b>\u00a0al frente de la Celeste y Blanca absoluta.<\/p>\n<p>Seg\u00fan pudo saber\u00a0<i>TyC Sports<\/i>, Claudio Chiqui Tapia\u00a0<b>le ofreci\u00f3 extender su v\u00ednculo y el propio DT mostr\u00f3 sus intenciones de seguir<\/b>, pero de momento no se habl\u00f3 ni de n\u00fameros ni de a\u00f1os de duraci\u00f3n. Lo m\u00e1s probable es que haya charlas avanzadas post Mundial de 2026. Cabe aclarar que su contrato\u00a0<u>tiene vigencia hasta mediados de este a\u00f1o<\/u>, es decir, hasta el fin de la Copa del Mundo.<\/p>\n<p>Ya a principios de diciembre, durante el sorteo de los grupos,\u00a0<a href=\"https:\/\/www.tycsports.com\/seleccion-argentina\/claudio-tapia-confirmo-que-ya-negocian-la-renovacion-de-scaloni-hasta-2030-id702555.html\" target=\"_blank\" rel=\"noopener\">Tapia hab\u00eda expresado su deseo de contar con Scaloni<\/a>\u00a0durante el pr\u00f3ximo per\u00edodo de Eliminatorias mundialista e incluso en la cita de 2030. &#8220;<i><b>Habr\u00e1 renovaci\u00f3n<\/b>, estamos hablando con su representante.\u00a0<b>La idea es renovar a todos los cuerpos t\u00e9cnicos hasta el 2030<\/b>, que tenemos el pr\u00f3ximo Mundial<\/i>&#8220;, se\u00f1al\u00f3, en di\u00e1logo con Telefe.<\/p>\n<div id=\"ad-slot-inline2\" class=\"ad-slot-inline_grande ad-slot\" data-adtype=\"inline_grande\" data-google-query-id=\"COqbw7CqtJIDFX1U3QIdp7MN5A\">\n<div id=\"google_ads_iframe_\/125006397\/tyc\/nota\/inline2_0__container__\"><\/div>\n<\/div>\n<p>De continuar en la Selecci\u00f3n Argentina, el DT completar\u00eda un ciclo de once a\u00f1os al frente del combinado nacional, un hito que pocos entrenadores han logrado a lo largo de la historia. El r\u00e9cord, por ahora, seguir\u00e1 siendo de Guillermo St\u00e1bile, quien fue director t\u00e9cnico de la Albiceleste durante 19 a\u00f1os, entre 1939 y 1958.<\/p>\n<p>Adem\u00e1s, si bien Scaloni siempre se mostr\u00f3 dispuesto a charlar con el presidente de AFA para su continuidad, tambi\u00e9n mantuvo la cautela a la hora de declarar sobre su situaci\u00f3n contractual. &#8220;<i><b>Pienso en lo que viene ahora, nunca fui de pensar m\u00e1s all\u00e1<\/b>. Me parece que no corresponde porque te desenfoca de lo que hay.\u00a0<b>Tengo la mejor relaci\u00f3n con el presidente y si me tengo que sentar a hablar, lo har\u00e9 sin ning\u00fan problema<\/b>. Tener charlas informales me parece que no est\u00e1 mal, estar\u00eda bien hablar de todo, pero mi foco est\u00e1 en otra cosa hoy<\/i>&#8220;, hab\u00eda dicho en la previa del duelo ante Ecuador en septiembre por Eliminatorias.<\/p>\n<figure class=\"imgContain\" data-modal-description=\"\u00bfSigue? Tapia le ofreci\u00f3 seguir a Scaloni y el DT se mostr\u00f3 interesado, pero no hubo charlas avanzadas para definir n\u00fameros por el momento (GettyImages).\" data-modal-image=\"https:\/\/media.tycsports.com\/files\/2026\/01\/30\/919570\/tapia-scaloni_w862.webp\"><img decoding=\"async\" class=\"mainImg alignnone\" title=\"Tapia Scaloni\" src=\"https:\/\/media.tycsports.com\/files\/2026\/01\/30\/919570\/tapia-scaloni_w862.webp\" alt=\"Tapia Scaloni\" data-src=\"https:\/\/media.tycsports.com\/files\/2026\/01\/30\/919570\/tapia-scaloni_w862.webp\" \/><figcaption>\u00bfSigue? Tapia le ofreci\u00f3 seguir a Scaloni y el DT se mostr\u00f3 interesado, pero no hubo charlas avanzadas para definir n\u00fameros por el momento (GettyImages).<\/figcaption><\/figure>\n<p>Por otra, parte, respecto al anuncio de las m\u00faltiples renovaciones de este viernes, Tapia dijo: &#8220;<i>Estamos muy contentos de que contin\u00faen trabajando junto a nuestras selecciones.\u00a0<b>Esto marca una vez m\u00e1s el fuerte compromiso que nos une a todos para que la Selecci\u00f3n Argentina tenga garantizado el profesionalismo<\/b>\u00a0de cada uno de ellos por otro per\u00edodo m\u00e1s<\/i>&#8220;.<\/p>\n<p>En total, estos son los cuerpos t\u00e9cnicos que rubricaron su continuidad:<\/p>\n<ul>\n<li>Selecci\u00f3n Sub 20 Masculina<\/li>\n<li>Selecci\u00f3n Sub 17 Masculina<\/li>\n<li>Selecci\u00f3n Sub 15 Masculina<\/li>\n<li>Selecci\u00f3n Mayor Femenina<\/li>\n<li>Selecci\u00f3n Sub 20 Femenina<\/li>\n<li>Selecci\u00f3n Sub 17 Femenina<\/li>\n<li>Selecci\u00f3n Sub 15 Femenina<\/li>\n<li>Selecci\u00f3n Mayor de F\u00fatbol Playa<\/li>\n<li>Selecci\u00f3n Sub 20 F\u00fatbol Playa<\/li>\n<li>Selecci\u00f3n Sub 20 del Ascenso<\/li>\n<li>Departamento de Entrenadores de Arqueros Selecciones Nacionales<\/li>\n<\/ul>\n<p>&nbsp;<\/p>\n<div class=\"gallery kskddisable\">\n<div class=\"main-slide\">\n<div id=\"slide1\" class=\"slide show\">\n<figure class=\"imgContain\" data-modal-description=\"AFA renov\u00f3 los contratos de los cuerpos t\u00e9cnicos de las selecciones nacionales (Web AFA).\" data-modal-image=\"https:\/\/media.tycsports.com\/files\/2026\/01\/30\/919574\/afa-renovacion_w862.webp\"><img decoding=\"async\" class=\"mainImg\" title=\"AFA Renovaci\u00f3n\" src=\"https:\/\/media.tycsports.com\/files\/2026\/01\/30\/919574\/afa-renovacion_w862.webp\" alt=\"AFA Renovaci\u00f3n\" data-src=\"https:\/\/media.tycsports.com\/files\/2026\/01\/30\/919574\/afa-renovacion_w862.webp\" \/><figcaption>AFA renov\u00f3 los contratos de los cuerpos t\u00e9cnicos de las selecciones nacionales (Web AFA).<\/figcaption><\/figure>\n<\/div>\n<\/div>\n<div class=\"thumbnails\"><\/div>\n<\/div>\n","protected":false},"excerpt":{"rendered":"<p>El acuerdo incluye la continuidad de Diego Placente al mando de la Sub-20 y Sub-17, as\u00ed como tambi\u00e9n las de otros entrenadores de juveniles, todos por un a\u00f1o m\u00e1s. En tanto, la del DT de la Mayor permanece en la incertidumbre. Mediante su web oficial, la AFA anunci\u00f3 la\u00a0renovaci\u00f3n de los diferentes cuerpos t\u00e9cnicos de [&hellip;]<\/p>\n","protected":false},"author":2,"featured_media":29716,"comment_status":"open","ping_status":"open","sticky":false,"template":"","format":"standard","meta":{"footnotes":""},"categories":[78],"tags":[],"class_list":{"0":"post-29715","1":"post","2":"type-post","3":"status-publish","4":"format-standard","5":"has-post-thumbnail","7":"category-deportes"},"_links":{"self":[{"href":"https:\/\/radiobitacora.com.ar\/web\/wp-json\/wp\/v2\/posts\/29715","targetHints":{"allow":["GET"]}}],"collection":[{"href":"https:\/\/radiobitacora.com.ar\/web\/wp-json\/wp\/v2\/posts"}],"about":[{"href":"https:\/\/radiobitacora.com.ar\/web\/wp-json\/wp\/v2\/types\/post"}],"author":[{"embeddable":true,"href":"https:\/\/radiobitacora.com.ar\/web\/wp-json\/wp\/v2\/users\/2"}],"replies":[{"embeddable":true,"href":"https:\/\/radiobitacora.com.ar\/web\/wp-json\/wp\/v2\/comments?post=29715"}],"version-history":[{"count":0,"href":"https:\/\/radiobitacora.com.ar\/web\/wp-json\/wp\/v2\/posts\/29715\/revisions"}],"wp:featuredmedia":[{"embeddable":true,"href":"https:\/\/radiobitacora.com.ar\/web\/wp-json\/wp\/v2\/media\/29716"}],"wp:attachment":[{"href":"https:\/\/radiobitacora.com.ar\/web\/wp-json\/wp\/v2\/media?parent=29715"}],"wp:term":[{"taxonomy":"category","embeddable":true,"href":"https:\/\/radiobitacora.com.ar\/web\/wp-json\/wp\/v2\/categories?post=29715"},{"taxonomy":"post_tag","embeddable":true,"href":"https:\/\/radiobitacora.com.ar\/web\/wp-json\/wp\/v2\/tags?post=29715"}],"curies":[{"name":"wp","href":"https:\/\/api.w.org\/{rel}","templated":true}]}}