{"id":29718,"date":"2026-01-30T20:10:59","date_gmt":"2026-01-30T23:10:59","guid":{"rendered":"https:\/\/radiobitacora.com.ar\/web\/?p=29718"},"modified":"2026-01-30T20:11:33","modified_gmt":"2026-01-30T23:11:33","slug":"avanza-la-instalacion-del-parque-solar-fotovoltaico-en-santa-catalina","status":"publish","type":"post","link":"https:\/\/radiobitacora.com.ar\/web\/2026\/01\/30\/avanza-la-instalacion-del-parque-solar-fotovoltaico-en-santa-catalina\/","title":{"rendered":"AVANZA LA INSTALACI\u00d3N DEL PARQUE SOLAR FOTOVOLTAICO EN SANTA CATALINA"},"content":{"rendered":"<h3 data-start=\"0\" data-end=\"77\"><\/h3>\n<p data-start=\"79\" data-end=\"317\">En el <strong data-start=\"85\" data-end=\"133\">Parque Industrial Tecnol\u00f3gico Santa Catalina<\/strong> avanza a buen ritmo la instalaci\u00f3n de un <strong data-start=\"175\" data-end=\"204\">Parque Solar Fotovoltaico<\/strong>, una obra estrat\u00e9gica que refuerza la matriz energ\u00e9tica limpia y potencia el desarrollo productivo de la regi\u00f3n.<\/p>\n<p data-start=\"319\" data-end=\"619\">El proyecto contempla la colocaci\u00f3n de <strong data-start=\"358\" data-end=\"391\">m\u00e1s de 41.000 paneles solares<\/strong>, distribuidos en una superficie aproximada de <strong data-start=\"438\" data-end=\"454\">40 hect\u00e1reas<\/strong>, lo que permitir\u00e1 generar energ\u00eda renovable a gran escala, mejorar la calidad y estabilidad del servicio el\u00e9ctrico y acompa\u00f1ar el crecimiento del sector industrial.<\/p>\n<p data-start=\"621\" data-end=\"880\">Esta inversi\u00f3n representa un paso clave hacia un modelo de <strong data-start=\"680\" data-end=\"706\">desarrollo sustentable<\/strong>, reduciendo el impacto ambiental y promoviendo el uso de energ\u00edas limpias, en l\u00ednea con las tendencias mundiales en materia de producci\u00f3n responsable y cuidado del ambiente.<\/p>\n<p data-start=\"882\" data-end=\"1157\">Adem\u00e1s de fortalecer el sistema energ\u00e9tico, el Parque Solar consolida a <strong data-start=\"954\" data-end=\"1003\">Corrientes como una ciudad industrial moderna<\/strong>, con infraestructura pensada para atraer inversiones, generar empleo y ofrecer mejores condiciones a las empresas que se radican en el Parque Industrial.<\/p>\n<p data-start=\"1159\" data-end=\"1412\" data-is-last-node=\"\" data-is-only-node=\"\">Con esta iniciativa, Santa Catalina se posiciona como un polo estrat\u00e9gico donde la <strong data-start=\"1242\" data-end=\"1303\">innovaci\u00f3n tecnol\u00f3gica, la industria y la sustentabilidad<\/strong> avanzan de manera conjunta, reafirmando el compromiso con el futuro energ\u00e9tico y productivo de la provincia.<\/p>\n","protected":false},"excerpt":{"rendered":"<p>En el Parque Industrial Tecnol\u00f3gico Santa Catalina avanza a buen ritmo la instalaci\u00f3n de un Parque Solar Fotovoltaico, una obra estrat\u00e9gica que refuerza la matriz energ\u00e9tica limpia y potencia el desarrollo productivo de la regi\u00f3n. El proyecto contempla la colocaci\u00f3n de m\u00e1s de 41.000 paneles solares, distribuidos en una superficie aproximada de 40 hect\u00e1reas, lo [&hellip;]<\/p>\n","protected":false},"author":2,"featured_media":29719,"comment_status":"open","ping_status":"open","sticky":false,"template":"","format":"standard","meta":{"footnotes":""},"categories":[72],"tags":[],"class_list":{"0":"post-29718","1":"post","2":"type-post","3":"status-publish","4":"format-standard","5":"has-post-thumbnail","7":"category-provinciales"},"_links":{"self":[{"href":"https:\/\/radiobitacora.com.ar\/web\/wp-json\/wp\/v2\/posts\/29718","targetHints":{"allow":["GET"]}}],"collection":[{"href":"https:\/\/radiobitacora.com.ar\/web\/wp-json\/wp\/v2\/posts"}],"about":[{"href":"https:\/\/radiobitacora.com.ar\/web\/wp-json\/wp\/v2\/types\/post"}],"author":[{"embeddable":true,"href":"https:\/\/radiobitacora.com.ar\/web\/wp-json\/wp\/v2\/users\/2"}],"replies":[{"embeddable":true,"href":"https:\/\/radiobitacora.com.ar\/web\/wp-json\/wp\/v2\/comments?post=29718"}],"version-history":[{"count":0,"href":"https:\/\/radiobitacora.com.ar\/web\/wp-json\/wp\/v2\/posts\/29718\/revisions"}],"wp:featuredmedia":[{"embeddable":true,"href":"https:\/\/radiobitacora.com.ar\/web\/wp-json\/wp\/v2\/media\/29719"}],"wp:attachment":[{"href":"https:\/\/radiobitacora.com.ar\/web\/wp-json\/wp\/v2\/media?parent=29718"}],"wp:term":[{"taxonomy":"category","embeddable":true,"href":"https:\/\/radiobitacora.com.ar\/web\/wp-json\/wp\/v2\/categories?post=29718"},{"taxonomy":"post_tag","embeddable":true,"href":"https:\/\/radiobitacora.com.ar\/web\/wp-json\/wp\/v2\/tags?post=29718"}],"curies":[{"name":"wp","href":"https:\/\/api.w.org\/{rel}","templated":true}]}}