{"id":29721,"date":"2026-01-30T20:16:42","date_gmt":"2026-01-30T23:16:42","guid":{"rendered":"https:\/\/radiobitacora.com.ar\/web\/?p=29721"},"modified":"2026-01-30T20:16:42","modified_gmt":"2026-01-30T23:16:42","slug":"para-articular-proyectos-estrategicos","status":"publish","type":"post","link":"https:\/\/radiobitacora.com.ar\/web\/2026\/01\/30\/para-articular-proyectos-estrategicos\/","title":{"rendered":"PARA ARTICULAR PROYECTOS ESTRAT\u00c9GICOS"},"content":{"rendered":"<div class=\"xdj266r x14z9mp xat24cr x1lziwak x1vvkbs x126k92a\">\n<div dir=\"auto\"><\/div>\n<div dir=\"auto\">El gobernador Juan Pablo Vald\u00e9s recibi\u00f3 a legisladores nacionales por Corrientes<\/div>\n<\/div>\n<div class=\"x14z9mp xat24cr x1lziwak x1vvkbs xtlvy1s x126k92a\">\n<div dir=\"auto\">El gobernador Juan Pablo Vald\u00e9s se reuni\u00f3 este mi\u00e9rcoles con el senador nacional Eduardo Vischi y con el diputado nacional Di\u00f3genes Gonz\u00e1lez, reafirmando &#8220;el compromiso de seguir trabajando de manera articulada por Corrientes&#8221;. Los encuentros tuvieron lugar en el Centro Administrativo, donde el mandatario provincial dialog\u00f3 con los representantes correntinos sobre la agenda legislativa del Congreso nacional.<\/div>\n<\/div>\n<div class=\"x14z9mp xat24cr x1lziwak x1vvkbs xtlvy1s x126k92a\">\n<div dir=\"auto\">Al respecto, all\u00ed Vald\u00e9s intercambi\u00f3 miradas con ambos bajo la premisa de &#8220;trabajar en proyectos estrat\u00e9gicos para nuestra provincia y reafirmar el compromiso de seguir trabajando de manera articulada por Corrientes&#8221;, seg\u00fan dio a conocer desde su cuenta oficial en X.<\/div>\n<\/div>\n","protected":false},"excerpt":{"rendered":"<p>El gobernador Juan Pablo Vald\u00e9s recibi\u00f3 a legisladores nacionales por Corrientes El gobernador Juan Pablo Vald\u00e9s se reuni\u00f3 este mi\u00e9rcoles con el senador nacional Eduardo Vischi y con el diputado nacional Di\u00f3genes Gonz\u00e1lez, reafirmando &#8220;el compromiso de seguir trabajando de manera articulada por Corrientes&#8221;. Los encuentros tuvieron lugar en el Centro Administrativo, donde el mandatario [&hellip;]<\/p>\n","protected":false},"author":2,"featured_media":29722,"comment_status":"open","ping_status":"open","sticky":false,"template":"","format":"standard","meta":{"footnotes":""},"categories":[72],"tags":[],"class_list":{"0":"post-29721","1":"post","2":"type-post","3":"status-publish","4":"format-standard","5":"has-post-thumbnail","7":"category-provinciales"},"_links":{"self":[{"href":"https:\/\/radiobitacora.com.ar\/web\/wp-json\/wp\/v2\/posts\/29721","targetHints":{"allow":["GET"]}}],"collection":[{"href":"https:\/\/radiobitacora.com.ar\/web\/wp-json\/wp\/v2\/posts"}],"about":[{"href":"https:\/\/radiobitacora.com.ar\/web\/wp-json\/wp\/v2\/types\/post"}],"author":[{"embeddable":true,"href":"https:\/\/radiobitacora.com.ar\/web\/wp-json\/wp\/v2\/users\/2"}],"replies":[{"embeddable":true,"href":"https:\/\/radiobitacora.com.ar\/web\/wp-json\/wp\/v2\/comments?post=29721"}],"version-history":[{"count":0,"href":"https:\/\/radiobitacora.com.ar\/web\/wp-json\/wp\/v2\/posts\/29721\/revisions"}],"wp:featuredmedia":[{"embeddable":true,"href":"https:\/\/radiobitacora.com.ar\/web\/wp-json\/wp\/v2\/media\/29722"}],"wp:attachment":[{"href":"https:\/\/radiobitacora.com.ar\/web\/wp-json\/wp\/v2\/media?parent=29721"}],"wp:term":[{"taxonomy":"category","embeddable":true,"href":"https:\/\/radiobitacora.com.ar\/web\/wp-json\/wp\/v2\/categories?post=29721"},{"taxonomy":"post_tag","embeddable":true,"href":"https:\/\/radiobitacora.com.ar\/web\/wp-json\/wp\/v2\/tags?post=29721"}],"curies":[{"name":"wp","href":"https:\/\/api.w.org\/{rel}","templated":true}]}}