{"id":29724,"date":"2026-01-30T20:21:13","date_gmt":"2026-01-30T23:21:13","guid":{"rendered":"https:\/\/radiobitacora.com.ar\/web\/?p=29724"},"modified":"2026-01-30T20:21:36","modified_gmt":"2026-01-30T23:21:36","slug":"la-llamativa-ausencia-en-la-nomina-de-boca-para-recibir-a-newells","status":"publish","type":"post","link":"https:\/\/radiobitacora.com.ar\/web\/2026\/01\/30\/la-llamativa-ausencia-en-la-nomina-de-boca-para-recibir-a-newells\/","title":{"rendered":"LA LLAMATIVA AUSENCIA EN LA N\u00d3MINA DE BOCA PARA RECIBIR A NEWELL&#8217;S"},"content":{"rendered":"<h1>Lucas Blondel, la llamativa ausencia en la n\u00f3mina de Boca para el duelo con Newell&#8217;s<\/h1>\n<p>El lateral derecho no figurar\u00e1 en la lista de convocados de \u00dabeda para el duelo con la Lepra. Tampoco estar\u00e1n Cavani ni Merentiel, quienes siguen sin recuperarse de sus problemas f\u00edsicos.<\/p>\n<p><b>Boca se entren\u00f3 este viernes pensando en el compromiso del pr\u00f3ximo domingo ante Newell&#8217;s en La Bombonera<\/b>. De cara al mismo, Claudio \u00dabeda\u00a0<u>sigue sin poder contar con Edinson Cavani ni Miguel Merentiel<\/u>, ya que contin\u00faan con problemas desde lo f\u00edsico. Adem\u00e1s de los dos uruguayos, hay un futbolista que,\u00a0<b>de forma sorpresiva, no ingresar\u00e1 en la n\u00f3mina<\/b>:\u00a0<b>Lucas Blondel<\/b>.<\/p>\n<p>El lateral derecho no entra en los planes de \u00dabeda para este 2026, incluso tras la partida de\u00a0<a href=\"https:\/\/www.tycsports.com\/boca-juniors\/tras-irse-de-boca-advincula-fue-presentado-como-nuevo-refuerzo-de-alianza-lima-id707219.html\" target=\"_blank\" rel=\"noopener\">Luis Adv\u00edncula rumbo a Alianza Lima<\/a>\u00a0a principios de mes. En principio,\u00a0<b>los relevos naturales de Juan Barinaga en el puesto ser\u00e1n Marcelo Weigandt y el juvenil Dylan Gorosito<\/b>.<\/p>\n<p><b>Blondel fue vinculado por clubes como Argentinos Juniors, Racing e Independiente<\/b>\u00a0a lo largo del actual mercado de pases, pero ninguno de los clubes mencionados termin\u00f3 de avanzar a fondo por el internacional con la Selecci\u00f3n de Suiza.\u00a0<u>En lo que queda del libro de transferencias, tiene abierta la puerta de salida<\/u>.<\/p>\n<p>Adem\u00e1s, hay otras bajas que siguen sin retornar. Una es la de\u00a0<b>Merentiel<\/b>, quien\u00a0<b><a href=\"https:\/\/www.tycsports.com\/boca-juniors\/preocupacion-en-boca-por-la-lesion-de-merentiel-antes-del-debut-en-el-apertura-id708591.html\" target=\"_blank\" rel=\"noopener\">sufri\u00f3 un desgarro en el gemelo derecho en el amistoso frente a Olimpia disputado en San Nicol\u00e1s<\/a><\/b>. Para una lesi\u00f3n de esas caracter\u00edsticas se estima un tiempo de recuperaci\u00f3n de al menos tres semanas, por lo que, adem\u00e1s de haberse perdido el choque ante el Malevo y el Pincha, tambi\u00e9n\u00a0<b>quedar\u00e1 fuera de las pr\u00f3ximas tres fechas aproximadamente<\/b>.<\/p>\n<div id=\"ad-slot-inline2\" class=\"ad-slot-inline_grande ad-slot\" data-adtype=\"inline_grande\" data-google-query-id=\"CMzO8p6ztJIDFWts3QIdDaEzsQ\">\n<div id=\"google_ads_iframe_\/125006397\/tyc\/nota\/inline2_0__container__\"><\/div>\n<\/div>\n<p>Luego, aparece\u00a0<b>Cavani<\/b>. El Matador\u00a0<b>arrastra una lumbalgia que no le permiti\u00f3 entrenarse con normalidad durante la pretemporada<\/b>\u00a0y, por lo tanto, no tuvo participaci\u00f3n en los amistosos ni en los dos partidos por el Apertura.\u00a0<b>Su evoluci\u00f3n es d\u00eda a d\u00eda y tampoco quieren apresurarlo<\/b>.<\/p>\n<p>En esa misma l\u00ednea,\u00a0<b>quien no volver\u00e1 es Milton Gim\u00e9nez, ya que arrastra una pubalgia hace varios meses<\/b>. La molestia no le impidi\u00f3 ser titular durante los \u00faltimos encuentros del 2025, pero lo oblig\u00f3 a frenar en el comienzo de este a\u00f1o.\u00a0<b><a href=\"https:\/\/www.tycsports.com\/boca-juniors\/milton-gimenez-podria-operarse-y-boca-lo-perderia-por-varios-partidos-id709185.html\" target=\"_blank\" rel=\"noopener\">Existe la posibilidad que sea intervenido quir\u00fargicamente<\/a>\u00a0para acelerar los plazos de su recuperaci\u00f3n\u00a0<\/b>ya que el tratamiento que viene realizando no est\u00e1 teniendo los resultados esperados. Si esto sucede,\u00a0<u>estar\u00eda al menos un mes fuera de los terrenos de juego<\/u>.<\/p>\n<div id=\"ad-slot-inline3\" class=\"ad-slot-inline ad-slot\" data-adtype=\"inline\" data-google-query-id=\"CNnnhZ-ztJIDFWts3QIdDaEzsQ\"><\/div>\n","protected":false},"excerpt":{"rendered":"<p>Lucas Blondel, la llamativa ausencia en la n\u00f3mina de Boca para el duelo con Newell&#8217;s El lateral derecho no figurar\u00e1 en la lista de convocados de \u00dabeda para el duelo con la Lepra. Tampoco estar\u00e1n Cavani ni Merentiel, quienes siguen sin recuperarse de sus problemas f\u00edsicos. Boca se entren\u00f3 este viernes pensando en el compromiso [&hellip;]<\/p>\n","protected":false},"author":2,"featured_media":29725,"comment_status":"open","ping_status":"open","sticky":false,"template":"","format":"standard","meta":{"footnotes":""},"categories":[78],"tags":[],"class_list":{"0":"post-29724","1":"post","2":"type-post","3":"status-publish","4":"format-standard","5":"has-post-thumbnail","7":"category-deportes"},"_links":{"self":[{"href":"https:\/\/radiobitacora.com.ar\/web\/wp-json\/wp\/v2\/posts\/29724","targetHints":{"allow":["GET"]}}],"collection":[{"href":"https:\/\/radiobitacora.com.ar\/web\/wp-json\/wp\/v2\/posts"}],"about":[{"href":"https:\/\/radiobitacora.com.ar\/web\/wp-json\/wp\/v2\/types\/post"}],"author":[{"embeddable":true,"href":"https:\/\/radiobitacora.com.ar\/web\/wp-json\/wp\/v2\/users\/2"}],"replies":[{"embeddable":true,"href":"https:\/\/radiobitacora.com.ar\/web\/wp-json\/wp\/v2\/comments?post=29724"}],"version-history":[{"count":0,"href":"https:\/\/radiobitacora.com.ar\/web\/wp-json\/wp\/v2\/posts\/29724\/revisions"}],"wp:featuredmedia":[{"embeddable":true,"href":"https:\/\/radiobitacora.com.ar\/web\/wp-json\/wp\/v2\/media\/29725"}],"wp:attachment":[{"href":"https:\/\/radiobitacora.com.ar\/web\/wp-json\/wp\/v2\/media?parent=29724"}],"wp:term":[{"taxonomy":"category","embeddable":true,"href":"https:\/\/radiobitacora.com.ar\/web\/wp-json\/wp\/v2\/categories?post=29724"},{"taxonomy":"post_tag","embeddable":true,"href":"https:\/\/radiobitacora.com.ar\/web\/wp-json\/wp\/v2\/tags?post=29724"}],"curies":[{"name":"wp","href":"https:\/\/api.w.org\/{rel}","templated":true}]}}