{"id":29727,"date":"2026-01-30T20:28:23","date_gmt":"2026-01-30T23:28:23","guid":{"rendered":"https:\/\/radiobitacora.com.ar\/web\/?p=29727"},"modified":"2026-01-30T20:28:55","modified_gmt":"2026-01-30T23:28:55","slug":"river-hizo-oficial-la-llegada-de-kendry-paez","status":"publish","type":"post","link":"https:\/\/radiobitacora.com.ar\/web\/2026\/01\/30\/river-hizo-oficial-la-llegada-de-kendry-paez\/","title":{"rendered":"RIVER HIZO OFICIAL LA LLEGADA DE KENDRY P\u00c1EZ"},"content":{"rendered":"<p>El ecuatoriano se hizo la revisi\u00f3n m\u00e9dica y sell\u00f3 un v\u00ednculo a pr\u00e9stamo por los pr\u00f3ximos 18 meses. Chelsea, due\u00f1o de su pase, tendr\u00e1 opciones semestrales de repesca.<\/p>\n<p>Kendry\u00a0<b>P\u00e1ez puso la firma y se convirti\u00f3 de manera oficial en jugador de River<\/b>, al que llega a pr\u00e9stamo\u00a0proveniente de Racing de Estrasburgo, club al que hab\u00eda sido cedido desde Chelsea, due\u00f1o del pase del futbolista.<\/p>\n<div id=\"ad-slot-inline1\" class=\"ad-slot-inline1 ad-slot\" data-adtype=\"inline1\" data-google-query-id=\"CIG1w_y0tJIDFSsRHgAdq6IWzQ\">\n<div id=\"google_ads_iframe_\/125006397\/tyc\/nota\/inline1_0__container__\"><\/div>\n<\/div>\n<p>El joven ecuatoriano lleg\u00f3 hoy al pa\u00eds, se someti\u00f3 a la revisi\u00f3n m\u00e9dica de rigor y luego se traslad\u00f3 al estadio Monumental para sellar su v\u00ednculo, que ser\u00e1 por los\u00a0<b>pr\u00f3ximos 18 meses<\/b>.<\/p>\n<p>El zurdo de 18 a\u00f1os\u00a0<a href=\"https:\/\/www.tycsports.com\/river-plate\/bombazo-river-cerro-a-kendry-paez-id710185.html\" target=\"_blank\" rel=\"noopener\">lleg\u00f3 de manera inesperada al Millonario<\/a>\u00a0y se convirti\u00f3 en el cuarto refuerzo del equipo de Marcelo Gallardo para este 2026 despu\u00e9s de las llegadas de Fausto Vera, An\u00edbal Moreno y Mat\u00edas Vigna.<\/p>\n<p>El acuerdo de cesi\u00f3n con el club londinense es sin cargo y sin opci\u00f3n de compra, con una duraci\u00f3n de un a\u00f1o y medio y con chances de repesca cada seis meses. Adem\u00e1s, el club de N\u00fa\u00f1ez se\u00a0<b>garantiz\u00f3 un derecho de vidriera\u00a0<\/b>ante una eventual transferencia.<\/p>\n<p>Comprado por Chelsea cuando a\u00fan era menor de edad a cambio de alrededor de 20 millones de d\u00f3lares,\u00a0<b>P\u00e1ez llega a River tras una cesi\u00f3n de seis meses en el Racing Club de Estrasburgo<\/b>, de Francia. All\u00ed, en un equipo plagado de juveniles (Valent\u00edn Barco y Joaqu\u00edn Panichelli juegan all\u00ed) no pudo lograr continuidad. En 21 apariciones, fue titular apenas siete veces y se fue con solo un gol en la Ligue 1.<\/p>\n<p>Con el Mundial en la mira, el futbolista busca una regularidad que no pudo obtener en el f\u00fatbol europeo. Si bien no tendr\u00e1 un lugar asegurado en el equipo de Gallardo, s\u00ed podr\u00e1 sumar minutos y ser la principal alternativa creativa de Juan Fernando Quintero. Por las dudas, y conscientes de que es una gema a pulir que puede explotar en cualquier momento,\u00a0<b>el club londinense se asegur\u00f3 una posibilidad de repesca cada seis meses<\/b>.<\/p>\n<p>&nbsp;<\/p>\n","protected":false},"excerpt":{"rendered":"<p>El ecuatoriano se hizo la revisi\u00f3n m\u00e9dica y sell\u00f3 un v\u00ednculo a pr\u00e9stamo por los pr\u00f3ximos 18 meses. Chelsea, due\u00f1o de su pase, tendr\u00e1 opciones semestrales de repesca. Kendry\u00a0P\u00e1ez puso la firma y se convirti\u00f3 de manera oficial en jugador de River, al que llega a pr\u00e9stamo\u00a0proveniente de Racing de Estrasburgo, club al que hab\u00eda [&hellip;]<\/p>\n","protected":false},"author":2,"featured_media":29729,"comment_status":"open","ping_status":"open","sticky":false,"template":"","format":"standard","meta":{"footnotes":""},"categories":[78],"tags":[],"class_list":{"0":"post-29727","1":"post","2":"type-post","3":"status-publish","4":"format-standard","5":"has-post-thumbnail","7":"category-deportes"},"_links":{"self":[{"href":"https:\/\/radiobitacora.com.ar\/web\/wp-json\/wp\/v2\/posts\/29727","targetHints":{"allow":["GET"]}}],"collection":[{"href":"https:\/\/radiobitacora.com.ar\/web\/wp-json\/wp\/v2\/posts"}],"about":[{"href":"https:\/\/radiobitacora.com.ar\/web\/wp-json\/wp\/v2\/types\/post"}],"author":[{"embeddable":true,"href":"https:\/\/radiobitacora.com.ar\/web\/wp-json\/wp\/v2\/users\/2"}],"replies":[{"embeddable":true,"href":"https:\/\/radiobitacora.com.ar\/web\/wp-json\/wp\/v2\/comments?post=29727"}],"version-history":[{"count":0,"href":"https:\/\/radiobitacora.com.ar\/web\/wp-json\/wp\/v2\/posts\/29727\/revisions"}],"wp:featuredmedia":[{"embeddable":true,"href":"https:\/\/radiobitacora.com.ar\/web\/wp-json\/wp\/v2\/media\/29729"}],"wp:attachment":[{"href":"https:\/\/radiobitacora.com.ar\/web\/wp-json\/wp\/v2\/media?parent=29727"}],"wp:term":[{"taxonomy":"category","embeddable":true,"href":"https:\/\/radiobitacora.com.ar\/web\/wp-json\/wp\/v2\/categories?post=29727"},{"taxonomy":"post_tag","embeddable":true,"href":"https:\/\/radiobitacora.com.ar\/web\/wp-json\/wp\/v2\/tags?post=29727"}],"curies":[{"name":"wp","href":"https:\/\/api.w.org\/{rel}","templated":true}]}}