{"id":29730,"date":"2026-01-30T20:44:01","date_gmt":"2026-01-30T23:44:01","guid":{"rendered":"https:\/\/radiobitacora.com.ar\/web\/?p=29730"},"modified":"2026-01-30T20:44:01","modified_gmt":"2026-01-30T23:44:01","slug":"lanzamiento-oficial-de-los-carnavales-de-carolina-2026","status":"publish","type":"post","link":"https:\/\/radiobitacora.com.ar\/web\/2026\/01\/30\/lanzamiento-oficial-de-los-carnavales-de-carolina-2026\/","title":{"rendered":"LANZAMIENTO OFICIAL DE LOS CARNAVALES DE CAROLINA 2026"},"content":{"rendered":"<p data-start=\"64\" data-end=\"282\">Con gran expectativa y un importante acompa\u00f1amiento institucional y comunitario, se realiz\u00f3 el lanzamiento oficial de los Carnavales de Carolina 2026, una de las fiestas populares m\u00e1s esperadas del verano en la regi\u00f3n.<\/p>\n<p data-start=\"284\" data-end=\"643\">El acto fue encabezado por la intendenta Andrea Alarc\u00f3n, junto a la presidenta de la comparsa Caro Vera, Marina Pereira; la core\u00f3grafa Carolina Salas Araujo; el presidente del Centro de Jubilados \u00d1ande Roga, Mario Velazco; el viceintendente Diego Espina; adem\u00e1s de concejales, funcionarios municipales, periodistas y representantes de distintas instituciones.<\/p>\n<p data-start=\"645\" data-end=\"913\">Durante la presentaci\u00f3n se confirmaron las fechas del carnaval, que se desarrollar\u00e1 los s\u00e1bados 7 y 14 de febrero, desde las 22:00 horas, en el cors\u00f3dromo local, con la participaci\u00f3n de comparsas de Carolina y de localidades vecinas, adem\u00e1s de shows musicales en vivo.<\/p>\n<p data-start=\"915\" data-end=\"1182\">La intendenta Alarc\u00f3n destac\u00f3 el valor del carnaval como expresi\u00f3n cultural, espacio de encuentro social y motor tur\u00edstico y econ\u00f3mico, agradeciendo el compromiso de las comparsas, organizadores, trabajadores y vecinos que hacen posible esta celebraci\u00f3n a\u00f1o tras a\u00f1o.<\/p>\n<h3 data-start=\"1189\" data-end=\"1211\"><img loading=\"lazy\" decoding=\"async\" class=\"wp-image-29731 alignleft\" src=\"https:\/\/radiobitacora.com.ar\/web\/wp-content\/uploads\/2026\/01\/624740325_1481866317275003_4099958351108891341_n.jpg\" alt=\"\" width=\"396\" height=\"264\" srcset=\"https:\/\/radiobitacora.com.ar\/web\/wp-content\/uploads\/2026\/01\/624740325_1481866317275003_4099958351108891341_n.jpg 1599w, https:\/\/radiobitacora.com.ar\/web\/wp-content\/uploads\/2026\/01\/624740325_1481866317275003_4099958351108891341_n-630x420.jpg 630w, https:\/\/radiobitacora.com.ar\/web\/wp-content\/uploads\/2026\/01\/624740325_1481866317275003_4099958351108891341_n-696x464.jpg 696w, https:\/\/radiobitacora.com.ar\/web\/wp-content\/uploads\/2026\/01\/624740325_1481866317275003_4099958351108891341_n-1068x712.jpg 1068w\" sizes=\"auto, (max-width: 396px) 100vw, 396px\" \/><\/h3>\n<h3 data-start=\"1189\" data-end=\"1211\">ENTRADAS Y ACCESOS<\/h3>\n<p data-start=\"1213\" data-end=\"1369\">El valor general de la entrada ser\u00e1 de $4.000, sin modalidad de combos, manteniendo el mismo precio tanto en la venta anticipada como en la venta en puerta.<\/p>\n<p data-start=\"1371\" data-end=\"1519\">El ingreso ser\u00e1 gratuito para menores de hasta 11 a\u00f1os inclusive, personas con discapacidad con un acompa\u00f1ante y veteranos de la Guerra de Malvinas.<\/p>\n<h3 data-start=\"1526\" data-end=\"1545\"><img loading=\"lazy\" decoding=\"async\" class=\"wp-image-29732 alignleft\" src=\"https:\/\/radiobitacora.com.ar\/web\/wp-content\/uploads\/2026\/01\/622378878_4176094512535656_6836581086909332464_n.jpg\" alt=\"\" width=\"395\" height=\"263\" srcset=\"https:\/\/radiobitacora.com.ar\/web\/wp-content\/uploads\/2026\/01\/622378878_4176094512535656_6836581086909332464_n.jpg 1600w, https:\/\/radiobitacora.com.ar\/web\/wp-content\/uploads\/2026\/01\/622378878_4176094512535656_6836581086909332464_n-630x420.jpg 630w, https:\/\/radiobitacora.com.ar\/web\/wp-content\/uploads\/2026\/01\/622378878_4176094512535656_6836581086909332464_n-696x464.jpg 696w, https:\/\/radiobitacora.com.ar\/web\/wp-content\/uploads\/2026\/01\/622378878_4176094512535656_6836581086909332464_n-1068x712.jpg 1068w\" sizes=\"auto, (max-width: 395px) 100vw, 395px\" \/><\/h3>\n<h3 data-start=\"1526\" data-end=\"1545\">PUNTOS DE VENTA<\/h3>\n<p data-start=\"1547\" data-end=\"1680\">En Carolina, las entradas se podr\u00e1n adquirir en el Municipio de Carolina, de 7:00 a 12:30, y en el Anexo Municipal, de 17:00 a 20:00.<\/p>\n<p data-start=\"1682\" data-end=\"1849\">En la ciudad de Goya, los puntos de venta ser\u00e1n El Quincho de SKY, ubicado en Mitre y Sarmiento, y Pasi\u00f3n Indumentaria, en J. J. Rol\u00f3n 826, ambos en horario comercial.<\/p>\n<h3 data-start=\"1856\" data-end=\"1890\"><img loading=\"lazy\" decoding=\"async\" class=\"wp-image-29733 alignleft\" src=\"https:\/\/radiobitacora.com.ar\/web\/wp-content\/uploads\/2026\/01\/622861464_4176094332535674_4549010567533541698_n.jpg\" alt=\"\" width=\"420\" height=\"280\" srcset=\"https:\/\/radiobitacora.com.ar\/web\/wp-content\/uploads\/2026\/01\/622861464_4176094332535674_4549010567533541698_n.jpg 1600w, https:\/\/radiobitacora.com.ar\/web\/wp-content\/uploads\/2026\/01\/622861464_4176094332535674_4549010567533541698_n-630x420.jpg 630w, https:\/\/radiobitacora.com.ar\/web\/wp-content\/uploads\/2026\/01\/622861464_4176094332535674_4549010567533541698_n-696x464.jpg 696w, https:\/\/radiobitacora.com.ar\/web\/wp-content\/uploads\/2026\/01\/622861464_4176094332535674_4549010567533541698_n-1068x712.jpg 1068w\" sizes=\"auto, (max-width: 420px) 100vw, 420px\" \/><\/h3>\n<h3 data-start=\"1856\" data-end=\"1890\">MESAS, UBICACIONES Y SERVICIOS<\/h3>\n<p data-start=\"1892\" data-end=\"2118\">Las mesas con cuatro sillas tendr\u00e1n un valor de $20.000. La organizaci\u00f3n estar\u00e1 a cargo de SKY Eventos, El Gordo Bus, JL Food Track y El Rinc\u00f3n de los Sabores Pub. Pr\u00f3ximamente se publicar\u00e1n los n\u00fameros para realizar reservas.<\/p>\n<p data-start=\"2120\" data-end=\"2251\">El cors\u00f3dromo contar\u00e1 con lugares gratuitos con sillas, espacio para silletas y un sector exclusivo para personas con discapacidad.<\/p>\n<p data-start=\"2253\" data-end=\"2423\">No estar\u00e1 permitido el ingreso con conservadoras, bebidas, comidas, nieves ni elementos corto punzantes. Dentro del cors\u00f3dromo habr\u00e1 venta de nieves a un valor de $4.000.<\/p>\n<h3 data-start=\"2430\" data-end=\"2456\">PROGRAMACI\u00d3N ART\u00cdSTICA<\/h3>\n<p data-start=\"2458\" data-end=\"2732\"><strong data-start=\"2458\" data-end=\"2491\">Noche 1 \u2013 S\u00e1bado 7 de febrero<\/strong><br data-start=\"2491\" data-end=\"2494\" \/>Desde las 22:00 horas<br data-start=\"2515\" data-end=\"2518\" \/>Bailanta \u00d1ande Roga \u2013 Carolina<br data-start=\"2548\" data-end=\"2551\" \/>Comparsa Caroveracitos \u2013 Carolina<br data-start=\"2584\" data-end=\"2587\" \/>Comparsa Poramba \u2013 Goya<br data-start=\"2610\" data-end=\"2613\" \/>Comparsa Caro Vera \u2013 Carolina<br data-start=\"2642\" data-end=\"2645\" \/>Comparsa Alel\u00ed \u2013 Bella Vista<br data-start=\"2673\" data-end=\"2676\" \/>Cierre con Los Pr\u00edncipes de Jorge Alberto y Ven a Bailar<\/p>\n<p data-start=\"2734\" data-end=\"2991\"><strong data-start=\"2734\" data-end=\"2768\">Noche 2 \u2013 S\u00e1bado 14 de febrero<\/strong><br data-start=\"2768\" data-end=\"2771\" \/>Desde las 22:00 horas<br data-start=\"2792\" data-end=\"2795\" \/>Bailanta \u00d1ande Roga \u2013 Carolina<br data-start=\"2825\" data-end=\"2828\" \/>Caroveracitos \u2013 Carolina<br data-start=\"2852\" data-end=\"2855\" \/>Comparsa Aymar\u00e1 \u2013 Goya<br data-start=\"2877\" data-end=\"2880\" \/>Comparsa Caro Vera \u2013 Carolina<br data-start=\"2909\" data-end=\"2912\" \/>Comparsa Anah\u00ed \u2013 Bella Vista<br data-start=\"2940\" data-end=\"2943\" \/>Cierre con Los Nuevos Amanecidos y La Choko Band<\/p>\n<h3 data-start=\"2998\" data-end=\"3032\">PRENSA, DIFUSI\u00d3N Y TRANSMISI\u00d3N<\/h3>\n<p data-start=\"3034\" data-end=\"3148\">Para acreditaciones de prensa, periodistas y fot\u00f3grafos, el contacto es V\u00edctor Hugo Aguirre, tel\u00e9fono 3777-400532.<\/p>\n<p data-start=\"3150\" data-end=\"3279\">Para publicidad y auspicios, comunicarse con la Secretar\u00eda de Finanzas, a cargo de la Cra. Melisa Demarchi, tel\u00e9fono 3777-628497.<\/p>\n<p data-start=\"3281\" data-end=\"3397\">Las dos noches de carnaval ser\u00e1n transmitidas en vivo a trav\u00e9s del canal de YouTube de la Municipalidad de Carolina.<\/p>\n","protected":false},"excerpt":{"rendered":"<p>Con gran expectativa y un importante acompa\u00f1amiento institucional y comunitario, se realiz\u00f3 el lanzamiento oficial de los Carnavales de Carolina 2026, una de las fiestas populares m\u00e1s esperadas del verano en la regi\u00f3n. El acto fue encabezado por la intendenta Andrea Alarc\u00f3n, junto a la presidenta de la comparsa Caro Vera, Marina Pereira; la core\u00f3grafa [&hellip;]<\/p>\n","protected":false},"author":2,"featured_media":29734,"comment_status":"open","ping_status":"open","sticky":false,"template":"","format":"standard","meta":{"footnotes":""},"categories":[72],"tags":[],"class_list":{"0":"post-29730","1":"post","2":"type-post","3":"status-publish","4":"format-standard","5":"has-post-thumbnail","7":"category-provinciales"},"_links":{"self":[{"href":"https:\/\/radiobitacora.com.ar\/web\/wp-json\/wp\/v2\/posts\/29730","targetHints":{"allow":["GET"]}}],"collection":[{"href":"https:\/\/radiobitacora.com.ar\/web\/wp-json\/wp\/v2\/posts"}],"about":[{"href":"https:\/\/radiobitacora.com.ar\/web\/wp-json\/wp\/v2\/types\/post"}],"author":[{"embeddable":true,"href":"https:\/\/radiobitacora.com.ar\/web\/wp-json\/wp\/v2\/users\/2"}],"replies":[{"embeddable":true,"href":"https:\/\/radiobitacora.com.ar\/web\/wp-json\/wp\/v2\/comments?post=29730"}],"version-history":[{"count":0,"href":"https:\/\/radiobitacora.com.ar\/web\/wp-json\/wp\/v2\/posts\/29730\/revisions"}],"wp:featuredmedia":[{"embeddable":true,"href":"https:\/\/radiobitacora.com.ar\/web\/wp-json\/wp\/v2\/media\/29734"}],"wp:attachment":[{"href":"https:\/\/radiobitacora.com.ar\/web\/wp-json\/wp\/v2\/media?parent=29730"}],"wp:term":[{"taxonomy":"category","embeddable":true,"href":"https:\/\/radiobitacora.com.ar\/web\/wp-json\/wp\/v2\/categories?post=29730"},{"taxonomy":"post_tag","embeddable":true,"href":"https:\/\/radiobitacora.com.ar\/web\/wp-json\/wp\/v2\/tags?post=29730"}],"curies":[{"name":"wp","href":"https:\/\/api.w.org\/{rel}","templated":true}]}}