{"id":29736,"date":"2026-01-30T20:50:36","date_gmt":"2026-01-30T23:50:36","guid":{"rendered":"https:\/\/radiobitacora.com.ar\/web\/?p=29736"},"modified":"2026-01-30T20:50:36","modified_gmt":"2026-01-30T23:50:36","slug":"la-iglesia-convoca-a-una-marcha-y-misa-por-los-trabajadores-de-alal","status":"publish","type":"post","link":"https:\/\/radiobitacora.com.ar\/web\/2026\/01\/30\/la-iglesia-convoca-a-una-marcha-y-misa-por-los-trabajadores-de-alal\/","title":{"rendered":"LA IGLESIA CONVOCA A UNA MARCHA Y MISA POR LOS TRABAJADORES DE ALAL"},"content":{"rendered":"<div class=\"xdj266r x14z9mp xat24cr x1lziwak x1vvkbs x126k92a\">\n<div dir=\"auto\">Ante el reciente anuncio del cierre de la hist\u00f3rica firma textil Emilio Alal, el obispo de Goya, monse\u00f1or Adolfo Canec\u00edn, hizo un apremiante llamado a la comunidad diocesana para expresar cercan\u00eda, solidaridad y acompa\u00f1amiento espiritual a las m\u00e1s de 260 familias afectadas por la p\u00e9rdida de sus puestos de trabajo.<\/div>\n<div dir=\"auto\">La centenaria empresa, fundada en 1914, confirm\u00f3 el cese de operaciones en sus plantas de Corrientes y Chaco, dejando un fuerte impacto social en la regi\u00f3n. Ante esta realidad, el prelado inst\u00f3 a los fieles a no permanecer indiferentes y a manifestar la &#8220;caridad fraterna&#8221; de la Iglesia.<\/div>\n<\/div>\n<div class=\"x14z9mp xat24cr x1lziwak x1vvkbs xtlvy1s x126k92a\">\n<div dir=\"auto\">La convocatoria tendr\u00e1 lugar el domingo 1 de febrero a las 19, frente a las instalaciones de la empresa Alal. Desde ese punto, se iniciar\u00e1 el rezo del V\u00eda Crucis procesional hasta la parroquia San Jos\u00e9 Obrero, donde el obispo presidir\u00e1 la Santa Misa para pedir por la fuente laboral y el sustento de los damnificados.<\/div>\n<\/div>\n<div class=\"x14z9mp xat24cr x1lziwak x1vvkbs xtlvy1s x126k92a\">\n<div dir=\"auto\">Monse\u00f1or Canec\u00edn pidi\u00f3 especialmente a los p\u00e1rrocos y comunidades que: Identifiquen si en sus jurisdicciones residen trabajadores desvinculados de la empresa. Realicen visitas domiciliarias para brindar consuelo y escucha. Mantengan una actitud de oraci\u00f3n permanente por la situaci\u00f3n productiva de la provincia.<\/div>\n<\/div>\n<div class=\"x14z9mp xat24cr x1lziwak x1vvkbs xtlvy1s x126k92a\">\n<div dir=\"auto\">&#8220;Es momento de expresar nuestra cercan\u00eda y acompa\u00f1amiento a las familias y trabajadores&#8221;, expres\u00f3 el obispo, subrayando la importancia de la presencia de la Iglesia en los momentos de mayor incertidumbre social.-<\/div>\n<\/div>\n","protected":false},"excerpt":{"rendered":"<p>Ante el reciente anuncio del cierre de la hist\u00f3rica firma textil Emilio Alal, el obispo de Goya, monse\u00f1or Adolfo Canec\u00edn, hizo un apremiante llamado a la comunidad diocesana para expresar cercan\u00eda, solidaridad y acompa\u00f1amiento espiritual a las m\u00e1s de 260 familias afectadas por la p\u00e9rdida de sus puestos de trabajo. La centenaria empresa, fundada en [&hellip;]<\/p>\n","protected":false},"author":2,"featured_media":29737,"comment_status":"open","ping_status":"open","sticky":false,"template":"","format":"standard","meta":{"footnotes":""},"categories":[56],"tags":[],"class_list":{"0":"post-29736","1":"post","2":"type-post","3":"status-publish","4":"format-standard","5":"has-post-thumbnail","7":"category-locales"},"_links":{"self":[{"href":"https:\/\/radiobitacora.com.ar\/web\/wp-json\/wp\/v2\/posts\/29736","targetHints":{"allow":["GET"]}}],"collection":[{"href":"https:\/\/radiobitacora.com.ar\/web\/wp-json\/wp\/v2\/posts"}],"about":[{"href":"https:\/\/radiobitacora.com.ar\/web\/wp-json\/wp\/v2\/types\/post"}],"author":[{"embeddable":true,"href":"https:\/\/radiobitacora.com.ar\/web\/wp-json\/wp\/v2\/users\/2"}],"replies":[{"embeddable":true,"href":"https:\/\/radiobitacora.com.ar\/web\/wp-json\/wp\/v2\/comments?post=29736"}],"version-history":[{"count":0,"href":"https:\/\/radiobitacora.com.ar\/web\/wp-json\/wp\/v2\/posts\/29736\/revisions"}],"wp:featuredmedia":[{"embeddable":true,"href":"https:\/\/radiobitacora.com.ar\/web\/wp-json\/wp\/v2\/media\/29737"}],"wp:attachment":[{"href":"https:\/\/radiobitacora.com.ar\/web\/wp-json\/wp\/v2\/media?parent=29736"}],"wp:term":[{"taxonomy":"category","embeddable":true,"href":"https:\/\/radiobitacora.com.ar\/web\/wp-json\/wp\/v2\/categories?post=29736"},{"taxonomy":"post_tag","embeddable":true,"href":"https:\/\/radiobitacora.com.ar\/web\/wp-json\/wp\/v2\/tags?post=29736"}],"curies":[{"name":"wp","href":"https:\/\/api.w.org\/{rel}","templated":true}]}}