{"id":29739,"date":"2026-01-30T21:01:14","date_gmt":"2026-01-31T00:01:14","guid":{"rendered":"https:\/\/radiobitacora.com.ar\/web\/?p=29739"},"modified":"2026-01-30T21:01:21","modified_gmt":"2026-01-31T00:01:21","slug":"pochettino-se-cruzo-con-uno-de-sus-dirigidos-que-critico-los-precios-de-las-entradas-del-mundial","status":"publish","type":"post","link":"https:\/\/radiobitacora.com.ar\/web\/2026\/01\/30\/pochettino-se-cruzo-con-uno-de-sus-dirigidos-que-critico-los-precios-de-las-entradas-del-mundial\/","title":{"rendered":"POCHETTINO SE CRUZ\u00d3 CON UNO DE SUS DIRIGIDOS QUE CRITIC\u00d3 LOS PRECIOS DE LAS ENTRADAS DEL MUNDIAL"},"content":{"rendered":"<p>El entrenador argentino que dirige a Estados Unidos le contest\u00f3 a Timothy Weah, quien asegur\u00f3 que estaba &#8220;decepcionado&#8221; por los tickets.<\/p>\n<p>El entrenador argentino Mauricio Pochettino, que dirigir\u00e1 a Estados Unidos -uno de los anfitriones- en la pr\u00f3xima Copa del Mundo, le contest\u00f3 a uno de sus dirigidos, Timothy Weah, que critic\u00f3 los\u00a0<a href=\"https:\/\/www.tycsports.com\/mundial\/las-entradas-para-la-final-del-mundial-2026-subas-de-hasta-ocho-veces-respecto-a-qatar-2022-id703730.html\" target=\"_blank\" rel=\"noopener\">precios de las entradas del Mundial 2026<\/a>.<\/p>\n<p>El delantero de 25 a\u00f1os, hijo de George, quien jug\u00f3 para Liberia, asegur\u00f3 d\u00edas atr\u00e1s que estaba decepcionado por el valor de los tickets.\u00a0<b><i>&#8220;Es demasiado caro, muchos aficionados de verdad se perder\u00e1n los partidos&#8221;<\/i><\/b>, expres\u00f3.<\/p>\n<p>Sobre eso fue consultado el santafesino, que dirige al seleccionado norteamericano desde septiembre de 2024, y contest\u00f3:\u00a0<i>&#8220;Mi trabajo, mi deber, es preparar al equipo, a la selecci\u00f3n de Estados Unidos, de la mejor manera posible para rendir.\u00a0<b>No somos pol\u00edticos. Somos gente del deporte y solo podemos hablar de nuestro trabajo<\/b>&#8220;.<\/i><\/p>\n<p>A su vez, el DT de 53 a\u00f1os, que en marzo enfrentar\u00e1 a B\u00e9lgica y Portugal, agreg\u00f3:\u00a0<i><b>&#8220;Los jugadores deben hablar en el campo, jugando al f\u00fatbol. No fuera de \u00e9l; no es su deber evaluar el precio de las entradas&#8221;<\/b><\/i>.<\/p>\n<p>Minutos despu\u00e9s contin\u00fao con su explicaci\u00f3n:\u00a0<i>&#8220;<b>No nos corresponde a nosotros dar nuestra opini\u00f3n; nuestra responsabilidad es jugar y rendir en el campo.<\/b>\u00a0Quien est\u00e1 a cargo de la Federaci\u00f3n, quiz\u00e1, s\u00ed pueda dar la suya. Debemos centrarnos en el aspecto deportivo y confiar en la organizaci\u00f3n que est\u00e1 a cargo del f\u00fatbol a nivel mundial, que har\u00e1 lo correcto&#8221;<\/i>.<\/p>\n<p>Las declaraciones de Pochettino se producen en un contexto marcado por algunas cr\u00edticas a los precios de las entradas para el Mundial 2026, que no solo incluyen los dichos de Weah.<\/p>\n<p>&nbsp;<\/p>\n","protected":false},"excerpt":{"rendered":"<p>El entrenador argentino que dirige a Estados Unidos le contest\u00f3 a Timothy Weah, quien asegur\u00f3 que estaba &#8220;decepcionado&#8221; por los tickets. El entrenador argentino Mauricio Pochettino, que dirigir\u00e1 a Estados Unidos -uno de los anfitriones- en la pr\u00f3xima Copa del Mundo, le contest\u00f3 a uno de sus dirigidos, Timothy Weah, que critic\u00f3 los\u00a0precios de las [&hellip;]<\/p>\n","protected":false},"author":2,"featured_media":29740,"comment_status":"open","ping_status":"open","sticky":false,"template":"","format":"standard","meta":{"footnotes":""},"categories":[78],"tags":[],"class_list":{"0":"post-29739","1":"post","2":"type-post","3":"status-publish","4":"format-standard","5":"has-post-thumbnail","7":"category-deportes"},"_links":{"self":[{"href":"https:\/\/radiobitacora.com.ar\/web\/wp-json\/wp\/v2\/posts\/29739","targetHints":{"allow":["GET"]}}],"collection":[{"href":"https:\/\/radiobitacora.com.ar\/web\/wp-json\/wp\/v2\/posts"}],"about":[{"href":"https:\/\/radiobitacora.com.ar\/web\/wp-json\/wp\/v2\/types\/post"}],"author":[{"embeddable":true,"href":"https:\/\/radiobitacora.com.ar\/web\/wp-json\/wp\/v2\/users\/2"}],"replies":[{"embeddable":true,"href":"https:\/\/radiobitacora.com.ar\/web\/wp-json\/wp\/v2\/comments?post=29739"}],"version-history":[{"count":0,"href":"https:\/\/radiobitacora.com.ar\/web\/wp-json\/wp\/v2\/posts\/29739\/revisions"}],"wp:featuredmedia":[{"embeddable":true,"href":"https:\/\/radiobitacora.com.ar\/web\/wp-json\/wp\/v2\/media\/29740"}],"wp:attachment":[{"href":"https:\/\/radiobitacora.com.ar\/web\/wp-json\/wp\/v2\/media?parent=29739"}],"wp:term":[{"taxonomy":"category","embeddable":true,"href":"https:\/\/radiobitacora.com.ar\/web\/wp-json\/wp\/v2\/categories?post=29739"},{"taxonomy":"post_tag","embeddable":true,"href":"https:\/\/radiobitacora.com.ar\/web\/wp-json\/wp\/v2\/tags?post=29739"}],"curies":[{"name":"wp","href":"https:\/\/api.w.org\/{rel}","templated":true}]}}