{"id":29745,"date":"2026-01-30T21:14:22","date_gmt":"2026-01-31T00:14:22","guid":{"rendered":"https:\/\/radiobitacora.com.ar\/web\/?p=29745"},"modified":"2026-01-30T21:14:22","modified_gmt":"2026-01-31T00:14:22","slug":"el-bocha-sheridan-respondio-a-los-nocheros-y-un-alonsito-se-metio-en-la-polemica-esta-mas-para-intrusos","status":"publish","type":"post","link":"https:\/\/radiobitacora.com.ar\/web\/2026\/01\/30\/el-bocha-sheridan-respondio-a-los-nocheros-y-un-alonsito-se-metio-en-la-polemica-esta-mas-para-intrusos\/","title":{"rendered":"EL &#8220;BOCHA&#8221; SHERIDAN RESPONDI\u00d3 A LOS NOCHEROS Y UN &#8220;ALONSITO&#8221; SE METI\u00d3 EN LA POL\u00c9MICA: &#8220;EST\u00c1 M\u00c1S PARA INTRUSOS&#8221;"},"content":{"rendered":"<div class=\"xdj266r x14z9mp xat24cr x1lziwak x1vvkbs x126k92a\">\n<div dir=\"auto\">El reconocido cantautor mercede\u00f1o se refiri\u00f3 a las expresiones del grupo folcl\u00f3rico salte\u00f1o despu\u00e9s que tildaran a los chamameceros de &#8220;ser m\u00e1s cerrados que tuje de mu\u00f1eca&#8221;. Fue anoche durante una conferencia al finalizar su presentaci\u00f3n en Cosqu\u00edn.<\/div>\n<\/div>\n<div class=\"x14z9mp xat24cr x1lziwak x1vvkbs xtlvy1s x126k92a\">\n<div dir=\"auto\">Sheridan los acus\u00f3 de &#8220;faltar el respeto no solo a m\u00ed, sino a los artistas chamameceros. Parece que no les ense\u00f1aron educaci\u00f3n y ojal\u00e1 no los traigan m\u00e1s. No merecen estar en la Fiesta del Chamam\u00e9&#8221;<\/div>\n<\/div>\n<div class=\"x14z9mp xat24cr x1lziwak x1vvkbs xtlvy1s x126k92a\">\n<div dir=\"auto\">\u201cYo no ofend\u00ed a nadie. Al contrario, trat\u00e9 de justificar la venida de grupos que por ah\u00ed no hacen chamam\u00e9, diciendo que la responsabilidad es de quienes los contratan\u201d, sostuvo el compositor correntino al hablar con Radio Sudamericana.<\/div>\n<\/div>\n<div class=\"x14z9mp xat24cr x1lziwak x1vvkbs xtlvy1s x126k92a\">\n<div dir=\"auto\">\u201cLo que dijo este muchacho es una falta de respeto hacia nuestra m\u00fasica. Yo en ning\u00fan momento ofend\u00ed a nadie, pero ellos salieron a ofender no solo a m\u00ed, sino a todos los que hacemos chamam\u00e9\u201d, afirm\u00f3.<\/div>\n<\/div>\n<div class=\"x14z9mp xat24cr x1lziwak x1vvkbs xtlvy1s x126k92a\">\n<div dir=\"auto\">Adem\u00e1s, sheridan cuestion\u00f3 la coherencia del grupo salte\u00f1o al recordar que obtuvieron un reconocimiento gracias al chamam\u00e9. \u201cEllos mencionaron que ganaron un Premio Gardel con el chamam\u00e9. Entonces no s\u00e9 por qu\u00e9 ofenden a nuestra m\u00fasica\u201d..<\/div>\n<\/div>\n<div class=\"x14z9mp xat24cr x1lziwak x1vvkbs xtlvy1s x126k92a\">\n<div dir=\"auto\">Por su parte Ariel Baez, voz y referente del grupo Los Alonsitos cuestion\u00f3 a su colega chamamcero. El tambi\u00e9n viceintendente de la capital correntina fue consultado por Radio Dos.<\/div>\n<\/div>\n<div class=\"x14z9mp xat24cr x1lziwak x1vvkbs xtlvy1s x126k92a\">\n<div dir=\"auto\">&#8220;El bocha se est\u00e1 haciendo m\u00e1s conocido hablando que cantando y eso es peligroso. Est\u00e1 mas para LAM y para Intruso. Yo lo quiero mucho y se lo dije a \u00e9l&#8221;, expres\u00f3 el artista y politico correntino, cercano a Los Nocheros.<\/div>\n<\/div>\n<div class=\"x14z9mp xat24cr x1lziwak x1vvkbs xtlvy1s x126k92a\">\n<div dir=\"auto\">Recordemos que Los Alonsitos y los salte\u00f1os comparten periodicamente escenarios en diferentes lugares y fiestas populares del pa\u00eds.<\/div>\n<\/div>\n<div class=\"x14z9mp xat24cr x1lziwak x1vvkbs xtlvy1s x126k92a\">\n<div dir=\"auto\">Los Nocheros ganaron el Premio Gardel en 2016 en la categor\u00eda &#8220;Mejor \u00c1lbum de Chamam\u00e9&#8221; por su colaboraci\u00f3n en el disco Chamam\u00e9 junto a Los Alonsitos.<\/div>\n<\/div>\n<div class=\"x14z9mp xat24cr x1lziwak x1vvkbs xtlvy1s x126k92a\">\n<div dir=\"auto\">Aunque son principalmente un grupo de folklore y balada salte\u00f1a, este reconocimiento destac\u00f3 su incursi\u00f3n en el g\u00e9nero litorale\u00f1o.<\/div>\n<\/div>\n","protected":false},"excerpt":{"rendered":"<p>El reconocido cantautor mercede\u00f1o se refiri\u00f3 a las expresiones del grupo folcl\u00f3rico salte\u00f1o despu\u00e9s que tildaran a los chamameceros de &#8220;ser m\u00e1s cerrados que tuje de mu\u00f1eca&#8221;. Fue anoche durante una conferencia al finalizar su presentaci\u00f3n en Cosqu\u00edn. Sheridan los acus\u00f3 de &#8220;faltar el respeto no solo a m\u00ed, sino a los artistas chamameceros. Parece [&hellip;]<\/p>\n","protected":false},"author":2,"featured_media":29746,"comment_status":"open","ping_status":"open","sticky":false,"template":"","format":"standard","meta":{"footnotes":""},"categories":[75],"tags":[],"class_list":{"0":"post-29745","1":"post","2":"type-post","3":"status-publish","4":"format-standard","5":"has-post-thumbnail","7":"category-novedades"},"_links":{"self":[{"href":"https:\/\/radiobitacora.com.ar\/web\/wp-json\/wp\/v2\/posts\/29745","targetHints":{"allow":["GET"]}}],"collection":[{"href":"https:\/\/radiobitacora.com.ar\/web\/wp-json\/wp\/v2\/posts"}],"about":[{"href":"https:\/\/radiobitacora.com.ar\/web\/wp-json\/wp\/v2\/types\/post"}],"author":[{"embeddable":true,"href":"https:\/\/radiobitacora.com.ar\/web\/wp-json\/wp\/v2\/users\/2"}],"replies":[{"embeddable":true,"href":"https:\/\/radiobitacora.com.ar\/web\/wp-json\/wp\/v2\/comments?post=29745"}],"version-history":[{"count":0,"href":"https:\/\/radiobitacora.com.ar\/web\/wp-json\/wp\/v2\/posts\/29745\/revisions"}],"wp:featuredmedia":[{"embeddable":true,"href":"https:\/\/radiobitacora.com.ar\/web\/wp-json\/wp\/v2\/media\/29746"}],"wp:attachment":[{"href":"https:\/\/radiobitacora.com.ar\/web\/wp-json\/wp\/v2\/media?parent=29745"}],"wp:term":[{"taxonomy":"category","embeddable":true,"href":"https:\/\/radiobitacora.com.ar\/web\/wp-json\/wp\/v2\/categories?post=29745"},{"taxonomy":"post_tag","embeddable":true,"href":"https:\/\/radiobitacora.com.ar\/web\/wp-json\/wp\/v2\/tags?post=29745"}],"curies":[{"name":"wp","href":"https:\/\/api.w.org\/{rel}","templated":true}]}}