{"id":30891,"date":"2026-03-03T12:48:53","date_gmt":"2026-03-03T15:48:53","guid":{"rendered":"https:\/\/radiobitacora.com.ar\/web\/?p=30891"},"modified":"2026-03-03T12:48:53","modified_gmt":"2026-03-03T15:48:53","slug":"alerta-global-por-el-aumento-de-cancer-de-mama-podrian-registrarse-35-millones-de-nuevos-casos-en-2050","status":"publish","type":"post","link":"https:\/\/radiobitacora.com.ar\/web\/2026\/03\/03\/alerta-global-por-el-aumento-de-cancer-de-mama-podrian-registrarse-35-millones-de-nuevos-casos-en-2050\/","title":{"rendered":"Alerta global por el aumento de c\u00e1ncer de mama: podr\u00edan registrarse 3,5 millones de nuevos casos en 2050"},"content":{"rendered":"<p class=\"paragraph\" data-mrf-recirculation=\"Links inline\">El\u00a0<a title=\"https:\/\/www.infobae.com\/tag\/cancer-de-mama\/\" href=\"https:\/\/www.infobae.com\/tag\/cancer-de-mama\/\" target=\"_blank\" rel=\"noopener noreferrer\" data-mrf-link=\"https:\/\/www.infobae.com\/tag\/cancer-de-mama\/\"><b>c\u00e1ncer de mama<\/b><\/a>\u00a0es el\u00a0<b>tumor m\u00e1s com\u00fan entre las mujeres en todo el mundo<\/b> y una de las principales causas de muerte prematura.<\/p>\n<p class=\"paragraph\" data-mrf-recirculation=\"Links inline\">Un nuevo informe global, que fue publicado en la revista\u00a0<a title=\"https:\/\/www.thelancet.com\/journals\/lanonc\/article\/PIIS1470-2045(25)00730-2\/fulltext?utm_campaign=tlpr&amp;utm_medium=email&amp;_hsenc=p2ANqtz-_dGhRX36Mq0eQAVAWBt5Y-5emN0YwD8knDPnR_OU198YhkUoGOv3XXzOKup-OCjnvu8FjaunmjyZKEWUreJ-mSeJI_oQ&amp;_hsmi=405258249&amp;utm_content=405258249&amp;utm_source=hs_email\" href=\"https:\/\/www.thelancet.com\/journals\/lanonc\/article\/PIIS1470-2045(25)00730-2\/fulltext?utm_campaign=tlpr&amp;utm_medium=email&amp;_hsenc=p2ANqtz-_dGhRX36Mq0eQAVAWBt5Y-5emN0YwD8knDPnR_OU198YhkUoGOv3XXzOKup-OCjnvu8FjaunmjyZKEWUreJ-mSeJI_oQ&amp;_hsmi=405258249&amp;utm_content=405258249&amp;utm_source=hs_email\" target=\"_blank\" rel=\"noopener noreferrer sponsored\" data-mrf-link=\"https:\/\/www.thelancet.com\/journals\/lanonc\/article\/PIIS1470-2045(25)00730-2\/fulltext?utm_campaign=tlpr&amp;utm_medium=email&amp;_hsenc=p2ANqtz-_dGhRX36Mq0eQAVAWBt5Y-5emN0YwD8knDPnR_OU198YhkUoGOv3XXzOKup-OCjnvu8FjaunmjyZKEWUreJ-mSeJI_oQ&amp;_hsmi=405258249&amp;utm_content=405258249&amp;utm_source=hs_email\"><i><b>The Lancet Oncology<\/b><\/i><\/a>, revel\u00f3 que en 2023 se estimaron 2,3 millones de nuevos\u00a0<a title=\"https:\/\/www.infobae.com\/salud\/ciencia\/2025\/10\/20\/cancer-de-mama-el-90-de-los-casos-pueden-curarse-si-se-detectan-a-tiempo\/\" href=\"https:\/\/www.infobae.com\/salud\/ciencia\/2025\/10\/20\/cancer-de-mama-el-90-de-los-casos-pueden-curarse-si-se-detectan-a-tiempo\/\" target=\"_blank\" rel=\"noopener noreferrer\" data-mrf-link=\"https:\/\/www.infobae.com\/salud\/ciencia\/2025\/10\/20\/cancer-de-mama-el-90-de-los-casos-pueden-curarse-si-se-detectan-a-tiempo\/\"><b>casos\u00a0<\/b><\/a>y 764.000 muertes en mujeres.<\/p>\n<div class=\"inline ad-wrapper\">\n<div class=\"dfpAd ad-inline\"><\/div>\n<\/div>\n<p class=\"paragraph\" data-mrf-recirculation=\"Links inline\">Se detect\u00f3 que la\u00a0<b>tasa de incidencia de c\u00e1ncer de mama en mujeres que tienen entre 20 y 54 a\u00f1os aument\u00f3 un 29% entre 1990 y 2023<\/b>. La incidencia en ese grupo de personas pas\u00f3 de 39,1 a 50,4 casos por 100.000 mujeres en ese per\u00edodo.<\/p>\n<div class=\"visual__image\"><picture><source srcset=\"https:\/\/www.infobae.com\/resizer\/v2\/XY5E2WJ6KNDHLMMJWMHLKQXKGM.png?auth=71857026206e47d3e0622832d55be48c3f9ed752664ee07fa64759ef567f893e&amp;smart=true&amp;width=992&amp;height=541&amp;quality=85\" media=\"(min-width: 1000px)\" \/><source srcset=\"https:\/\/www.infobae.com\/resizer\/v2\/XY5E2WJ6KNDHLMMJWMHLKQXKGM.png?auth=71857026206e47d3e0622832d55be48c3f9ed752664ee07fa64759ef567f893e&amp;smart=true&amp;width=768&amp;height=419&amp;quality=85\" media=\"(min-width: 768px)\" \/><source srcset=\"https:\/\/www.infobae.com\/resizer\/v2\/XY5E2WJ6KNDHLMMJWMHLKQXKGM.png?auth=71857026206e47d3e0622832d55be48c3f9ed752664ee07fa64759ef567f893e&amp;smart=true&amp;width=577&amp;height=315&amp;quality=85\" media=\"(min-width: 580px)\" \/><source srcset=\"https:\/\/www.infobae.com\/resizer\/v2\/XY5E2WJ6KNDHLMMJWMHLKQXKGM.png?auth=71857026206e47d3e0622832d55be48c3f9ed752664ee07fa64759ef567f893e&amp;smart=true&amp;width=420&amp;height=229&amp;quality=85\" media=\"(min-width: 350px)\" \/><source srcset=\"https:\/\/www.infobae.com\/resizer\/v2\/XY5E2WJ6KNDHLMMJWMHLKQXKGM.png?auth=71857026206e47d3e0622832d55be48c3f9ed752664ee07fa64759ef567f893e&amp;smart=true&amp;width=350&amp;height=191&amp;quality=85\" media=\"(min-width: 80px)\" \/><img loading=\"lazy\" decoding=\"async\" class=\"global-image\" src=\"https:\/\/www.infobae.com\/resizer\/v2\/XY5E2WJ6KNDHLMMJWMHLKQXKGM.png?auth=71857026206e47d3e0622832d55be48c3f9ed752664ee07fa64759ef567f893e&amp;smart=true&amp;width=350&amp;height=191&amp;quality=85\" alt=\"En las mujeres j\u00f3venes, el\" width=\"1408\" height=\"768\" \/><\/picture>En las mujeres j\u00f3venes, el estudio muestra que los casos de c\u00e1ncer de mama aumentaron un 29% en las \u00faltimas tres d\u00e9cadas. (Imagen Ilustrativa Infobae)<\/div>\n<p class=\"paragraph\" data-mrf-recirculation=\"Links inline\">Este incremento contrasta con la estabilidad en la incidencia entre mujeres mayores de 55 a\u00f1os, donde no se observaron grandes cambios.<\/p>\n<div class=\"inline_2_DSK ad-wrapper ad-desktop\">\n<div class=\"dfpAd ad-inline\"><\/div>\n<\/div>\n<p class=\"paragraph\" data-mrf-recirculation=\"Links inline\">Tambi\u00e9n se registr\u00f3 la\u00a0<b>p\u00e9rdida de 24,1 millones de a\u00f1os de vida saludable (DALYs) a nivel global<\/b>, una cifra que se duplic\u00f3 desde 1990.<\/p>\n<p class=\"paragraph\" data-mrf-recirculation=\"Links inline\">Con los DALYs, los expertos en epidemiolog\u00eda miden la cantidad total de a\u00f1os perdidos por enfermedad, discapacidad o muerte prematura en una poblaci\u00f3n.<\/p>\n<div class=\"visual__image\"><picture><source srcset=\"https:\/\/www.infobae.com\/resizer\/v2\/C7A6CFJH3VH6LJHM7WAR5SF5JU.png?auth=e89b26c627ded91780732a472491bc6ce1435d57de0df3dc272f193db2e702dc&amp;smart=true&amp;width=992&amp;height=541&amp;quality=85\" media=\"(min-width: 1000px)\" \/><source srcset=\"https:\/\/www.infobae.com\/resizer\/v2\/C7A6CFJH3VH6LJHM7WAR5SF5JU.png?auth=e89b26c627ded91780732a472491bc6ce1435d57de0df3dc272f193db2e702dc&amp;smart=true&amp;width=768&amp;height=419&amp;quality=85\" media=\"(min-width: 768px)\" \/><source srcset=\"https:\/\/www.infobae.com\/resizer\/v2\/C7A6CFJH3VH6LJHM7WAR5SF5JU.png?auth=e89b26c627ded91780732a472491bc6ce1435d57de0df3dc272f193db2e702dc&amp;smart=true&amp;width=577&amp;height=315&amp;quality=85\" media=\"(min-width: 580px)\" \/><source srcset=\"https:\/\/www.infobae.com\/resizer\/v2\/C7A6CFJH3VH6LJHM7WAR5SF5JU.png?auth=e89b26c627ded91780732a472491bc6ce1435d57de0df3dc272f193db2e702dc&amp;smart=true&amp;width=420&amp;height=229&amp;quality=85\" media=\"(min-width: 350px)\" \/><source srcset=\"https:\/\/www.infobae.com\/resizer\/v2\/C7A6CFJH3VH6LJHM7WAR5SF5JU.png?auth=e89b26c627ded91780732a472491bc6ce1435d57de0df3dc272f193db2e702dc&amp;smart=true&amp;width=350&amp;height=191&amp;quality=85\" media=\"(min-width: 80px)\" \/><img loading=\"lazy\" decoding=\"async\" class=\"global-image\" src=\"https:\/\/www.infobae.com\/resizer\/v2\/C7A6CFJH3VH6LJHM7WAR5SF5JU.png?auth=e89b26c627ded91780732a472491bc6ce1435d57de0df3dc272f193db2e702dc&amp;smart=true&amp;width=350&amp;height=191&amp;quality=85\" alt=\"El tabaquismo, incluido el pasivo,\" width=\"1408\" height=\"768\" \/><\/picture>El tabaquismo, incluido el pasivo, es uno de los factores de riesgo m\u00e1s importantes para el c\u00e1ncer de mama. Su impacto baj\u00f3 en las \u00faltimas d\u00e9cadas al reducirse el consumo.(Imagen Ilustrativa Infobae)<\/div>\n<p class=\"paragraph\" data-mrf-recirculation=\"Links inline\">Alrededor del 28% de\u00a0<b>estos a\u00f1os de vida saludable perdidos se relacionan con seis factores de riesgo<\/b>\u00a0que pueden modificarse. Esos factores son:<\/p>\n<ol class=\"list\" data-icon=\"\u2b24\">\n<li data-icon=\"\u2b24\">Una dieta con alto consumo de<b>\u00a0carne roja<\/b>.<\/li>\n<li data-icon=\"\u2b24\"><b>Tabaquismo\u00a0<\/b>(incluido el pasivo).<\/li>\n<li data-icon=\"\u2b24\">Niveles altos de\u00a0<b>az\u00facar en sangre<\/b>.<\/li>\n<li data-icon=\"\u2b24\">Exceso de peso.<\/li>\n<li data-icon=\"\u2b24\">Consumo elevado de\u00a0<b>alcohol<\/b>.<\/li>\n<li data-icon=\"\u2b24\">Poca actividad f\u00edsica.<\/li>\n<\/ol>\n<div class=\"visual__image\"><picture><source srcset=\"https:\/\/www.infobae.com\/resizer\/v2\/OGEPJS3KD5HXZHFSEBYIOKC2AA.jpg?auth=9ccef49821026a0aa3fe138867a20b3cc8ec9304cbca3ca52599e4fb6986bd67&amp;smart=true&amp;width=992&amp;height=556&amp;quality=85\" media=\"(min-width: 1000px)\" \/><source srcset=\"https:\/\/www.infobae.com\/resizer\/v2\/OGEPJS3KD5HXZHFSEBYIOKC2AA.jpg?auth=9ccef49821026a0aa3fe138867a20b3cc8ec9304cbca3ca52599e4fb6986bd67&amp;smart=true&amp;width=768&amp;height=430&amp;quality=85\" media=\"(min-width: 768px)\" \/><source srcset=\"https:\/\/www.infobae.com\/resizer\/v2\/OGEPJS3KD5HXZHFSEBYIOKC2AA.jpg?auth=9ccef49821026a0aa3fe138867a20b3cc8ec9304cbca3ca52599e4fb6986bd67&amp;smart=true&amp;width=577&amp;height=323&amp;quality=85\" media=\"(min-width: 580px)\" \/><source srcset=\"https:\/\/www.infobae.com\/resizer\/v2\/OGEPJS3KD5HXZHFSEBYIOKC2AA.jpg?auth=9ccef49821026a0aa3fe138867a20b3cc8ec9304cbca3ca52599e4fb6986bd67&amp;smart=true&amp;width=420&amp;height=235&amp;quality=85\" media=\"(min-width: 350px)\" \/><source srcset=\"https:\/\/www.infobae.com\/resizer\/v2\/OGEPJS3KD5HXZHFSEBYIOKC2AA.jpg?auth=9ccef49821026a0aa3fe138867a20b3cc8ec9304cbca3ca52599e4fb6986bd67&amp;smart=true&amp;width=350&amp;height=196&amp;quality=85\" media=\"(min-width: 80px)\" \/><img loading=\"lazy\" decoding=\"async\" class=\"global-image\" src=\"https:\/\/www.infobae.com\/resizer\/v2\/OGEPJS3KD5HXZHFSEBYIOKC2AA.jpg?auth=9ccef49821026a0aa3fe138867a20b3cc8ec9304cbca3ca52599e4fb6986bd67&amp;smart=true&amp;width=350&amp;height=196&amp;quality=85\" alt=\"El consumo de alcohol tambi\u00e9n\" width=\"1456\" height=\"816\" \/><\/picture>El consumo de alcohol tambi\u00e9n es un factor de riesgo relevante para el c\u00e1ncer de mama (Imagen Ilustrativa Infobae)<\/div>\n<p class=\"paragraph\" data-mrf-recirculation=\"Links inline\">Los investigadores, liderados por\u00a0<b>Kayleigh Bhangdia<\/b>, del\u00a0<b>Instituto de Evaluaci\u00f3n y M\u00e9tricas de la Salud (IHME)<\/b>, que depende de la\u00a0<b>Universidad de Washington, Estados Unidos<\/b>, advirtieron que los casos nuevos de c\u00e1ncer de mama podr\u00edan aumentar un tercio hacia 2050 y superar los 3,5 millones por a\u00f1o.<\/p>\n<p class=\"paragraph\" data-mrf-recirculation=\"Links inline\">Las muertes anuales podr\u00edan crecer un 44%, llegando a casi 1,4 millones. El aumento ser\u00e1 mayor en los pa\u00edses con menos recursos, donde el acceso al diagn\u00f3stico temprano y tratamientos de calidad es limitado.\u00a0<b>Adoptar h\u00e1bitos saludables hoy puede reducir el riesgo de desarrollar m\u00e1s casos.<\/b><\/p>\n<p class=\"paragraph\" data-mrf-recirculation=\"Links inline\">Las fuentes de financiamiento principales del estudio fueron la\u00a0<b>Fundaci\u00f3n Gates<\/b>\u00a0y el\u00a0<b>Hospital de Investigaci\u00f3n Infantil St Jude<\/b>\u00a0de los Estados Unidos.<\/p>\n<h2 class=\"header headline-class-h2 headline\">Cu\u00e1l es la situaci\u00f3n en Am\u00e9rica Latina y el Caribe<\/h2>\n<div class=\"visual__image\"><picture><source srcset=\"https:\/\/www.infobae.com\/resizer\/v2\/4QKV3NHBABF5VLHL6RWLUKU25I.png?auth=cbdf4e7b66ddd54e7da24b59db2c45957165370458b383564a3f47b3112d6fa1&amp;smart=true&amp;width=992&amp;height=541&amp;quality=85\" media=\"(min-width: 1000px)\" \/><source srcset=\"https:\/\/www.infobae.com\/resizer\/v2\/4QKV3NHBABF5VLHL6RWLUKU25I.png?auth=cbdf4e7b66ddd54e7da24b59db2c45957165370458b383564a3f47b3112d6fa1&amp;smart=true&amp;width=768&amp;height=419&amp;quality=85\" media=\"(min-width: 768px)\" \/><source srcset=\"https:\/\/www.infobae.com\/resizer\/v2\/4QKV3NHBABF5VLHL6RWLUKU25I.png?auth=cbdf4e7b66ddd54e7da24b59db2c45957165370458b383564a3f47b3112d6fa1&amp;smart=true&amp;width=577&amp;height=315&amp;quality=85\" media=\"(min-width: 580px)\" \/><source srcset=\"https:\/\/www.infobae.com\/resizer\/v2\/4QKV3NHBABF5VLHL6RWLUKU25I.png?auth=cbdf4e7b66ddd54e7da24b59db2c45957165370458b383564a3f47b3112d6fa1&amp;smart=true&amp;width=420&amp;height=229&amp;quality=85\" media=\"(min-width: 350px)\" \/><source srcset=\"https:\/\/www.infobae.com\/resizer\/v2\/4QKV3NHBABF5VLHL6RWLUKU25I.png?auth=cbdf4e7b66ddd54e7da24b59db2c45957165370458b383564a3f47b3112d6fa1&amp;smart=true&amp;width=350&amp;height=191&amp;quality=85\" media=\"(min-width: 80px)\" \/><img loading=\"lazy\" decoding=\"async\" class=\"global-image\" src=\"https:\/\/www.infobae.com\/resizer\/v2\/4QKV3NHBABF5VLHL6RWLUKU25I.png?auth=cbdf4e7b66ddd54e7da24b59db2c45957165370458b383564a3f47b3112d6fa1&amp;smart=true&amp;width=350&amp;height=191&amp;quality=85\" alt=\"En 2023 se reportaron 2,3\" width=\"1408\" height=\"768\" \/><\/picture>En 2023 se reportaron 2,3 millones de casos nuevos y 764.000 muertes por c\u00e1ncer de mama en el mundo, seg\u00fan The Lancet Oncology (Imagen Ilustrativa Infobae)<\/div>\n<p class=\"paragraph\" data-mrf-recirculation=\"Links inline\">En\u00a0<b>Am\u00e9rica Latina y el Caribe<\/b>, el c\u00e1ncer de mama es el tumor m\u00e1s frecuente en mujeres, con tasas de incidencia de 38 a 63 casos por cada 100.000 mujeres en 2023.<\/p>\n<p class=\"paragraph\" data-mrf-recirculation=\"Links inline\">La mortalidad ronda los 14 a 18 muertes por cada 100.000 mujeres, con grandes diferencias entre pa\u00edses.<\/p>\n<p class=\"paragraph\" data-mrf-recirculation=\"Links inline\">Para 2050, se espera que tanto los casos nuevos como las muertes por c\u00e1ncer de mama aumenten en la regi\u00f3n, impulsados por el envejecimiento poblacional y el crecimiento de la poblaci\u00f3n femenina.<\/p>\n<p class=\"paragraph\" data-mrf-recirculation=\"Links inline\">Sin intervenciones efectivas, la carga de la enfermedad podr\u00eda seguir creciendo y ampliar las desigualdades sanitarias.<\/p>\n<div class=\"visual__image\"><picture><source srcset=\"https:\/\/www.infobae.com\/resizer\/v2\/ROL6CRQ4LFGLLEI3Y3YADA24PU.jpg?auth=5171ec96d20be8a58c67e882535eaab15b5b3fae642d6eeea7615679fb68c5b9&amp;smart=true&amp;width=992&amp;height=558&amp;quality=85\" media=\"(min-width: 1000px)\" \/><source srcset=\"https:\/\/www.infobae.com\/resizer\/v2\/ROL6CRQ4LFGLLEI3Y3YADA24PU.jpg?auth=5171ec96d20be8a58c67e882535eaab15b5b3fae642d6eeea7615679fb68c5b9&amp;smart=true&amp;width=768&amp;height=432&amp;quality=85\" media=\"(min-width: 768px)\" \/><source srcset=\"https:\/\/www.infobae.com\/resizer\/v2\/ROL6CRQ4LFGLLEI3Y3YADA24PU.jpg?auth=5171ec96d20be8a58c67e882535eaab15b5b3fae642d6eeea7615679fb68c5b9&amp;smart=true&amp;width=577&amp;height=325&amp;quality=85\" media=\"(min-width: 580px)\" \/><source srcset=\"https:\/\/www.infobae.com\/resizer\/v2\/ROL6CRQ4LFGLLEI3Y3YADA24PU.jpg?auth=5171ec96d20be8a58c67e882535eaab15b5b3fae642d6eeea7615679fb68c5b9&amp;smart=true&amp;width=420&amp;height=236&amp;quality=85\" media=\"(min-width: 350px)\" \/><source srcset=\"https:\/\/www.infobae.com\/resizer\/v2\/ROL6CRQ4LFGLLEI3Y3YADA24PU.jpg?auth=5171ec96d20be8a58c67e882535eaab15b5b3fae642d6eeea7615679fb68c5b9&amp;smart=true&amp;width=350&amp;height=197&amp;quality=85\" media=\"(min-width: 80px)\" \/><img loading=\"lazy\" decoding=\"async\" class=\"global-image\" src=\"https:\/\/www.infobae.com\/resizer\/v2\/ROL6CRQ4LFGLLEI3Y3YADA24PU.jpg?auth=5171ec96d20be8a58c67e882535eaab15b5b3fae642d6eeea7615679fb68c5b9&amp;smart=true&amp;width=350&amp;height=197&amp;quality=85\" alt=\"El envejecimiento y el aumento\" width=\"6144\" height=\"3456\" \/><\/picture>El envejecimiento y el aumento de la poblaci\u00f3n femenina impulsar\u00e1n el crecimiento de nuevos casos y muertes por c\u00e1ncer de mama en la regi\u00f3n de Am\u00e9rica Latina y el Caribe para 2050. (Freepik)<\/div>\n<p class=\"paragraph\" data-mrf-recirculation=\"Links inline\">Factores como el\u00a0<b>diagn\u00f3stico tard\u00edo, el acceso limitado a tratamientos<\/b>\u00a0y la falta de datos de calidad dificultan la reducci\u00f3n de muertes en la regi\u00f3n.<\/p>\n<p class=\"paragraph\" data-mrf-recirculation=\"Links inline\">Muchas mujeres llegan a la consulta cuando la enfermedad ya est\u00e1 avanzada, lo que reduce las posibilidades de supervivencia.<\/p>\n<p class=\"paragraph\" data-mrf-recirculation=\"Links inline\">H\u00e1bitos de vida poco saludables como el consumo elevado de carne roja, el tabaquismo, la obesidad, el exceso de alcohol, la inactividad f\u00edsica y la hiperglucemia explican casi un tercio de los a\u00f1os de vida saludable perdidos por c\u00e1ncer de mama en Am\u00e9rica Latina.<\/p>\n<h2 class=\"header headline-class-h2 headline\">El impacto desigual<\/h2>\n<div class=\"visual__image\"><picture><source srcset=\"https:\/\/www.infobae.com\/resizer\/v2\/IHK42PUXHZHVPF5N7UCA6V7KWQ.png?auth=016ba6139278590aff1bfd4ea391b4aecb3de6a17f4c445b6411331fb3d223d4&amp;smart=true&amp;width=992&amp;height=558&amp;quality=85\" media=\"(min-width: 1000px)\" \/><source srcset=\"https:\/\/www.infobae.com\/resizer\/v2\/IHK42PUXHZHVPF5N7UCA6V7KWQ.png?auth=016ba6139278590aff1bfd4ea391b4aecb3de6a17f4c445b6411331fb3d223d4&amp;smart=true&amp;width=768&amp;height=432&amp;quality=85\" media=\"(min-width: 768px)\" \/><source srcset=\"https:\/\/www.infobae.com\/resizer\/v2\/IHK42PUXHZHVPF5N7UCA6V7KWQ.png?auth=016ba6139278590aff1bfd4ea391b4aecb3de6a17f4c445b6411331fb3d223d4&amp;smart=true&amp;width=577&amp;height=325&amp;quality=85\" media=\"(min-width: 580px)\" \/><source srcset=\"https:\/\/www.infobae.com\/resizer\/v2\/IHK42PUXHZHVPF5N7UCA6V7KWQ.png?auth=016ba6139278590aff1bfd4ea391b4aecb3de6a17f4c445b6411331fb3d223d4&amp;smart=true&amp;width=420&amp;height=236&amp;quality=85\" media=\"(min-width: 350px)\" \/><source srcset=\"https:\/\/www.infobae.com\/resizer\/v2\/IHK42PUXHZHVPF5N7UCA6V7KWQ.png?auth=016ba6139278590aff1bfd4ea391b4aecb3de6a17f4c445b6411331fb3d223d4&amp;smart=true&amp;width=350&amp;height=197&amp;quality=85\" media=\"(min-width: 80px)\" \/><img loading=\"lazy\" decoding=\"async\" class=\"global-image\" src=\"https:\/\/www.infobae.com\/resizer\/v2\/IHK42PUXHZHVPF5N7UCA6V7KWQ.png?auth=016ba6139278590aff1bfd4ea391b4aecb3de6a17f4c445b6411331fb3d223d4&amp;smart=true&amp;width=350&amp;height=197&amp;quality=85\" alt=\"El diagn\u00f3stico tard\u00edo y el\" width=\"1920\" height=\"1080\" \/><\/picture>El diagn\u00f3stico tard\u00edo y el acceso limitado a tratamientos de calidad agravan la mortalidad por c\u00e1ncer de mama en pa\u00edses con menos recursos.\/Archivo Agencia Andina<\/div>\n<p class=\"paragraph\" data-mrf-recirculation=\"Links inline\">\u201cEl c\u00e1ncer de mama sigue teniendo un profundo impacto en la vida de las mujeres y en sus comunidades\u201d, afirm\u00f3 la doctora Bhangdia.<\/p>\n<p class=\"paragraph\" data-mrf-recirculation=\"Links inline\">\u201cMientras que en los pa\u00edses de altos ingresos las mujeres suelen beneficiarse de m\u00e9todos de detecci\u00f3n, diagn\u00f3sticos m\u00e1s oportunos y estrategias de tratamiento integrales, la creciente carga del c\u00e1ncer de mama se est\u00e1 desplazando hacia los pa\u00edses de ingresos bajos y medios-bajos, donde muchas veces las personas enfrentan diagn\u00f3sticos en etapas avanzadas, acceso m\u00e1s limitado a una atenci\u00f3n de calidad y tasas de mortalidad m\u00e1s altas, lo que amenaza con eclipsar los avances logrados en salud femenina\u201d, expres\u00f3.<\/p>\n<div class=\"visual__image\"><picture><source srcset=\"https:\/\/www.infobae.com\/resizer\/v2\/PQE4I2Y2RVBCVLQ4LCATGATTDQ.jpg?auth=13746d4efc1a36dc1ee13da6f293c8b6df36cbc55ddfca2bda9d29eb3e1adca7&amp;smart=true&amp;width=992&amp;height=762&amp;quality=85\" media=\"(min-width: 1000px)\" \/><source srcset=\"https:\/\/www.infobae.com\/resizer\/v2\/PQE4I2Y2RVBCVLQ4LCATGATTDQ.jpg?auth=13746d4efc1a36dc1ee13da6f293c8b6df36cbc55ddfca2bda9d29eb3e1adca7&amp;smart=true&amp;width=768&amp;height=590&amp;quality=85\" media=\"(min-width: 768px)\" \/><source srcset=\"https:\/\/www.infobae.com\/resizer\/v2\/PQE4I2Y2RVBCVLQ4LCATGATTDQ.jpg?auth=13746d4efc1a36dc1ee13da6f293c8b6df36cbc55ddfca2bda9d29eb3e1adca7&amp;smart=true&amp;width=577&amp;height=443&amp;quality=85\" media=\"(min-width: 580px)\" \/><source srcset=\"https:\/\/www.infobae.com\/resizer\/v2\/PQE4I2Y2RVBCVLQ4LCATGATTDQ.jpg?auth=13746d4efc1a36dc1ee13da6f293c8b6df36cbc55ddfca2bda9d29eb3e1adca7&amp;smart=true&amp;width=420&amp;height=323&amp;quality=85\" media=\"(min-width: 350px)\" \/><source srcset=\"https:\/\/www.infobae.com\/resizer\/v2\/PQE4I2Y2RVBCVLQ4LCATGATTDQ.jpg?auth=13746d4efc1a36dc1ee13da6f293c8b6df36cbc55ddfca2bda9d29eb3e1adca7&amp;smart=true&amp;width=350&amp;height=269&amp;quality=85\" media=\"(min-width: 80px)\" \/><img loading=\"lazy\" decoding=\"async\" class=\"global-image\" src=\"https:\/\/www.infobae.com\/resizer\/v2\/PQE4I2Y2RVBCVLQ4LCATGATTDQ.jpg?auth=13746d4efc1a36dc1ee13da6f293c8b6df36cbc55ddfca2bda9d29eb3e1adca7&amp;smart=true&amp;width=350&amp;height=269&amp;quality=85\" alt=\"Los cient\u00edficos recomiendan mejorar la\" width=\"1920\" height=\"1475\" \/><\/picture>Los cient\u00edficos recomiendan mejorar la cobertura sanitaria, registros de tumores y pol\u00edticas de h\u00e1bitos saludables para reducir la carga del c\u00e1ncer de mama\/Archivo<\/div>\n<p class=\"paragraph\" data-mrf-recirculation=\"Links inline\">Tras los resultados, los cient\u00edficos recomendaron fortalecer los sistemas de salud para garantizar diagn\u00f3sticos tempranos y tratamientos integrales en Am\u00e9rica Latina y otras regiones con pa\u00edses de bajos y medianos ingresos.<\/p>\n<p class=\"paragraph\" data-mrf-recirculation=\"Links inline\">Se\u00f1alaron tambi\u00e9n que la falta de registros oncol\u00f3gicos de calidad en varios pa\u00edses puede limitar la exactitud de sus datos y proyecciones.<\/p>\n<p class=\"paragraph\" data-mrf-recirculation=\"Links inline\">Adem\u00e1s, aclararon que no evaluaron el impacto de la pandemia por el\u00a0<b>coronavirus\u00a0<\/b>ni problemas recientes en la carga actual del c\u00e1ncer de mama.<\/p>\n<div class=\"visual__image\"><picture><source srcset=\"https:\/\/www.infobae.com\/resizer\/v2\/PIGLK4YLJBBONKEEX3XJP2AP2U.jpg?auth=70491bd306b7ab55c7ce10d7d37ef49156d5bda6d691f42a680d4ddf417b7bb8&amp;smart=true&amp;width=992&amp;height=556&amp;quality=85\" media=\"(min-width: 1000px)\" \/><source srcset=\"https:\/\/www.infobae.com\/resizer\/v2\/PIGLK4YLJBBONKEEX3XJP2AP2U.jpg?auth=70491bd306b7ab55c7ce10d7d37ef49156d5bda6d691f42a680d4ddf417b7bb8&amp;smart=true&amp;width=768&amp;height=430&amp;quality=85\" media=\"(min-width: 768px)\" \/><source srcset=\"https:\/\/www.infobae.com\/resizer\/v2\/PIGLK4YLJBBONKEEX3XJP2AP2U.jpg?auth=70491bd306b7ab55c7ce10d7d37ef49156d5bda6d691f42a680d4ddf417b7bb8&amp;smart=true&amp;width=577&amp;height=323&amp;quality=85\" media=\"(min-width: 580px)\" \/><source srcset=\"https:\/\/www.infobae.com\/resizer\/v2\/PIGLK4YLJBBONKEEX3XJP2AP2U.jpg?auth=70491bd306b7ab55c7ce10d7d37ef49156d5bda6d691f42a680d4ddf417b7bb8&amp;smart=true&amp;width=420&amp;height=235&amp;quality=85\" media=\"(min-width: 350px)\" \/><source srcset=\"https:\/\/www.infobae.com\/resizer\/v2\/PIGLK4YLJBBONKEEX3XJP2AP2U.jpg?auth=70491bd306b7ab55c7ce10d7d37ef49156d5bda6d691f42a680d4ddf417b7bb8&amp;smart=true&amp;width=350&amp;height=196&amp;quality=85\" media=\"(min-width: 80px)\" \/><img loading=\"lazy\" decoding=\"async\" class=\"global-image\" src=\"https:\/\/www.infobae.com\/resizer\/v2\/PIGLK4YLJBBONKEEX3XJP2AP2U.jpg?auth=70491bd306b7ab55c7ce10d7d37ef49156d5bda6d691f42a680d4ddf417b7bb8&amp;smart=true&amp;width=350&amp;height=196&amp;quality=85\" alt=\"La desinformaci\u00f3n sobre prevenci\u00f3n tambi\u00e9n\" width=\"1456\" height=\"816\" \/><\/picture>La desinformaci\u00f3n sobre prevenci\u00f3n tambi\u00e9n impacta negativamente en la lucha contra el c\u00e1ncer de mama (Imagen Ilustrativa Infobae)<\/div>\n<p class=\"paragraph\" data-mrf-recirculation=\"Links inline\">\u201cCoincido con las recomendaciones que dieron los cient\u00edficos que publicaron el estudio en\u00a0<i><b>The Lancet Oncology<\/b><\/i>\u201d, dijo a\u00a0<b>Infobae\u00a0<\/b>el m\u00e9dico\u00a0<b>Jorge Nadal<\/b>, jefe de oncolog\u00eda cl\u00ednica mamaria del Centro Mamario del\u00a0<b>Instituto Alexander Fleming<\/b>\u00a0y miembro de la\u00a0<b>Asociaci\u00f3n Argentina de Oncolog\u00eda Cl\u00ednica.<\/b><\/p>\n<p class=\"paragraph\" data-mrf-recirculation=\"Links inline\">\u201cSi bien la situaci\u00f3n del c\u00e1ncer de mama no es homogen\u00e9a en todos los pa\u00edses que forman Am\u00e9rica Latina y el Caribe, hoy la falta de acceso a sistema de salud adecuados, la desinformaci\u00f3n sobre las maniobras de prevenci\u00f3n primaria y los obst\u00e1culos para el diagn\u00f3stico precoz y el acceso a los tratamientos probados son cuestiones que afectan a una gran parte de la poblaci\u00f3n\u201d, puntualiz\u00f3<b>\u00a0Nadal.<\/b><\/p>\n<h2 class=\"header headline-class-h2 headline\">Desde cobertura universal a registros de tumores<\/h2>\n<div class=\"visual__image\"><picture><source srcset=\"https:\/\/www.infobae.com\/resizer\/v2\/7FGSGPMUPBFQJCAX5PMQMDFXHI.jpg?auth=140279dcbcbf6948730acb64435a47b1101be7653fbbc348919c231ae09b6687&amp;smart=true&amp;width=992&amp;height=556&amp;quality=85\" media=\"(min-width: 1000px)\" \/><source srcset=\"https:\/\/www.infobae.com\/resizer\/v2\/7FGSGPMUPBFQJCAX5PMQMDFXHI.jpg?auth=140279dcbcbf6948730acb64435a47b1101be7653fbbc348919c231ae09b6687&amp;smart=true&amp;width=768&amp;height=430&amp;quality=85\" media=\"(min-width: 768px)\" \/><source srcset=\"https:\/\/www.infobae.com\/resizer\/v2\/7FGSGPMUPBFQJCAX5PMQMDFXHI.jpg?auth=140279dcbcbf6948730acb64435a47b1101be7653fbbc348919c231ae09b6687&amp;smart=true&amp;width=577&amp;height=323&amp;quality=85\" media=\"(min-width: 580px)\" \/><source srcset=\"https:\/\/www.infobae.com\/resizer\/v2\/7FGSGPMUPBFQJCAX5PMQMDFXHI.jpg?auth=140279dcbcbf6948730acb64435a47b1101be7653fbbc348919c231ae09b6687&amp;smart=true&amp;width=420&amp;height=235&amp;quality=85\" media=\"(min-width: 350px)\" \/><source srcset=\"https:\/\/www.infobae.com\/resizer\/v2\/7FGSGPMUPBFQJCAX5PMQMDFXHI.jpg?auth=140279dcbcbf6948730acb64435a47b1101be7653fbbc348919c231ae09b6687&amp;smart=true&amp;width=350&amp;height=196&amp;quality=85\" media=\"(min-width: 80px)\" \/><img loading=\"lazy\" decoding=\"async\" class=\"global-image\" src=\"https:\/\/www.infobae.com\/resizer\/v2\/7FGSGPMUPBFQJCAX5PMQMDFXHI.jpg?auth=140279dcbcbf6948730acb64435a47b1101be7653fbbc348919c231ae09b6687&amp;smart=true&amp;width=350&amp;height=196&amp;quality=85\" alt=\"El estudio destaca la importancia\" width=\"1456\" height=\"816\" \/><\/picture>El estudio destaca la importancia de pol\u00edticas que fomenten h\u00e1bitos saludables y detecci\u00f3n temprana (Imagen Ilustrativa Infobae)<\/div>\n<p class=\"paragraph\" data-mrf-recirculation=\"Links inline\">Se deber\u00eda tambi\u00e9n mejorar la cobertura sanitaria universal y reducir el costo de las terapias. Eso permitir\u00eda evitar que las pacientes enfrenten gastos enormes y se mejoren las posibilidades de recuperaci\u00f3n.<\/p>\n<p class=\"paragraph\" data-mrf-recirculation=\"Links inline\">Enfatizaron en la necesidad de implementar pol\u00edticas p\u00fablicas que promuevan h\u00e1bitos saludables y faciliten la detecci\u00f3n precoz.<\/p>\n<p class=\"paragraph\" data-mrf-recirculation=\"Links inline\">Adem\u00e1s, se deber\u00eda invertir en registros de c\u00e1ncer de calidad para dise\u00f1ar estrategias m\u00e1s efectivas y adaptar los recursos a las necesidades reales de la regi\u00f3n.<\/p>\n<div class=\"visual__image\"><picture><source srcset=\"https:\/\/www.infobae.com\/resizer\/v2\/5UWMNTTC6BHYPOZKPUGSLTYCTI.jpg?auth=79c7c961bf592c1257a68d720f1ca2c74f1addf0f53bbb242a92bbc5ae7917b5&amp;smart=true&amp;width=992&amp;height=556&amp;quality=85\" media=\"(min-width: 1000px)\" \/><source srcset=\"https:\/\/www.infobae.com\/resizer\/v2\/5UWMNTTC6BHYPOZKPUGSLTYCTI.jpg?auth=79c7c961bf592c1257a68d720f1ca2c74f1addf0f53bbb242a92bbc5ae7917b5&amp;smart=true&amp;width=768&amp;height=430&amp;quality=85\" media=\"(min-width: 768px)\" \/><source srcset=\"https:\/\/www.infobae.com\/resizer\/v2\/5UWMNTTC6BHYPOZKPUGSLTYCTI.jpg?auth=79c7c961bf592c1257a68d720f1ca2c74f1addf0f53bbb242a92bbc5ae7917b5&amp;smart=true&amp;width=577&amp;height=323&amp;quality=85\" media=\"(min-width: 580px)\" \/><source srcset=\"https:\/\/www.infobae.com\/resizer\/v2\/5UWMNTTC6BHYPOZKPUGSLTYCTI.jpg?auth=79c7c961bf592c1257a68d720f1ca2c74f1addf0f53bbb242a92bbc5ae7917b5&amp;smart=true&amp;width=420&amp;height=235&amp;quality=85\" media=\"(min-width: 350px)\" \/><source srcset=\"https:\/\/www.infobae.com\/resizer\/v2\/5UWMNTTC6BHYPOZKPUGSLTYCTI.jpg?auth=79c7c961bf592c1257a68d720f1ca2c74f1addf0f53bbb242a92bbc5ae7917b5&amp;smart=true&amp;width=350&amp;height=196&amp;quality=85\" media=\"(min-width: 80px)\" \/><img loading=\"lazy\" decoding=\"async\" class=\"global-image\" src=\"https:\/\/www.infobae.com\/resizer\/v2\/5UWMNTTC6BHYPOZKPUGSLTYCTI.jpg?auth=79c7c961bf592c1257a68d720f1ca2c74f1addf0f53bbb242a92bbc5ae7917b5&amp;smart=true&amp;width=350&amp;height=196&amp;quality=85\" alt=\"En la Argentina el registro\" width=\"1456\" height=\"816\" \/><\/picture>En la Argentina el registro Regina contabiliza los casos de c\u00e1ncer de mama, los estadios y los tratamientos (Imagen Ilustrativa Infobae)<\/div>\n<p class=\"paragraph\" data-mrf-recirculation=\"Links inline\">\u201cEn la\u00a0<b>Argentina\u00a0<\/b>ya est\u00e1 funcionando el primer registro de casos de c\u00e1ncer de mama, los estadios y los tratamientos que se administran. Se llama\u00a0<b>Regina\u00a0<\/b>y est\u00e1 organizado por el Grupo Cooperativo Argentino para el Estudio y la Investigaci\u00f3n del C\u00e1ncer de Mama (<b>Suma<\/b>)\u201d, cont\u00f3 a\u00a0<b>Infobae\u00a0<\/b>la m\u00e9dica onc\u00f3loga\u00a0<b>Valeria C\u00e1ceres<\/b>, directora del \u00e1rea m\u00e9dica y de la carrera de especialistas en oncolog\u00eda cl\u00ednica del\u00a0<b>Instituto de Oncolog\u00eda Angel H. Roffo de la Universidad de Buenos Aires (UBA)<\/b>.<\/p>\n<p class=\"paragraph\" data-mrf-recirculation=\"Links inline\">La experta tambi\u00e9n detall\u00f3 que est\u00e1n adaptando las gu\u00edas de tratamiento de la\u00a0<b>Escuela de Oncolog\u00eda Europea<\/b>\u00a0para Am\u00e9rica Latina. Adem\u00e1s, \u201ccon la Global Alliance se realiz\u00f3 un consenso m\u00e9dico sobre el c\u00e1ncer de mama metast\u00e1sico. Por supuesto, a\u00fan falta que se mejore m\u00e1s el tamizaje para una detecci\u00f3n m\u00e1s precoz y el acceso a los tratamientos\u201d, opin\u00f3 C\u00e1ceres.<\/p>\n","protected":false},"excerpt":{"rendered":"<p>El\u00a0c\u00e1ncer de mama\u00a0es el\u00a0tumor m\u00e1s com\u00fan entre las mujeres en todo el mundo y una de las principales causas de muerte prematura. Un nuevo informe global, que fue publicado en la revista\u00a0The Lancet Oncology, revel\u00f3 que en 2023 se estimaron 2,3 millones de nuevos\u00a0casos\u00a0y 764.000 muertes en mujeres. Se detect\u00f3 que la\u00a0tasa de incidencia de [&hellip;]<\/p>\n","protected":false},"author":2,"featured_media":30892,"comment_status":"open","ping_status":"open","sticky":false,"template":"","format":"standard","meta":{"footnotes":""},"categories":[69],"tags":[],"class_list":{"0":"post-30891","1":"post","2":"type-post","3":"status-publish","4":"format-standard","5":"has-post-thumbnail","7":"category-salud"},"_links":{"self":[{"href":"https:\/\/radiobitacora.com.ar\/web\/wp-json\/wp\/v2\/posts\/30891","targetHints":{"allow":["GET"]}}],"collection":[{"href":"https:\/\/radiobitacora.com.ar\/web\/wp-json\/wp\/v2\/posts"}],"about":[{"href":"https:\/\/radiobitacora.com.ar\/web\/wp-json\/wp\/v2\/types\/post"}],"author":[{"embeddable":true,"href":"https:\/\/radiobitacora.com.ar\/web\/wp-json\/wp\/v2\/users\/2"}],"replies":[{"embeddable":true,"href":"https:\/\/radiobitacora.com.ar\/web\/wp-json\/wp\/v2\/comments?post=30891"}],"version-history":[{"count":1,"href":"https:\/\/radiobitacora.com.ar\/web\/wp-json\/wp\/v2\/posts\/30891\/revisions"}],"predecessor-version":[{"id":30893,"href":"https:\/\/radiobitacora.com.ar\/web\/wp-json\/wp\/v2\/posts\/30891\/revisions\/30893"}],"wp:featuredmedia":[{"embeddable":true,"href":"https:\/\/radiobitacora.com.ar\/web\/wp-json\/wp\/v2\/media\/30892"}],"wp:attachment":[{"href":"https:\/\/radiobitacora.com.ar\/web\/wp-json\/wp\/v2\/media?parent=30891"}],"wp:term":[{"taxonomy":"category","embeddable":true,"href":"https:\/\/radiobitacora.com.ar\/web\/wp-json\/wp\/v2\/categories?post=30891"},{"taxonomy":"post_tag","embeddable":true,"href":"https:\/\/radiobitacora.com.ar\/web\/wp-json\/wp\/v2\/tags?post=30891"}],"curies":[{"name":"wp","href":"https:\/\/api.w.org\/{rel}","templated":true}]}}