{"id":30909,"date":"2026-03-03T20:08:49","date_gmt":"2026-03-03T23:08:49","guid":{"rendered":"https:\/\/radiobitacora.com.ar\/web\/?p=30909"},"modified":"2026-03-03T20:08:49","modified_gmt":"2026-03-03T23:08:49","slug":"es-no-pensar-en-el-otro-andrea-del-boca-exploto-por-la-falta-de-orden-en-la-cocina-de-gran-hermano","status":"publish","type":"post","link":"https:\/\/radiobitacora.com.ar\/web\/2026\/03\/03\/es-no-pensar-en-el-otro-andrea-del-boca-exploto-por-la-falta-de-orden-en-la-cocina-de-gran-hermano\/","title":{"rendered":"&#8220;Es no pensar en el otro&#8221;: Andrea del Boca explot\u00f3 por la falta de orden en la cocina de Gran Hermano"},"content":{"rendered":"<p>La convivencia en\u00a0<strong><em>Gran Hermano Generaci\u00f3n Dorada\u00a0<\/em><\/strong>(Telefe) apenas lleva una semana al aire y ya dej\u00f3 en evidencia que compartir techo, cocina y despensa no es tarea sencilla. Con m\u00e1s de veinte participantes y un presupuesto limitado para alimentos, el cl\u00e1sico conflicto por la comida volvi\u00f3 a convertirse en el eje de tensiones dentro de la casa m\u00e1s famosa del pa\u00eds.<\/p>\n<div id=\"ad-slot-video_outstream\" class=\"ad-slot ad-slot-video_outstream\" data-backend-inserted=\"true\" data-adtype=\"video_outstream\" data-google-query-id=\"CK2Q8vXrhJMDFRJK3QId_9otwQ\">\n<div id=\"google_ads_iframe_\/22254771232\/gente_nota\/video_outstream_0__container__\"><iframe id=\"google_ads_iframe_\/22254771232\/gente_nota\/video_outstream_0\" tabindex=\"0\" title=\"Contenido de anuncios de terceros\" name=\"google_ads_iframe_\/22254771232\/gente_nota\/video_outstream_0\" width=\"1\" height=\"1\" frameborder=\"0\" marginwidth=\"0\" marginheight=\"0\" scrolling=\"no\" aria-label=\"Anuncio\" data-load-complete=\"true\" data-google-container-id=\"5\" data-mce-fragment=\"1\"><\/iframe><\/div>\n<\/div>\n<p>Esta vez, quien explot\u00f3 frente a las c\u00e1maras fue\u00a0<strong>Andrea del Boca<\/strong>, que\u00a0\u00a0ante lo que consider\u00f3 actitudes ego\u00edstas y desorganizadas de algunos compa\u00f1eros. El episodio se desat\u00f3 el domingo por la tarde. La actriz sali\u00f3 del interior de la casa\u00a0y se acerc\u00f3 a conversar con Yipio, otro de los jugadores.\u00a0<strong>\u201cEstoy atacada\u201d,<\/strong>\u00a0lanz\u00f3, marcando el tono de una charla cargada de indignaci\u00f3n.<\/p>\n<figure class=\"wp-block-image size-large\">\n<div class=\"gadsrelative\"><img loading=\"lazy\" decoding=\"async\" class=\"wp-image-641649\" src=\"https:\/\/www.revistagente.com\/wp-content\/uploads\/2026\/03\/andrea-del-boca-exploto-gran-hermano-al-encontrar-comida-abandonada-y-lanzo-una-fuerte-queja-1024x576.webp\" alt=\"\" width=\"1024\" height=\"576\" \/><\/div>\n<div>\n<div>\n<div id=\"gpt-passback-cbt06h15pbq\"><\/div>\n<\/div>\n<\/div><figcaption class=\"wp-element-caption\">La actriz apunt\u00f3 fuerte contra sus compa\u00f1eros y se quej\u00f3 del manejo que han tenido en los primeros d\u00edas de convivencia.<\/figcaption><\/figure>\n<p>En esa l\u00ednea sigui\u00f3:\u00a0<strong>\u201cEs no pensar en el otro, es me cag&#8230; en el otro\u201d,\u00a0<\/strong>dispar\u00f3 sin filtro al referirse al comportamiento de ciertos participantes durante la primera semana de convivencia. La actriz explic\u00f3 que su enojo se origin\u00f3 en la cocina, mientras se preparaba un t\u00e9. \u201cEstaba haci\u00e9ndome el t\u00e9 y veo que alguien hizo sopa o fideos y dejaron ah\u00ed lo que qued\u00f3 en la olla, no me parece mal que si ten\u00e9s hambre hagas.\u00a0<strong>\u00bfPero lo que resta por qu\u00e9 no lo ponen en ese coso de telgopor que est\u00e1 ah\u00ed y lo guardan en la heladera?\u201d,<\/strong> cuestion\u00f3, visiblemente molesta.<\/p>\n<h2 class=\"wp-block-heading\">Andrea del Boca se hart\u00f3 del comportamiento de sus compa\u00f1eros en Gran Hermano<\/h2>\n<p>El desperdicio fue otro de los puntos que m\u00e1s la irrit\u00f3.<strong>\u00a0\u201cEsa comida que dejaron fuera de la heladera, luego se fermenta y hay que tirarla\u201d,\u00a0<\/strong>se quej\u00f3, subrayando que en un contexto de recursos limitados cada alimento cuenta.<\/p>\n<p>Andrea tambi\u00e9n enumer\u00f3 otras situaciones que observ\u00f3 en estos primeros d\u00edas.\u00a0<strong>\u201cHicieron dos tostadas y quedaron ah\u00ed. Hay que dejarlas y decir \u2018\u00bfesto de qui\u00e9n es?\u2019.<\/strong> Hay que sacarles un poquito las m\u00e1scaras\u201d, sostuvo, dejando entrever que detr\u00e1s del desorden puede haber desinter\u00e9s o incluso estrategias encubiertas.<\/p>\n<p>La conversaci\u00f3n sum\u00f3 m\u00e1s ejemplos de falta de cuidado cotidiano. Tras escuchar que en el ba\u00f1o hab\u00edan quedado jabones tirados, la actriz agreg\u00f3:\u00a0<strong>\u201c\u00a1Hay un cepillo de dientes en la cocina!\u201d,<\/strong>\u00a0evidenciando que el problema no se limita a la comida sino que alcanza a los h\u00e1bitos de higiene y convivencia.<\/p>\n<figure class=\"wp-block-image size-full\">\n<div class=\"gadsrelative\"><img loading=\"lazy\" decoding=\"async\" class=\"wp-image-641647\" src=\"https:\/\/www.revistagente.com\/wp-content\/uploads\/2026\/03\/6ZSH3XHH7VHBFMZLKWLFHMFRQU.avif\" alt=\"\" width=\"992\" height=\"558\" \/><\/div>\n<div>\n<div>\n<div id=\"gpt-passback-7hfwycwx199\"><\/div>\n<\/div>\n<\/div><figcaption class=\"wp-element-caption\">Andrea del Boca no se guard\u00f3 nada y se quej\u00f3 por la falta de organizaci\u00f3n a la hora de comer en la famosa casa.<\/figcaption><\/figure>\n<div id=\"ad-slot-wide_4\" class=\"ad-slot-wide_big ad-slot ad-m-tall\" data-backend-inserted=\"true\" data-adtype=\"wide_big\" data-lazyload=\"1\" data-google-query-id=\"CLDGoIzshJMDFWlP3QIdXMwOfQ\">\n<div id=\"google_ads_iframe_\/22254771232\/gente_nota\/wide_4_0__container__\"><\/div>\n<\/div>\n<p>D\u00edas atr\u00e1s, Del Boca ya hab\u00eda planteado la importancia de contemplar las preferencias alimentarias de cada integrante. \u201c<strong>Es muy dif\u00edcil\u2026 saber qui\u00e9n es qui\u00e9n, porque la verdad es que es muy dif\u00edcil.\u00a0<\/strong>Por ejemplo, yo no sab\u00eda que Sol no come carne. Entonces, el d\u00eda que vamos a hacer milanesas, es decir, pensemos, no s\u00e9, hacer otra cosa para la persona que no puede comer carne\u201d, expres\u00f3.<\/p>\n<p>Tambi\u00e9n hizo cuentas sobre el consumo de huevos.\u00a0<strong>\u201cEl problema es que si cada uno come siete huevos, despu\u00e9s es muy dif\u00edcil, porque era la cuenta que yo le hac\u00eda.\u00a0<\/strong>Yo no como huevos desde que entr\u00e9, pero me corresponder\u00edan entonces veinti\u00fan huevos\u201d, remarc\u00f3 en medio de su indignaci\u00f3n.<\/p>\n","protected":false},"excerpt":{"rendered":"<p>La convivencia en\u00a0Gran Hermano Generaci\u00f3n Dorada\u00a0(Telefe) apenas lleva una semana al aire y ya dej\u00f3 en evidencia que compartir techo, cocina y despensa no es tarea sencilla. Con m\u00e1s de veinte participantes y un presupuesto limitado para alimentos, el cl\u00e1sico conflicto por la comida volvi\u00f3 a convertirse en el eje de tensiones dentro de la [&hellip;]<\/p>\n","protected":false},"author":2,"featured_media":30910,"comment_status":"open","ping_status":"open","sticky":false,"template":"","format":"standard","meta":{"footnotes":""},"categories":[67],"tags":[],"class_list":{"0":"post-30909","1":"post","2":"type-post","3":"status-publish","4":"format-standard","5":"has-post-thumbnail","7":"category-espectaculo"},"_links":{"self":[{"href":"https:\/\/radiobitacora.com.ar\/web\/wp-json\/wp\/v2\/posts\/30909","targetHints":{"allow":["GET"]}}],"collection":[{"href":"https:\/\/radiobitacora.com.ar\/web\/wp-json\/wp\/v2\/posts"}],"about":[{"href":"https:\/\/radiobitacora.com.ar\/web\/wp-json\/wp\/v2\/types\/post"}],"author":[{"embeddable":true,"href":"https:\/\/radiobitacora.com.ar\/web\/wp-json\/wp\/v2\/users\/2"}],"replies":[{"embeddable":true,"href":"https:\/\/radiobitacora.com.ar\/web\/wp-json\/wp\/v2\/comments?post=30909"}],"version-history":[{"count":1,"href":"https:\/\/radiobitacora.com.ar\/web\/wp-json\/wp\/v2\/posts\/30909\/revisions"}],"predecessor-version":[{"id":30911,"href":"https:\/\/radiobitacora.com.ar\/web\/wp-json\/wp\/v2\/posts\/30909\/revisions\/30911"}],"wp:featuredmedia":[{"embeddable":true,"href":"https:\/\/radiobitacora.com.ar\/web\/wp-json\/wp\/v2\/media\/30910"}],"wp:attachment":[{"href":"https:\/\/radiobitacora.com.ar\/web\/wp-json\/wp\/v2\/media?parent=30909"}],"wp:term":[{"taxonomy":"category","embeddable":true,"href":"https:\/\/radiobitacora.com.ar\/web\/wp-json\/wp\/v2\/categories?post=30909"},{"taxonomy":"post_tag","embeddable":true,"href":"https:\/\/radiobitacora.com.ar\/web\/wp-json\/wp\/v2\/tags?post=30909"}],"curies":[{"name":"wp","href":"https:\/\/api.w.org\/{rel}","templated":true}]}}