{"id":31144,"date":"2026-03-09T18:13:00","date_gmt":"2026-03-09T21:13:00","guid":{"rendered":"https:\/\/radiobitacora.com.ar\/web\/?p=31144"},"modified":"2026-03-09T18:13:00","modified_gmt":"2026-03-09T21:13:00","slug":"durante-su-exposicion-en-la-universidad-yeshiva-en-new-york-javier-milei-afirmo-que-iran-es-nuestro-enemigo","status":"publish","type":"post","link":"https:\/\/radiobitacora.com.ar\/web\/2026\/03\/09\/durante-su-exposicion-en-la-universidad-yeshiva-en-new-york-javier-milei-afirmo-que-iran-es-nuestro-enemigo\/","title":{"rendered":"Durante su exposici\u00f3n en la universidad Yeshiva en New York, Javier Milei afirm\u00f3 que Ir\u00e1n es \u201cnuestro enemigo\u201d"},"content":{"rendered":"<p class=\"paragraph\" data-mrf-recirculation=\"Links inline\">En pleno conflicto de Medio Oriente,\u00a0<b>Javier Milei\u00a0<\/b>asegur\u00f3 que<b>\u00a0Ir\u00e1n es \u201cenemigo\u201d de la Argentina,<\/b>\u00a0durante su disertaci\u00f3n en la\u00a0<b>Universidad jud\u00eda de Yeshiva.<\/b><\/p>\n<p class=\"paragraph\" data-mrf-recirculation=\"Links inline\">Textual, el presidente se\u00f1al\u00f3:<\/p>\n<div class=\"inline ad-wrapper\">\n<div class=\"dfpAd ad-inline\"><\/div>\n<\/div>\n<p class=\"paragraph\" data-mrf-recirculation=\"Links inline\">\u201cNos han metido dos bombas (por Ir\u00e1n), una en la AMIA y otra en la Embajada de Israel.\u00a0<b>Por lo tanto, digamos, son nuestros enemigos.<\/b> Pero adem\u00e1s tengo una alianza estrat\u00e9gica con Estados Unidos e Israel&#8221;.<\/p>\n<p class=\"paragraph\" data-mrf-recirculation=\"Links inline\">En este sentido, el presidente tambi\u00e9n ratific\u00f3 su posici\u00f3n personal y geopol\u00edtica:\u00a0<b>\u201cYo me siento orgulloso de ser el presidente m\u00e1s sionista del mundo\u201d,<\/b>\u00a0afirm\u00f3 ante cientos de estudiantes jud\u00edos que desbordaron el auditorio de la Universidad Yeshiva de New York.<\/p>\n<div class=\"inline_2_DSK ad-wrapper ad-desktop\">\n<div class=\"dfpAd ad-inline\"><\/div>\n<\/div>\n<p class=\"paragraph\" data-mrf-recirculation=\"Links inline\">Milei lleg\u00f3 al centro universitario acompa\u00f1ado por\u00a0<b>Karina Milei<\/b>\u00a0-secretaria General-,\u00a0<b>Manuel Adorni<\/b>\u00a0-jefe de Gabinete- y\u00a0<b>Pablo Quirno\u00a0<\/b>-ministro de Relaciones Exteriores-.<\/p>\n<p class=\"paragraph\" data-mrf-recirculation=\"Links inline\">En las calles que rodeaban a la universidad\u00a0<b>hab\u00eda un fuerte sistema de seguridad policial,<\/b>\u00a0y adentro\u00a0<b>el servicio secreto de Estados Unidos revisada las mochilas de los estudiantes<\/b>\u00a0y escaneaba a todos los invitados a la disertaci\u00f3n presidencial.<\/p>\n<p class=\"paragraph\" data-mrf-recirculation=\"Links inline\">La exposici\u00f3n de Milei tuvo\u00a0<b>dos ejes diferentes<\/b>:\u00a0<b>la situaci\u00f3n en Medio Oriente\u00a0<\/b>y\u00a0<b>su mirada sobre la econom\u00eda, la moral y la pol\u00edtica<\/b><\/p>\n<p class=\"paragraph\" data-mrf-recirculation=\"Links inline\">Respecto a Medio Oriente, el presidente\u00a0<b>ratific\u00f3 su apoyo a Israel y Estados Unidos frente a Ir\u00e1n,\u00a0<\/b>y defendi\u00f3 la agenda internacional de Donald Trump.<\/p>\n<p class=\"paragraph\" data-mrf-recirculation=\"Links inline\">Milei sostuvo:<\/p>\n<p class=\"paragraph\" data-mrf-recirculation=\"Links inline\">&#8211;<b>\u201cNos han metido dos bombas, una en la AMIA y otra en la Embajada de Israel. Por lo tanto, digamos, son nuestros enemigos.<\/b>\u00a0Pero adem\u00e1s tengo una alianza estrat\u00e9gica con Estados Unidos e Israel. Por lo tanto, adem\u00e1s, es incre\u00edble como el mundo se salv\u00f3 por un cent\u00edmetro y fue esa bala que no le pegaron a Trump\u201d.<\/p>\n<p class=\"paragraph\" data-mrf-recirculation=\"Links inline\">&#8211;<b>\u201cTrump ha cerrado ocho conflictos, ha trabajado de manera conjunta con Israel y hoy se ve con claridad lo que pas\u00f3 en Venezuela, se ve con claridad lo que est\u00e1 pasando en Iran<\/b>. Por ende, no tengo ninguna duda que Estados Unidos e Israel saldr\u00e1 victorioso de esta situaci\u00f3n. No tengo dudas que de esta manera seguir\u00e1 cort\u00e1ndole el financiamiento a pa\u00edses como Cuba o Venezuela, que se dedicaban a expandir el terror\u201d.<\/p>\n<p class=\"paragraph\" data-mrf-recirculation=\"Links inline\">-\u201cSer\u00e1 coronado finalmente, no solo con la paz en Ucrania y Rusia, sino que l<b>a frutilla del postre va a ser que Cuba definitivamente ser\u00e1 libre y tendremos al final un mundo mucho mejor donde todos los comunistas\u201d<\/b>.<\/p>\n<div class=\"visual__image\"><picture><source srcset=\"https:\/\/www.infobae.com\/resizer\/v2\/TGFIKZRFXVDVRMAP4T2XVJGWPM.JPG?auth=159ea747b6fcb611d10dc2b7b4fe72c85e5a7daad0c379a1135be1cbd87f8ba4&amp;smart=true&amp;width=992&amp;height=661&amp;quality=85\" media=\"(min-width: 1000px)\" \/><source srcset=\"https:\/\/www.infobae.com\/resizer\/v2\/TGFIKZRFXVDVRMAP4T2XVJGWPM.JPG?auth=159ea747b6fcb611d10dc2b7b4fe72c85e5a7daad0c379a1135be1cbd87f8ba4&amp;smart=true&amp;width=768&amp;height=512&amp;quality=85\" media=\"(min-width: 768px)\" \/><source srcset=\"https:\/\/www.infobae.com\/resizer\/v2\/TGFIKZRFXVDVRMAP4T2XVJGWPM.JPG?auth=159ea747b6fcb611d10dc2b7b4fe72c85e5a7daad0c379a1135be1cbd87f8ba4&amp;smart=true&amp;width=577&amp;height=385&amp;quality=85\" media=\"(min-width: 580px)\" \/><source srcset=\"https:\/\/www.infobae.com\/resizer\/v2\/TGFIKZRFXVDVRMAP4T2XVJGWPM.JPG?auth=159ea747b6fcb611d10dc2b7b4fe72c85e5a7daad0c379a1135be1cbd87f8ba4&amp;smart=true&amp;width=420&amp;height=280&amp;quality=85\" media=\"(min-width: 350px)\" \/><source srcset=\"https:\/\/www.infobae.com\/resizer\/v2\/TGFIKZRFXVDVRMAP4T2XVJGWPM.JPG?auth=159ea747b6fcb611d10dc2b7b4fe72c85e5a7daad0c379a1135be1cbd87f8ba4&amp;smart=true&amp;width=350&amp;height=233&amp;quality=85\" media=\"(min-width: 80px)\" \/><img loading=\"lazy\" decoding=\"async\" class=\"global-image\" src=\"https:\/\/www.infobae.com\/resizer\/v2\/TGFIKZRFXVDVRMAP4T2XVJGWPM.JPG?auth=159ea747b6fcb611d10dc2b7b4fe72c85e5a7daad0c379a1135be1cbd87f8ba4&amp;smart=true&amp;width=350&amp;height=233&amp;quality=85\" alt=\"Javier Milei ingresa al auditorio\" width=\"4168\" height=\"2779\" \/><\/picture>Javier Milei ingresa al auditorio de la universidad de Yeshiva, (New York, Estados Unidos)<\/div>\n<p class=\"paragraph\" data-mrf-recirculation=\"Links inline\">Cuando Milei ingres\u00f3 a la universidad de Yeshiva,\u00a0<b>la audiencia estudiantil se puso de pie\u00a0<\/b>para aplaudir. \u201c<b>Pre-si-dente, pre-si-dente\u201d,\u00a0<\/b>cantaban los alumnos que ocupaban las sillas del auditorio.<\/p>\n<p class=\"paragraph\" data-mrf-recirculation=\"Links inline\"><b>\u201cHola a todoooos\u201d,<\/b>\u00a0replic\u00f3 el presidente con un vozarr\u00f3n.<\/p>\n<p class=\"paragraph\" data-mrf-recirculation=\"Links inline\">Milei fue presentado con esmero por el\u00a0<b>rabino Ari Berman<\/b>, rector de la Universidad. El rabino cit\u00f3 a<b>\u00a0Golda Meir\u00a0<\/b>como figura global del juda\u00edsmo, y a continuaci\u00f3n anunci\u00f3 la presencia del presidente argentino.<\/p>\n<p class=\"paragraph\" data-mrf-recirculation=\"Links inline\"><b>\u201cEs un honor para la Universidad Yeshiva dar la bienvenida a Milei en un momento en que el liderazgo econ\u00f3mico tiene implicaciones globales\u201d<\/b>, se\u00f1al\u00f3 Berman.<\/p>\n<p class=\"paragraph\" data-mrf-recirculation=\"Links inline\">Y complet\u00f3:\u00a0<b>\u201cRepresenta una voz distintiva en la pol\u00edtica econ\u00f3mica contempor\u00e1nea,<\/b>\u00a0impulsando cambios estructurales a escala nacional\u201d.<\/p>\n<div class=\"visual__image\"><picture><source srcset=\"https:\/\/www.infobae.com\/resizer\/v2\/JHFIJOYR7FHQRCDDVFBKWMVDK4.JPG?auth=f4314c4bf81e77cc4ad771c7e8d9393b4b81c854410691cb35779988f82e66fe&amp;smart=true&amp;width=992&amp;height=661&amp;quality=85\" media=\"(min-width: 1000px)\" \/><source srcset=\"https:\/\/www.infobae.com\/resizer\/v2\/JHFIJOYR7FHQRCDDVFBKWMVDK4.JPG?auth=f4314c4bf81e77cc4ad771c7e8d9393b4b81c854410691cb35779988f82e66fe&amp;smart=true&amp;width=768&amp;height=512&amp;quality=85\" media=\"(min-width: 768px)\" \/><source srcset=\"https:\/\/www.infobae.com\/resizer\/v2\/JHFIJOYR7FHQRCDDVFBKWMVDK4.JPG?auth=f4314c4bf81e77cc4ad771c7e8d9393b4b81c854410691cb35779988f82e66fe&amp;smart=true&amp;width=577&amp;height=385&amp;quality=85\" media=\"(min-width: 580px)\" \/><source srcset=\"https:\/\/www.infobae.com\/resizer\/v2\/JHFIJOYR7FHQRCDDVFBKWMVDK4.JPG?auth=f4314c4bf81e77cc4ad771c7e8d9393b4b81c854410691cb35779988f82e66fe&amp;smart=true&amp;width=420&amp;height=280&amp;quality=85\" media=\"(min-width: 350px)\" \/><source srcset=\"https:\/\/www.infobae.com\/resizer\/v2\/JHFIJOYR7FHQRCDDVFBKWMVDK4.JPG?auth=f4314c4bf81e77cc4ad771c7e8d9393b4b81c854410691cb35779988f82e66fe&amp;smart=true&amp;width=350&amp;height=233&amp;quality=85\" media=\"(min-width: 80px)\" \/><img loading=\"lazy\" decoding=\"async\" class=\"global-image\" src=\"https:\/\/www.infobae.com\/resizer\/v2\/JHFIJOYR7FHQRCDDVFBKWMVDK4.JPG?auth=f4314c4bf81e77cc4ad771c7e8d9393b4b81c854410691cb35779988f82e66fe&amp;smart=true&amp;width=350&amp;height=233&amp;quality=85\" alt=\"Javier Milei durante su disertaci\u00f3n\" width=\"5000\" height=\"3333\" \/><\/picture>Javier Milei durante su disertaci\u00f3n en la universidad Yeshiva, (New York, Estados Unidos)<\/div>\n<p class=\"paragraph\" data-mrf-recirculation=\"Links inline\">Adem\u00e1s de establecer la postura de Argentina respecto al conflicto en Medio Oriente, Milei\u00a0<b>se apoy\u00f3\u00a0<\/b>en su \u00faltimo discurso pronunciado en Davos para describir\u00a0<b>su perspectiva\u00a0<\/b>sobre la relaci\u00f3n intr\u00ednseca entre moral y pol\u00edtica.<\/p>\n<p class=\"paragraph\" data-mrf-recirculation=\"Links inline\"><b>\u201cNo vale todo por ganar un voto. Y por eso reitero: Maquiavelo ha muerto, y es momento de enterrarlo\u201d,\u00a0<\/b>afirm\u00f3 el jefe de Estado.<\/p>\n<p class=\"paragraph\" data-mrf-recirculation=\"Links inline\">En ese momento, el auditorio<b>\u00a0otra vez\u00a0<\/b>se puso de pie para aplaudir. Y cuando los aplausos cesaron, Milei\u00a0<b>insisti\u00f3 en rescatar la filosof\u00eda griega y romana\u00a0<\/b>para regresar a los valores de Occidente.<\/p>\n<p class=\"paragraph\" data-mrf-recirculation=\"Links inline\">\u201cHay que hacer lo que es justo.\u00a0<b>Cuando obran de manera justa aparecen milagros. Pueden hacer un ajuste del 30% del gasto p\u00fablico en un mes y a\u00fan as\u00ed ganar las elecciones por esc\u00e1ndalo<\/b>\u201c, afirm\u00f3 el Presidente.<\/p>\n<p class=\"paragraph\" data-mrf-recirculation=\"Links inline\">En este sentido, Milei\u00a0<b>a\u00f1adi\u00f3:<\/b><\/p>\n<p class=\"paragraph\" data-mrf-recirculation=\"Links inline\"><b>\u201cLos impuestos son un robo. Nadie paga los impuestos voluntariamente, lo hacen a punta de pistola, porque son un robo\u201d<\/b>.<\/p>\n<div class=\"visual__image\"><picture><source srcset=\"https:\/\/www.infobae.com\/resizer\/v2\/AJYRDDDPGJBDHIRM4JZGNJ7DRI.png?auth=5405b519bab9c99c9b192b829eb77354ea17c69524b25912fa5b1e2777bcc5a8&amp;smart=true&amp;width=992&amp;height=744&amp;quality=85\" media=\"(min-width: 1000px)\" \/><source srcset=\"https:\/\/www.infobae.com\/resizer\/v2\/AJYRDDDPGJBDHIRM4JZGNJ7DRI.png?auth=5405b519bab9c99c9b192b829eb77354ea17c69524b25912fa5b1e2777bcc5a8&amp;smart=true&amp;width=768&amp;height=576&amp;quality=85\" media=\"(min-width: 768px)\" \/><source srcset=\"https:\/\/www.infobae.com\/resizer\/v2\/AJYRDDDPGJBDHIRM4JZGNJ7DRI.png?auth=5405b519bab9c99c9b192b829eb77354ea17c69524b25912fa5b1e2777bcc5a8&amp;smart=true&amp;width=577&amp;height=433&amp;quality=85\" media=\"(min-width: 580px)\" \/><source srcset=\"https:\/\/www.infobae.com\/resizer\/v2\/AJYRDDDPGJBDHIRM4JZGNJ7DRI.png?auth=5405b519bab9c99c9b192b829eb77354ea17c69524b25912fa5b1e2777bcc5a8&amp;smart=true&amp;width=420&amp;height=315&amp;quality=85\" media=\"(min-width: 350px)\" \/><source srcset=\"https:\/\/www.infobae.com\/resizer\/v2\/AJYRDDDPGJBDHIRM4JZGNJ7DRI.png?auth=5405b519bab9c99c9b192b829eb77354ea17c69524b25912fa5b1e2777bcc5a8&amp;smart=true&amp;width=350&amp;height=263&amp;quality=85\" media=\"(min-width: 80px)\" \/><img loading=\"lazy\" decoding=\"async\" class=\"global-image\" src=\"https:\/\/www.infobae.com\/resizer\/v2\/AJYRDDDPGJBDHIRM4JZGNJ7DRI.png?auth=5405b519bab9c99c9b192b829eb77354ea17c69524b25912fa5b1e2777bcc5a8&amp;smart=true&amp;width=350&amp;height=263&amp;quality=85\" alt=\"Javier Milei junto a estudiantes\" width=\"1600\" height=\"1200\" \/><\/picture>Javier Milei junto a estudiantes argentinos tras exponer en la universidad Yeshiva. A lado aparece Karina Milei que particip\u00f3 de la actividad acad\u00e9mica junto a Manuel Adorni y Pablo Quirno<\/div>\n<p class=\"paragraph\" data-mrf-recirculation=\"Links inline\">Cuando ya hab\u00edan pasado casi dos horas de disertaci\u00f3n, Milei mir\u00f3 a su audiencia y cerr\u00f3:\u00a0<b>\u201cViva la libertad, carajo!\u201d.<\/b><\/p>\n","protected":false},"excerpt":{"rendered":"<p>En pleno conflicto de Medio Oriente,\u00a0Javier Milei\u00a0asegur\u00f3 que\u00a0Ir\u00e1n es \u201cenemigo\u201d de la Argentina,\u00a0durante su disertaci\u00f3n en la\u00a0Universidad jud\u00eda de Yeshiva. Textual, el presidente se\u00f1al\u00f3: \u201cNos han metido dos bombas (por Ir\u00e1n), una en la AMIA y otra en la Embajada de Israel.\u00a0Por lo tanto, digamos, son nuestros enemigos. Pero adem\u00e1s tengo una alianza estrat\u00e9gica con [&hellip;]<\/p>\n","protected":false},"author":2,"featured_media":31145,"comment_status":"open","ping_status":"open","sticky":false,"template":"","format":"standard","meta":{"footnotes":""},"categories":[79],"tags":[],"class_list":{"0":"post-31144","1":"post","2":"type-post","3":"status-publish","4":"format-standard","5":"has-post-thumbnail","7":"category-politica"},"_links":{"self":[{"href":"https:\/\/radiobitacora.com.ar\/web\/wp-json\/wp\/v2\/posts\/31144","targetHints":{"allow":["GET"]}}],"collection":[{"href":"https:\/\/radiobitacora.com.ar\/web\/wp-json\/wp\/v2\/posts"}],"about":[{"href":"https:\/\/radiobitacora.com.ar\/web\/wp-json\/wp\/v2\/types\/post"}],"author":[{"embeddable":true,"href":"https:\/\/radiobitacora.com.ar\/web\/wp-json\/wp\/v2\/users\/2"}],"replies":[{"embeddable":true,"href":"https:\/\/radiobitacora.com.ar\/web\/wp-json\/wp\/v2\/comments?post=31144"}],"version-history":[{"count":1,"href":"https:\/\/radiobitacora.com.ar\/web\/wp-json\/wp\/v2\/posts\/31144\/revisions"}],"predecessor-version":[{"id":31146,"href":"https:\/\/radiobitacora.com.ar\/web\/wp-json\/wp\/v2\/posts\/31144\/revisions\/31146"}],"wp:featuredmedia":[{"embeddable":true,"href":"https:\/\/radiobitacora.com.ar\/web\/wp-json\/wp\/v2\/media\/31145"}],"wp:attachment":[{"href":"https:\/\/radiobitacora.com.ar\/web\/wp-json\/wp\/v2\/media?parent=31144"}],"wp:term":[{"taxonomy":"category","embeddable":true,"href":"https:\/\/radiobitacora.com.ar\/web\/wp-json\/wp\/v2\/categories?post=31144"},{"taxonomy":"post_tag","embeddable":true,"href":"https:\/\/radiobitacora.com.ar\/web\/wp-json\/wp\/v2\/tags?post=31144"}],"curies":[{"name":"wp","href":"https:\/\/api.w.org\/{rel}","templated":true}]}}