{"id":31181,"date":"2026-03-10T16:25:24","date_gmt":"2026-03-10T19:25:24","guid":{"rendered":"https:\/\/radiobitacora.com.ar\/web\/?p=31181"},"modified":"2026-03-10T16:25:24","modified_gmt":"2026-03-10T19:25:24","slug":"juan-pablo-valdes-en-argentina-week-vamos-a-mostrar-el-potencial-de-corrientes-y-a-buscar-inversiones","status":"publish","type":"post","link":"https:\/\/radiobitacora.com.ar\/web\/2026\/03\/10\/juan-pablo-valdes-en-argentina-week-vamos-a-mostrar-el-potencial-de-corrientes-y-a-buscar-inversiones\/","title":{"rendered":"Juan Pablo Vald\u00e9s en Argentina Week: &#8220;Vamos a mostrar el potencial de Corrientes y a buscar inversiones&#8221;"},"content":{"rendered":"<p>El gobernador de Corrientes,\u00a0<strong>Juan Pablo Vald\u00e9s<\/strong>, inicia este lunes su participaci\u00f3n en la\u00a0<strong>Argentina Week<\/strong>, un evento estrat\u00e9gico de promoci\u00f3n econ\u00f3mica que se desarrolla en la ciudad de Nueva York. Invitado por la Canciller\u00eda y en sinton\u00eda con el Ejecutivo Nacional, el mandatario provincial busca posicionar el potencial productivo de la provincia ante los principales fondos de inversi\u00f3n y l\u00edderes empresariales del mundo.<\/p>\n<p>&#8220;Vamos a mostrar el potencial de Corrientes y a buscar inversiones&#8221;, asegur\u00f3 Vald\u00e9s antes de partir hacia el pa\u00eds del norte. La agenda del gobernador pone especial \u00e9nfasis en sectores clave para la econom\u00eda regional como la\u00a0<strong>forestoindustria<\/strong>, el\u00a0<strong>arroz<\/strong>, la\u00a0<strong>horticultura<\/strong>\u00a0y la\u00a0<strong>fruticultura<\/strong>, adem\u00e1s de explorar vinculaciones tecnol\u00f3gicas con gigantes como\u00a0<strong>Amazon<\/strong>.<\/p>\n<h2><strong>Una agenda de alto nivel en Manhattan<\/strong><\/h2>\n<p>Las actividades comienzan formalmente este lunes a las 19:00 en el Consulado Argentino con una recepci\u00f3n de bienvenida. Sin embargo, el plato fuerte de la misi\u00f3n tendr\u00e1 lugar el martes en la\u00a0<strong>JPMorgan Chase Tower<\/strong>, en el coraz\u00f3n de Manhattan. All\u00ed, el presidente de JPMorgan,\u00a0<strong>Jamie Dimon<\/strong>, presentar\u00e1 a Milei ante un auditorio de inversores globales.<\/p>\n<p>Durante la semana, Vald\u00e9s compartir\u00e1 paneles con otros nueve gobernadores aliados \u2014entre ellos\u00a0<strong>Alfredo Cornejo<\/strong>\u00a0(Mendoza) e\u00a0<strong>Ignacio Torres<\/strong>\u00a0(Chubut)\u2014, donde se abordar\u00e1n temas de miner\u00eda estrat\u00e9gica y energ\u00eda. El itinerario incluye conversaciones con figuras de la talla de\u00a0<strong>Sir Niall Ferguson<\/strong>\u00a0y los CEOs globales de firmas como\u00a0<strong>Dow<\/strong>\u00a0y\u00a0<strong>Baker Hughes<\/strong>.<\/p>\n<h2><strong>El cierre y los &#8220;RIGI Champions&#8221;<\/strong><\/h2>\n<p>El mi\u00e9rcoles 11, la actividad se trasladar\u00e1 a la sede del\u00a0<strong>Bank of America<\/strong>, donde el ministro de Econom\u00eda,\u00a0<strong>Luis Caputo<\/strong>, y el presidente del Banco Central,\u00a0<strong>Santiago Bausili<\/strong>, analizar\u00e1n el mercado de capitales argentino.<\/p>\n<p>La misi\u00f3n concluir\u00e1 con un acto en la sede de\u00a0<strong>Microsoft en Times Square<\/strong>, donde se entregar\u00e1n reconocimientos a los denominados\u00a0<strong>&#8220;RIGI Champions&#8221;<\/strong>, representantes del sector privado que apuestan por el R\u00e9gimen de Incentivo para Grandes Inversiones.<\/p>\n<p>Para Vald\u00e9s, esta gira representa una oportunidad central para consolidar a Corrientes como un destino atractivo para el capital extranjero, en un entorno de nuevas reglas de juego geopol\u00edticas.<\/p>\n","protected":false},"excerpt":{"rendered":"<p>El gobernador de Corrientes,\u00a0Juan Pablo Vald\u00e9s, inicia este lunes su participaci\u00f3n en la\u00a0Argentina Week, un evento estrat\u00e9gico de promoci\u00f3n econ\u00f3mica que se desarrolla en la ciudad de Nueva York. Invitado por la Canciller\u00eda y en sinton\u00eda con el Ejecutivo Nacional, el mandatario provincial busca posicionar el potencial productivo de la provincia ante los principales fondos [&hellip;]<\/p>\n","protected":false},"author":2,"featured_media":31182,"comment_status":"open","ping_status":"open","sticky":false,"template":"","format":"standard","meta":{"footnotes":""},"categories":[72],"tags":[],"class_list":{"0":"post-31181","1":"post","2":"type-post","3":"status-publish","4":"format-standard","5":"has-post-thumbnail","7":"category-provinciales"},"_links":{"self":[{"href":"https:\/\/radiobitacora.com.ar\/web\/wp-json\/wp\/v2\/posts\/31181","targetHints":{"allow":["GET"]}}],"collection":[{"href":"https:\/\/radiobitacora.com.ar\/web\/wp-json\/wp\/v2\/posts"}],"about":[{"href":"https:\/\/radiobitacora.com.ar\/web\/wp-json\/wp\/v2\/types\/post"}],"author":[{"embeddable":true,"href":"https:\/\/radiobitacora.com.ar\/web\/wp-json\/wp\/v2\/users\/2"}],"replies":[{"embeddable":true,"href":"https:\/\/radiobitacora.com.ar\/web\/wp-json\/wp\/v2\/comments?post=31181"}],"version-history":[{"count":1,"href":"https:\/\/radiobitacora.com.ar\/web\/wp-json\/wp\/v2\/posts\/31181\/revisions"}],"predecessor-version":[{"id":31183,"href":"https:\/\/radiobitacora.com.ar\/web\/wp-json\/wp\/v2\/posts\/31181\/revisions\/31183"}],"wp:featuredmedia":[{"embeddable":true,"href":"https:\/\/radiobitacora.com.ar\/web\/wp-json\/wp\/v2\/media\/31182"}],"wp:attachment":[{"href":"https:\/\/radiobitacora.com.ar\/web\/wp-json\/wp\/v2\/media?parent=31181"}],"wp:term":[{"taxonomy":"category","embeddable":true,"href":"https:\/\/radiobitacora.com.ar\/web\/wp-json\/wp\/v2\/categories?post=31181"},{"taxonomy":"post_tag","embeddable":true,"href":"https:\/\/radiobitacora.com.ar\/web\/wp-json\/wp\/v2\/tags?post=31181"}],"curies":[{"name":"wp","href":"https:\/\/api.w.org\/{rel}","templated":true}]}}