{"id":31184,"date":"2026-03-10T16:28:05","date_gmt":"2026-03-10T19:28:05","guid":{"rendered":"https:\/\/radiobitacora.com.ar\/web\/?p=31184"},"modified":"2026-03-10T16:28:05","modified_gmt":"2026-03-10T19:28:05","slug":"un-correntino-en-nueva-york-juan-pablo-valdes-participara-del-foro-economico-del-j-p-morgan-en-estados-unidos","status":"publish","type":"post","link":"https:\/\/radiobitacora.com.ar\/web\/2026\/03\/10\/un-correntino-en-nueva-york-juan-pablo-valdes-participara-del-foro-economico-del-j-p-morgan-en-estados-unidos\/","title":{"rendered":"Un correntino en Nueva York: Juan Pablo Vald\u00e9s participar\u00e1 del Foro Econ\u00f3mico del J.P. Morgan en Estados Unidos"},"content":{"rendered":"<p>El Gobernador de la provincia correntina Juan Pablo Vald\u00e9s participar\u00e1 del Foro Econ\u00f3mico organizado por la empresa J.P. Morgan, en Estados Unidos<\/p>\n<p>Este martes, el gobernador de Corrientes, Juan Pablo Vald\u00e9s inform\u00f3 que participar\u00e1 en las pr\u00f3ximas horas de un encuentro que re\u00fane a dirigentes pol\u00edticos y referentes del sector financiero internacional, en el marco del \u201cArgentina Week 2026\u201d, que se desarrolla en la ciudad de Nueva York.<\/p>\n<div id=\"MobileRectangle_2\" class=\"banner-in-text\"><\/div>\n<p>A trav\u00e9s de su cuenta de X, el mandatario provincial se\u00f1al\u00f3 que integrar\u00e1 el Foro Econ\u00f3mico organizado por J.P. Morgan, una de las principales empresas globales de servicios financieros. En la actividad tambi\u00e9n participar\u00e1n los gobernadores Ignacio Torres (Chubut), Claudio Vidal (Santa Cruz) y Rolando Figueroa (Neuqu\u00e9n).<\/p>\n<p>&nbsp;<\/p>\n<div id=\"Parallax\" class=\"banner-in-text\">\n<div id=\"sas_1773170760104rnd\"><iframe loading=\"lazy\" id=\"Parallax_iframe\" src=\"about:blank\" width=\"1\" height=\"1\" frameborder=\"0\" scrolling=\"no\" data-mce-fragment=\"1\"><\/iframe><\/div>\n<\/div>\n<p>Durante la agenda en la ciudad estadounidense los mandatarios provinciales mantendr\u00e1n, adem\u00e1s un encuentro con especialistas de la Organizaci\u00f3n de las Naciones Unidas y con el embajador argentino ante ese organismo, Francisco Tropepi.<\/p>\n<p>El objetivo de las reuniones, indic\u00f3 el gobernador correntino, ser\u00e1 profundizar los v\u00ednculos internacionales y promover iniciativas que impulsen el desarrollo regional en las provincias argentinas.<\/p>\n","protected":false},"excerpt":{"rendered":"<p>El Gobernador de la provincia correntina Juan Pablo Vald\u00e9s participar\u00e1 del Foro Econ\u00f3mico organizado por la empresa J.P. Morgan, en Estados Unidos Este martes, el gobernador de Corrientes, Juan Pablo Vald\u00e9s inform\u00f3 que participar\u00e1 en las pr\u00f3ximas horas de un encuentro que re\u00fane a dirigentes pol\u00edticos y referentes del sector financiero internacional, en el marco [&hellip;]<\/p>\n","protected":false},"author":2,"featured_media":31185,"comment_status":"open","ping_status":"open","sticky":false,"template":"","format":"standard","meta":{"footnotes":""},"categories":[72],"tags":[],"class_list":{"0":"post-31184","1":"post","2":"type-post","3":"status-publish","4":"format-standard","5":"has-post-thumbnail","7":"category-provinciales"},"_links":{"self":[{"href":"https:\/\/radiobitacora.com.ar\/web\/wp-json\/wp\/v2\/posts\/31184","targetHints":{"allow":["GET"]}}],"collection":[{"href":"https:\/\/radiobitacora.com.ar\/web\/wp-json\/wp\/v2\/posts"}],"about":[{"href":"https:\/\/radiobitacora.com.ar\/web\/wp-json\/wp\/v2\/types\/post"}],"author":[{"embeddable":true,"href":"https:\/\/radiobitacora.com.ar\/web\/wp-json\/wp\/v2\/users\/2"}],"replies":[{"embeddable":true,"href":"https:\/\/radiobitacora.com.ar\/web\/wp-json\/wp\/v2\/comments?post=31184"}],"version-history":[{"count":1,"href":"https:\/\/radiobitacora.com.ar\/web\/wp-json\/wp\/v2\/posts\/31184\/revisions"}],"predecessor-version":[{"id":31186,"href":"https:\/\/radiobitacora.com.ar\/web\/wp-json\/wp\/v2\/posts\/31184\/revisions\/31186"}],"wp:featuredmedia":[{"embeddable":true,"href":"https:\/\/radiobitacora.com.ar\/web\/wp-json\/wp\/v2\/media\/31185"}],"wp:attachment":[{"href":"https:\/\/radiobitacora.com.ar\/web\/wp-json\/wp\/v2\/media?parent=31184"}],"wp:term":[{"taxonomy":"category","embeddable":true,"href":"https:\/\/radiobitacora.com.ar\/web\/wp-json\/wp\/v2\/categories?post=31184"},{"taxonomy":"post_tag","embeddable":true,"href":"https:\/\/radiobitacora.com.ar\/web\/wp-json\/wp\/v2\/tags?post=31184"}],"curies":[{"name":"wp","href":"https:\/\/api.w.org\/{rel}","templated":true}]}}