{"id":31187,"date":"2026-03-10T16:33:25","date_gmt":"2026-03-10T19:33:25","guid":{"rendered":"https:\/\/radiobitacora.com.ar\/web\/?p=31187"},"modified":"2026-03-10T16:33:25","modified_gmt":"2026-03-10T19:33:25","slug":"corrientes-el-caso-loan-aun-interpela-a-gustavo-valdes","status":"publish","type":"post","link":"https:\/\/radiobitacora.com.ar\/web\/2026\/03\/10\/corrientes-el-caso-loan-aun-interpela-a-gustavo-valdes\/","title":{"rendered":"Corrientes: el caso Loan a\u00fan interpela a Gustavo Vald\u00e9s"},"content":{"rendered":"<h3>En Corrientes, una pregunta que no se apaga: \u00bfd\u00f3nde est\u00e1 Loan?<\/h3>\n<p><img decoding=\"async\" src=\"https:\/\/alpha-assets.tadevel-cdn.com\/69a82fa5c331fb251844c412\/720.jpeg\" alt=\"Carteles y reclamos por la aparici\u00f3n de Loan en Corrientes\" \/><\/p>\n<p>A casi 20 meses de la desaparici\u00f3n de Loan Pe\u00f1a en la provincia de Corrientes, el interrogante que atraviesa a la sociedad sigue siendo el mismo:\u00a0<strong>\u00bfd\u00f3nde est\u00e1 Loan?<\/strong>. En las calles de la capital provincial, en las charlas de caf\u00e9 y en los pasillos de la pol\u00edtica local, el nombre del ni\u00f1o permanece como una herida abierta que no cicatriza.<\/p>\n<p>Pese al paso del tiempo y al recambio institucional \u2014con Juan Pablo Vald\u00e9s ocupando ahora la banca que supo tener su hermano, el ex gobernador Gustavo Vald\u00e9s\u2014, las miradas contin\u00faan pos\u00e1ndose sobre la gesti\u00f3n que encabez\u00f3 el radical correntino durante los primeros d\u00edas de la investigaci\u00f3n. Vecinos, organizaciones y referentes sociales recuerdan que, lejos de aportar claridad, aquel inicio estuvo marcado por\u00a0<strong>mensajes confusos, reuniones reservadas y anuncios prematuros<\/strong>\u00a0en redes sociales.<\/p>\n<p>Uno de los momentos m\u00e1s controvertidos se produjo el 29 de junio de 2024, cuando Vald\u00e9s public\u00f3 en su cuenta de X que se hab\u00eda dado \u201cun gran paso en la resoluci\u00f3n del Caso Loan\u201d. Minutos y horas despu\u00e9s, ese supuesto avance se revel\u00f3 como una l\u00ednea de investigaci\u00f3n controvertida, basada en la declaraci\u00f3n de la t\u00eda del ni\u00f1o, Laudelina, ante la justicia provincial cuando el expediente ya reclamaba la intervenci\u00f3n del fuero federal.<\/p>\n<p>El entonces mandatario insisti\u00f3 en otro mensaje que Laudelina hab\u00eda narrado c\u00f3mo habr\u00edan ocurrido los hechos, y destac\u00f3 que todo ser\u00eda remitido al \u00e1mbito federal. Sin embargo, con el correr de los meses la hip\u00f3tesis se desmoron\u00f3, mientras crec\u00edan los cuestionamientos por la presi\u00f3n que, seg\u00fan se denunci\u00f3, habr\u00eda ejercido el abogado Jos\u00e9 Codazzi y el senador provincial Diego Pellegrini, dirigente cercano al ex gobernador.<\/p>\n<h3>Silencio oficial y un caso que incomoda al poder<\/h3>\n<p>Hoy, en Corrientes, el tema se aborda \u201clo poco y necesario\u201d, reconocen fuentes consultadas por la prensa. En p\u00fablico predomina la cautela, pero en privado persiste el reclamo de\u00a0<strong>justicia y verdad<\/strong>\u00a0por Loan. Se exige que los responsables sean identificados y juzgados, y que el expediente no quede sepultado por el desgaste del tiempo ni por las urgencias pol\u00edticas de turno.<\/p>\n<p>El caso, coinciden diferentes actores locales, parece haber sido\u00a0<strong>borrado de la agenda oficial<\/strong>\u00a0de la provincia. Mientras tanto, organizaciones de derechos humanos, colectivos barriales y ciudadanos autoconvocados mantienen viva la memoria del ni\u00f1o con marchas peri\u00f3dicas, mensajes en redes sociales y carteles que vuelven una y otra vez sobre la misma consigna: \u201cAparici\u00f3n de Loan ya\u201d.<\/p>\n<ul>\n<li>Cr\u00edticas al rol del gobierno correntino en los inicios de la investigaci\u00f3n.<\/li>\n<li>Mensajes oficiales en redes que celebraron hip\u00f3tesis luego desestimadas.<\/li>\n<li>Denuncias de presiones sobre testigos clave del expediente.<\/li>\n<li>Un clima de silencio pol\u00edtico que contrasta con el reclamo social.<\/li>\n<\/ul>\n<blockquote><p>En Corrientes, el nombre de Loan sigue siendo sin\u00f3nimo de una b\u00fasqueda inconclusa y de respuestas que el poder pol\u00edtico a\u00fan no termina de dar.<\/p><\/blockquote>\n<p>Hasta el momento, ni Gustavo ni Juan Pablo Vald\u00e9s respondieron a los intentos de contacto de la prensa para referirse al tema, y tampoco hubo se\u00f1ales de apertura desde la Casa de Gobierno provincial. Mientras tanto, la pregunta que inquieta a Corrientes y al pa\u00eds entero contin\u00faa sin respuesta:\u00a0<strong>\u00bfd\u00f3nde est\u00e1 Loan?<\/strong>.<\/p>\n","protected":false},"excerpt":{"rendered":"<p>En Corrientes, una pregunta que no se apaga: \u00bfd\u00f3nde est\u00e1 Loan? A casi 20 meses de la desaparici\u00f3n de Loan Pe\u00f1a en la provincia de Corrientes, el interrogante que atraviesa a la sociedad sigue siendo el mismo:\u00a0\u00bfd\u00f3nde est\u00e1 Loan?. En las calles de la capital provincial, en las charlas de caf\u00e9 y en los pasillos [&hellip;]<\/p>\n","protected":false},"author":2,"featured_media":31188,"comment_status":"open","ping_status":"open","sticky":false,"template":"","format":"standard","meta":{"footnotes":""},"categories":[72],"tags":[],"class_list":{"0":"post-31187","1":"post","2":"type-post","3":"status-publish","4":"format-standard","5":"has-post-thumbnail","7":"category-provinciales"},"_links":{"self":[{"href":"https:\/\/radiobitacora.com.ar\/web\/wp-json\/wp\/v2\/posts\/31187","targetHints":{"allow":["GET"]}}],"collection":[{"href":"https:\/\/radiobitacora.com.ar\/web\/wp-json\/wp\/v2\/posts"}],"about":[{"href":"https:\/\/radiobitacora.com.ar\/web\/wp-json\/wp\/v2\/types\/post"}],"author":[{"embeddable":true,"href":"https:\/\/radiobitacora.com.ar\/web\/wp-json\/wp\/v2\/users\/2"}],"replies":[{"embeddable":true,"href":"https:\/\/radiobitacora.com.ar\/web\/wp-json\/wp\/v2\/comments?post=31187"}],"version-history":[{"count":1,"href":"https:\/\/radiobitacora.com.ar\/web\/wp-json\/wp\/v2\/posts\/31187\/revisions"}],"predecessor-version":[{"id":31189,"href":"https:\/\/radiobitacora.com.ar\/web\/wp-json\/wp\/v2\/posts\/31187\/revisions\/31189"}],"wp:featuredmedia":[{"embeddable":true,"href":"https:\/\/radiobitacora.com.ar\/web\/wp-json\/wp\/v2\/media\/31188"}],"wp:attachment":[{"href":"https:\/\/radiobitacora.com.ar\/web\/wp-json\/wp\/v2\/media?parent=31187"}],"wp:term":[{"taxonomy":"category","embeddable":true,"href":"https:\/\/radiobitacora.com.ar\/web\/wp-json\/wp\/v2\/categories?post=31187"},{"taxonomy":"post_tag","embeddable":true,"href":"https:\/\/radiobitacora.com.ar\/web\/wp-json\/wp\/v2\/tags?post=31187"}],"curies":[{"name":"wp","href":"https:\/\/api.w.org\/{rel}","templated":true}]}}