{"id":31190,"date":"2026-03-10T16:47:09","date_gmt":"2026-03-10T19:47:09","guid":{"rendered":"https:\/\/radiobitacora.com.ar\/web\/?p=31190"},"modified":"2026-03-10T16:47:09","modified_gmt":"2026-03-10T19:47:09","slug":"jp-valdes-desde-ee-uu-nuestra-provincia-tiene-mucho-potencial","status":"publish","type":"post","link":"https:\/\/radiobitacora.com.ar\/web\/2026\/03\/10\/jp-valdes-desde-ee-uu-nuestra-provincia-tiene-mucho-potencial\/","title":{"rendered":"JP Vald\u00e9s desde EE.UU: &#8220;Nuestra provincia tiene mucho potencial&#8221;"},"content":{"rendered":"<p>Juan Pablo Vald\u00e9s arrib\u00f3 ayer a la ciudad de Nueva York, en Estados Unidos, donde participa de Argentina Week, un evento organizado por Canciller\u00eda Argentina para promover inversiones en el pa\u00eds. El Gobernador comenz\u00f3 su agenda de trabajo con representantes de Amazon con quienes avanz\u00f3 en un acuerdo de cooperaci\u00f3n. Adem\u00e1s, particip\u00f3 de una ronda de exposiciones en el Consejo de las Am\u00e9ricas.<\/p>\n<p>&#8220;Nuestra provincia tiene mucho para mostrar al mundo&#8221;, expres\u00f3 el Mandatario tras aterrizar en territorio estadounidense. &#8220;Por eso participamos de la Argentina Week en Estados Unidos, con grandes empresas y entidades internacionales, a las que les presentaremos el potencial productivo de Corrientes, para atraer sus inversiones&#8221;, manifest\u00f3 el titular del Ejecutivo Provincial, quien sigue los pasos de su antecesor Gustavo Vald\u00e9s en la b\u00fasqueda de inversiones en el extranjero.<\/p>\n<p>La actividad, que se dio inicio ayer y continuar\u00e1 hasta el 12 de marzo. En este \u00faltimo d\u00eda, seg\u00fan lo programado, habr\u00e1 un panel especial de los gobernadores quienes expondr\u00e1n sobre los potenciales de sus jurisdicciones, como ser, en el caso de Corrientes, la forestoindustria, ganader\u00eda, arroz, entre otros eslabones de la producci\u00f3n local.<\/p>\n<p>El evento cuenta con la presencia de gobernadores y funcionarios nacionales como el canciller Pablo Quirno y el ministro de Econom\u00eda de la Naci\u00f3n, Luis &#8220;Toto&#8221; Caputo. Inaugurar\u00e1 formalmente hoy con un discurso el presidente de la Naci\u00f3n, Javier Milei, quien mantiene una intensa agenda de cooperaci\u00f3n con el Gobierno de Donald Trump. Recientemente rubric\u00f3 participaci\u00f3n de Argentina de la Cumbre Escudo de las Am\u00e9ricas.<\/p>\n<p>Vald\u00e9s, por su parte, confirm\u00f3 que dio inicio a la ronda de trabajo con representantes de la empresa tecnol\u00f3gica Amazon, junto a sus pares de otras provincias. De acuerdo con lo expresado por el Gobernador, se centraron en &#8220;innovaci\u00f3n, tecnolog\u00eda aplicada a la gesti\u00f3n p\u00fablica y para conocer soluciones que hoy est\u00e1n transformando gobiernos de todo el mundo&#8221;.<\/p>\n<p>&#8220;Estos encuentros nos permiten explorar herramientas que pueden mejorar los servicios del Estado, modernizar la gesti\u00f3n y generar m\u00e1s oportunidades de desarrollo para los correntinos&#8221;, afirm\u00f3 el titular del Ejecutivo Provincial desde Nueva York. Por otra parte, confirm\u00f3 ayer a Radio Dos que firmar\u00e1 un convenio de cooperaci\u00f3n con la empresa tecnol\u00f3gica al adquirir los programas Amazon Desarrolladores y Amazon Programa. &#8220;Ambos programas son manejados por el sector de capacitaci\u00f3n de la compa\u00f1\u00eda y se van a estar dictando para los correntinos&#8221;, expres\u00f3.<\/p>\n<p>Por otra parte, Vald\u00e9s comunic\u00f3 que mantendr\u00e1 reuniones con empresas l\u00edderes mundiales y representantes de la ONU. Tambi\u00e9n, participar\u00e1 de foros econ\u00f3micos y tecnol\u00f3gicos para el intercambio de oportunidades.<\/p>\n<p>La Argentina Week es un evento que, seg\u00fan lo programado, reunir\u00e1 a 300 l\u00edderes empresariales, entre ellos CEOs de compa\u00f1\u00edas multinacionales y representantes de fondos de inversiones. Las rondas y conferencias se desarrollar\u00e1n en locaciones clave como el consulado argentino, la torre de JP Morgan Chase en Park Avenue, las oficinas de Bank of America y la sede de Microsoft en Times Square.<\/p>\n<p>La agenda marca que ayer se realiz\u00f3 la apertura con la recepci\u00f3n de bienvenida y rondas de trabajo en el Consulado Argentino liderado por el jefe de Gabinete de Ministros de la Naci\u00f3n, Manuel Adorni. Adem\u00e1s de la reuni\u00f3n en Amazon, los mandatarios expusieron en el Consejo de las Am\u00e9ricas.<\/p>\n<p>Para hoy est\u00e1 prevista una jornada central en la torre de JP Morgan donde el CEO del banco, Jamie Dimon presentar\u00e1 a Milei en discurso formal de inauguraci\u00f3n del evento. Ma\u00f1ana se realizar\u00e1n conferencias relacionadas con las reformas econ\u00f3micas y de mercado de capitales en el Bank of America, donde la disertaci\u00f3n central estar\u00e1 a cargo de Caputo, secundado por el presidente del Banco Central de la Rep\u00fablica Argentina (BCRA) Santiago Bausili.<\/p>\n<p>El jueves 12 de marzo se habilitar\u00e1 espacio de gobernadores quienes hablar\u00e1n sobre el potencial econ\u00f3mico de sus provincias, seg\u00fan se indica en la programaci\u00f3n. El evento tendr\u00e1 un cierre en Microsoft con la entrega de reconocimientos y el Instituto para el Desarrollo Empresarial de la Argentina (IDEA) expondr\u00e1 un panel de empresarios argentinos sobre oportunidades de inversi\u00f3n en el pa\u00eds.<\/p>\n<p>Algunos de los gobernadores presentes en la gira en Nueva York son Carlos Sadir (Jujuy), Ra\u00fal Jalil (Catamarca), Alfredo Cornejo (Mendoza), Marcelo Orrego (San Juan), Gustavo S\u00e1enz (Salta), Mart\u00edn Llaryora (C\u00f3rdoba) y Claudio Vidal (Santa Cruz).<\/p>\n<h2>Producci\u00f3n<\/h2>\n<p>Uno de los ejes centrales de la propuesta correntina es la forestoindustria. La provincia promueve la instalaci\u00f3n de industrias madereras, proyectos de producci\u00f3n de celulosa y desarrollos vinculados a la bioeconom\u00eda, incluyendo la generaci\u00f3n de energ\u00eda a partir de biomasa forestal.<\/p>\n<p>El arroz aparece como otro de los sectores estrat\u00e9gicos, como as\u00ed, la ganader\u00eda.<\/p>\n","protected":false},"excerpt":{"rendered":"<p>Juan Pablo Vald\u00e9s arrib\u00f3 ayer a la ciudad de Nueva York, en Estados Unidos, donde participa de Argentina Week, un evento organizado por Canciller\u00eda Argentina para promover inversiones en el pa\u00eds. El Gobernador comenz\u00f3 su agenda de trabajo con representantes de Amazon con quienes avanz\u00f3 en un acuerdo de cooperaci\u00f3n. Adem\u00e1s, particip\u00f3 de una ronda [&hellip;]<\/p>\n","protected":false},"author":2,"featured_media":31191,"comment_status":"open","ping_status":"open","sticky":false,"template":"","format":"standard","meta":{"footnotes":""},"categories":[79],"tags":[],"class_list":{"0":"post-31190","1":"post","2":"type-post","3":"status-publish","4":"format-standard","5":"has-post-thumbnail","7":"category-politica"},"_links":{"self":[{"href":"https:\/\/radiobitacora.com.ar\/web\/wp-json\/wp\/v2\/posts\/31190","targetHints":{"allow":["GET"]}}],"collection":[{"href":"https:\/\/radiobitacora.com.ar\/web\/wp-json\/wp\/v2\/posts"}],"about":[{"href":"https:\/\/radiobitacora.com.ar\/web\/wp-json\/wp\/v2\/types\/post"}],"author":[{"embeddable":true,"href":"https:\/\/radiobitacora.com.ar\/web\/wp-json\/wp\/v2\/users\/2"}],"replies":[{"embeddable":true,"href":"https:\/\/radiobitacora.com.ar\/web\/wp-json\/wp\/v2\/comments?post=31190"}],"version-history":[{"count":1,"href":"https:\/\/radiobitacora.com.ar\/web\/wp-json\/wp\/v2\/posts\/31190\/revisions"}],"predecessor-version":[{"id":31192,"href":"https:\/\/radiobitacora.com.ar\/web\/wp-json\/wp\/v2\/posts\/31190\/revisions\/31192"}],"wp:featuredmedia":[{"embeddable":true,"href":"https:\/\/radiobitacora.com.ar\/web\/wp-json\/wp\/v2\/media\/31191"}],"wp:attachment":[{"href":"https:\/\/radiobitacora.com.ar\/web\/wp-json\/wp\/v2\/media?parent=31190"}],"wp:term":[{"taxonomy":"category","embeddable":true,"href":"https:\/\/radiobitacora.com.ar\/web\/wp-json\/wp\/v2\/categories?post=31190"},{"taxonomy":"post_tag","embeddable":true,"href":"https:\/\/radiobitacora.com.ar\/web\/wp-json\/wp\/v2\/tags?post=31190"}],"curies":[{"name":"wp","href":"https:\/\/api.w.org\/{rel}","templated":true}]}}