{"id":31196,"date":"2026-03-10T17:11:19","date_gmt":"2026-03-10T20:11:19","guid":{"rendered":"https:\/\/radiobitacora.com.ar\/web\/?p=31196"},"modified":"2026-03-10T17:11:19","modified_gmt":"2026-03-10T20:11:19","slug":"uno-de-cada-tres-adultos-no-alcanza-los-niveles-de-actividad-fisica-que-recomienda-la-oms-cuales-son-las-causas","status":"publish","type":"post","link":"https:\/\/radiobitacora.com.ar\/web\/2026\/03\/10\/uno-de-cada-tres-adultos-no-alcanza-los-niveles-de-actividad-fisica-que-recomienda-la-oms-cuales-son-las-causas\/","title":{"rendered":"Uno de cada tres adultos no alcanza los niveles de actividad f\u00edsica que recomienda la OMS: cu\u00e1les son las causas"},"content":{"rendered":"<p class=\"paragraph\" data-mrf-recirculation=\"Links inline\"><b>\u201cUno de cada tres adultos en todo el mundo a\u00fan no cumple con las directrices de actividad f\u00edsica<\/b>\u00a0de la\u00a0<a title=\"https:\/\/www.infobae.com\/tag\/oms\/\" href=\"https:\/\/www.infobae.com\/tag\/oms\/\" target=\"_blank\" rel=\"noopener noreferrer\" data-mrf-link=\"https:\/\/www.infobae.com\/tag\/oms\/\"><b>Organizaci\u00f3n Mundial de la Salud<\/b><\/a>\u00a0(OMS)\u201d, advirti\u00f3 un\u00a0<a title=\"https:\/\/www.nature.com\/articles\/s44360-026-00078-1\" href=\"https:\/\/www.nature.com\/articles\/s44360-026-00078-1\" target=\"_blank\" rel=\"noopener\" data-mrf-link=\"https:\/\/www.nature.com\/articles\/s44360-026-00078-1\">estudio<\/a>\u00a0publicado en\u00a0<i>Nature Health<\/i>.<\/p>\n<p class=\"paragraph\" data-mrf-recirculation=\"Links inline\">El trabajo fue dirigido por la investigadora principal,\u00a0<b>Andrea Ram\u00edrez Varela<\/b>, doctora en Filosof\u00eda y M\u00e1ster en Salud P\u00fablica (MPH), profesora adjunta del Departamento de Epidemiolog\u00eda de la Facultad de Salud P\u00fablica de<b> la Universidad de Texas.<\/b><\/p>\n<p class=\"paragraph\" data-mrf-recirculation=\"Links inline\">Seg\u00fan la\u00a0<b>OMS<\/b>, es vital cumplir con el m\u00ednimo recomendado de\u00a0<b>150 minutos semanales\u00a0<\/b>de actividades de intensidad moderada.<\/p>\n<p class=\"paragraph\" data-mrf-recirculation=\"Links inline\">Los investigadores liderados por\u00a0<b>Ram\u00edrez Varela<\/b>\u00a0revelaron que el\u00a0<b>92% de los pa\u00edses<\/b>\u00a0dispone de alg\u00fan documento normativo sobre actividad f\u00edsica, pero apenas el\u00a0<b>35%<\/b>\u00a0ha desarrollado una pol\u00edtica dedicada de forma exclusiva a este \u00e1mbito.<\/p>\n<div class=\"visual__image\"><picture><source srcset=\"https:\/\/www.infobae.com\/resizer\/v2\/WQZWOSCRDJC77BVCCP3LKKRK7I.jpg?auth=0649b1fef52d5c8f2c18f5571d97058eb60753d7aa84cb64ddc3c840f9de41f8&amp;smart=true&amp;width=992&amp;height=556&amp;quality=85\" media=\"(min-width: 1000px)\" \/><source srcset=\"https:\/\/www.infobae.com\/resizer\/v2\/WQZWOSCRDJC77BVCCP3LKKRK7I.jpg?auth=0649b1fef52d5c8f2c18f5571d97058eb60753d7aa84cb64ddc3c840f9de41f8&amp;smart=true&amp;width=768&amp;height=430&amp;quality=85\" media=\"(min-width: 768px)\" \/><source srcset=\"https:\/\/www.infobae.com\/resizer\/v2\/WQZWOSCRDJC77BVCCP3LKKRK7I.jpg?auth=0649b1fef52d5c8f2c18f5571d97058eb60753d7aa84cb64ddc3c840f9de41f8&amp;smart=true&amp;width=577&amp;height=323&amp;quality=85\" media=\"(min-width: 580px)\" \/><source srcset=\"https:\/\/www.infobae.com\/resizer\/v2\/WQZWOSCRDJC77BVCCP3LKKRK7I.jpg?auth=0649b1fef52d5c8f2c18f5571d97058eb60753d7aa84cb64ddc3c840f9de41f8&amp;smart=true&amp;width=420&amp;height=235&amp;quality=85\" media=\"(min-width: 350px)\" \/><source srcset=\"https:\/\/www.infobae.com\/resizer\/v2\/WQZWOSCRDJC77BVCCP3LKKRK7I.jpg?auth=0649b1fef52d5c8f2c18f5571d97058eb60753d7aa84cb64ddc3c840f9de41f8&amp;smart=true&amp;width=350&amp;height=196&amp;quality=85\" media=\"(min-width: 80px)\" \/><img loading=\"lazy\" decoding=\"async\" class=\"global-image\" src=\"https:\/\/www.infobae.com\/resizer\/v2\/WQZWOSCRDJC77BVCCP3LKKRK7I.jpg?auth=0649b1fef52d5c8f2c18f5571d97058eb60753d7aa84cb64ddc3c840f9de41f8&amp;smart=true&amp;width=350&amp;height=196&amp;quality=85\" alt=\"Las pol\u00edticas p\u00fablicas para promover\" width=\"1456\" height=\"816\" \/><\/picture>Las pol\u00edticas p\u00fablicas para promover el ejercicio f\u00edsico no logran cambios sustanciales en los h\u00e1bitos de la poblaci\u00f3n mundial (Imagen Ilustrativa Infobae)<\/div>\n<p class=\"paragraph\" data-mrf-recirculation=\"Links inline\">A pesar del crecimiento en la formulaci\u00f3n de pol\u00edticas desde 2004, \u201cla actividad f\u00edsica, como conducta que mejora la salud y tiene otros beneficios, no ha aumentado desde 2012\u201d, afirm\u00f3 la especialista.<\/p>\n<p class=\"paragraph\" data-mrf-recirculation=\"Links inline\">La OMS subraya que la insuficiencia de ejercicio constituye un factor de riesgo para enfermedades cr\u00f3nicas, reforzando as\u00ed la importancia de adaptar las recomendaciones a intervenciones m\u00e1s eficaces.<\/p>\n<p class=\"paragraph\" data-mrf-recirculation=\"Links inline\">La investigaci\u00f3n examin\u00f3 datos de\u00a0<b>218 pa\u00edses<\/b>\u00a0obtenidos a trav\u00e9s de entrevistas, revisiones de estudios cient\u00edficos y documentos oficiales, abarcando el periodo entre 2004 y 2025. El equipo analiz\u00f3 por qu\u00e9 las directrices internacionales sobre actividad f\u00edsica han mostrado tan bajo impacto en la vida cotidiana.<\/p>\n<h2 class=\"header headline-class-h2 headline\">Cu\u00e1les son las causas de la inactividad f\u00edsica<\/h2>\n<p class=\"paragraph\" data-mrf-recirculation=\"Links inline\">Las principales causas por las que uno de cada tres adultos no alcanza los niveles de actividad f\u00edsica recomendados por la OMS incluyen la falta de implementaci\u00f3n efectiva de pol\u00edticas p\u00fablicas, la ausencia de consenso internacional sobre el rol de la actividad f\u00edsica en la salud, inequidades de g\u00e9nero y nivel socioecon\u00f3mico, y el acceso desigual a oportunidades para realizar ejercicio.<\/p>\n<p class=\"paragraph\" data-mrf-recirculation=\"Links inline\">Adem\u00e1s, factores urbanos, barreras culturales y el impacto del cambio clim\u00e1tico en la posibilidad de realizar actividades al aire libre\u00a0<b>dificultan la adopci\u00f3n de h\u00e1bitos m\u00e1s activos en la poblaci\u00f3n.<\/b><\/p>\n<div class=\"visual__image\"><picture><source srcset=\"https:\/\/www.infobae.com\/resizer\/v2\/E5I3XOPHBJHLZCABXCUGD2UWSI.png?auth=1fc53f21143ef2afe71392a152f11c72cfc5e106a4ad19703869aca606ddb3dc&amp;smart=true&amp;width=992&amp;height=554&amp;quality=85\" media=\"(min-width: 1000px)\" \/><source srcset=\"https:\/\/www.infobae.com\/resizer\/v2\/E5I3XOPHBJHLZCABXCUGD2UWSI.png?auth=1fc53f21143ef2afe71392a152f11c72cfc5e106a4ad19703869aca606ddb3dc&amp;smart=true&amp;width=768&amp;height=429&amp;quality=85\" media=\"(min-width: 768px)\" \/><source srcset=\"https:\/\/www.infobae.com\/resizer\/v2\/E5I3XOPHBJHLZCABXCUGD2UWSI.png?auth=1fc53f21143ef2afe71392a152f11c72cfc5e106a4ad19703869aca606ddb3dc&amp;smart=true&amp;width=577&amp;height=322&amp;quality=85\" media=\"(min-width: 580px)\" \/><source srcset=\"https:\/\/www.infobae.com\/resizer\/v2\/E5I3XOPHBJHLZCABXCUGD2UWSI.png?auth=1fc53f21143ef2afe71392a152f11c72cfc5e106a4ad19703869aca606ddb3dc&amp;smart=true&amp;width=420&amp;height=234&amp;quality=85\" media=\"(min-width: 350px)\" \/><source srcset=\"https:\/\/www.infobae.com\/resizer\/v2\/E5I3XOPHBJHLZCABXCUGD2UWSI.png?auth=1fc53f21143ef2afe71392a152f11c72cfc5e106a4ad19703869aca606ddb3dc&amp;smart=true&amp;width=350&amp;height=195&amp;quality=85\" media=\"(min-width: 80px)\" \/><img loading=\"lazy\" decoding=\"async\" class=\"global-image\" src=\"https:\/\/www.infobae.com\/resizer\/v2\/E5I3XOPHBJHLZCABXCUGD2UWSI.png?auth=1fc53f21143ef2afe71392a152f11c72cfc5e106a4ad19703869aca606ddb3dc&amp;smart=true&amp;width=350&amp;height=195&amp;quality=85\" alt=\"Los beneficios de la actividad\" width=\"2752\" height=\"1536\" \/><\/picture>Los beneficios de la actividad f\u00edsica incluyen la reducci\u00f3n del riesgo de enfermedades cardiovasculares y el fortalecimiento de la salud mental (Imagen Ilustrativa Infobae)<\/div>\n<p class=\"paragraph\" data-mrf-recirculation=\"Links inline\">\u201cQuer\u00edamos comprender realmente por qu\u00e9, tras esta aparente mejora en el desarrollo de pol\u00edticas, no se hab\u00eda producido ning\u00fan cambio ni se hab\u00eda trasladado a la pr\u00e1ctica\u201d, puntualiz\u00f3\u00a0<b>Ram\u00edrez Varela<\/b>.<\/p>\n<p class=\"paragraph\" data-mrf-recirculation=\"Links inline\">Entre las explicaciones identificadas figura la\u00a0<b>falta de consenso\u00a0<\/b>internacional sobre si\u00a0<b>la actividad f\u00edsica debe considerarse un objetivo en s\u00ed misma o un medio para lograr otros fines<\/b>\u00a0en salud p\u00fablica, como la mejora cardiovascular.<\/p>\n<p class=\"paragraph\" data-mrf-recirculation=\"Links inline\">Para\u00a0<b>Ram\u00edrez Varela<\/b>, \u201cno hay consenso sobre si la actividad f\u00edsica es un resultado o un medio para lograr otros resultados. \u00bfQueremos aumentar los niveles de actividad f\u00edsica para mejorar la salud cardiovascular y otros resultados, o simplemente queremos mejorar la actividad f\u00edsica?\u201d<\/p>\n<p class=\"paragraph\" data-mrf-recirculation=\"Links inline\">La investigadora aboga por un enfoque multisectorial. Su equipo plantea que integrar la actividad f\u00edsica en el urbanismo (\u201cla actividad f\u00edsica debe integrarse en el dise\u00f1o de nuestras ciudades, contribuyendo a crear comunidades donde la gente quiera vivir y moverse m\u00e1s\u201d) y en la educaci\u00f3n puede incrementar su pr\u00e1ctica e impacto.<\/p>\n<h2 class=\"header headline-class-h2 headline\">La comparaci\u00f3n con el tabaco y la necesidad de liderazgo<\/h2>\n<p class=\"paragraph\" data-mrf-recirculation=\"Links inline\">Ram\u00edrez Varela y sus colaboradores comparan la situaci\u00f3n actual con el avance en la regulaci\u00f3n del tabaquismo en las d\u00e9cadas recientes.<\/p>\n<p class=\"paragraph\" data-mrf-recirculation=\"Links inline\">\u201cHace casi treinta a\u00f1os, fumar estaba mucho menos regulado. Se permit\u00eda fumar en aviones, en interiores y en la mayor\u00eda de los espacios p\u00fablicos. Hoy en d\u00eda, tanto la industria tabacalera como el h\u00e1bito de fumar est\u00e1n sujetos a amplias regulaciones\u201d, explic\u00f3 la investigadora, quien agreg\u00f3: \u201cPodemos fomentar ese mismo nivel de compromiso pol\u00edtico con la actividad f\u00edsica.\u201d<\/p>\n<div class=\"visual__image\"><picture><source srcset=\"https:\/\/www.infobae.com\/resizer\/v2\/Q6VW47MGWRBTTKKMQXGANV4CKM.png?auth=c0750c825986ca9cfdb3f3fb85cf3022105771870a45fff77e8aca01b66cbd8d&amp;smart=true&amp;width=992&amp;height=554&amp;quality=85\" media=\"(min-width: 1000px)\" \/><source srcset=\"https:\/\/www.infobae.com\/resizer\/v2\/Q6VW47MGWRBTTKKMQXGANV4CKM.png?auth=c0750c825986ca9cfdb3f3fb85cf3022105771870a45fff77e8aca01b66cbd8d&amp;smart=true&amp;width=768&amp;height=429&amp;quality=85\" media=\"(min-width: 768px)\" \/><source srcset=\"https:\/\/www.infobae.com\/resizer\/v2\/Q6VW47MGWRBTTKKMQXGANV4CKM.png?auth=c0750c825986ca9cfdb3f3fb85cf3022105771870a45fff77e8aca01b66cbd8d&amp;smart=true&amp;width=577&amp;height=322&amp;quality=85\" media=\"(min-width: 580px)\" \/><source srcset=\"https:\/\/www.infobae.com\/resizer\/v2\/Q6VW47MGWRBTTKKMQXGANV4CKM.png?auth=c0750c825986ca9cfdb3f3fb85cf3022105771870a45fff77e8aca01b66cbd8d&amp;smart=true&amp;width=420&amp;height=234&amp;quality=85\" media=\"(min-width: 350px)\" \/><source srcset=\"https:\/\/www.infobae.com\/resizer\/v2\/Q6VW47MGWRBTTKKMQXGANV4CKM.png?auth=c0750c825986ca9cfdb3f3fb85cf3022105771870a45fff77e8aca01b66cbd8d&amp;smart=true&amp;width=350&amp;height=195&amp;quality=85\" media=\"(min-width: 80px)\" \/><img loading=\"lazy\" decoding=\"async\" class=\"global-image\" src=\"https:\/\/www.infobae.com\/resizer\/v2\/Q6VW47MGWRBTTKKMQXGANV4CKM.png?auth=c0750c825986ca9cfdb3f3fb85cf3022105771870a45fff77e8aca01b66cbd8d&amp;smart=true&amp;width=350&amp;height=195&amp;quality=85\" alt=\"La integraci\u00f3n de la actividad\" width=\"2752\" height=\"1536\" \/><\/picture>La integraci\u00f3n de la actividad f\u00edsica en sectores como la educaci\u00f3n y el urbanismo es clave para mejorar la salud p\u00fablica (Imagen Ilustrativa Infobae)<\/div>\n<p class=\"paragraph\" data-mrf-recirculation=\"Links inline\">A fin de cerrar la brecha entre el dise\u00f1o y la aplicaci\u00f3n de pol\u00edticas, el equipo recomienda\u00a0<b>fortalecer redes de liderazgo y asociaciones intersectoriales<\/b>\u00a0dedicadas a promover el ejercicio f\u00edsico de forma coordinada.<\/p>\n<p class=\"paragraph\" data-mrf-recirculation=\"Links inline\">\u201cEl hecho de que no est\u00e9 plenamente implementado hoy simplemente significa que a\u00fan tenemos trabajo por delante\u201d, dijo Ram\u00edrez Varela.<\/p>\n<p class=\"paragraph\" data-mrf-recirculation=\"Links inline\">La publicaci\u00f3n en\u00a0<i>Nature Health<\/i>\u00a0se acompa\u00f1a de otros dos an\u00e1lisis poblacionales, todos con participaci\u00f3n de\u00a0<b>Ram\u00edrez Varela<\/b>, quien adem\u00e1s comenz\u00f3 a documentar esta tendencia en\u00a0<b>The Lancet en 2012<\/b>\u00a0y actualiz\u00f3 hallazgos en\u00a0<b>2016<\/b>\u00a0y\u00a0<b>2021<\/b>. El trabajo actual reconoce la colaboraci\u00f3n del\u00a0<b>difunto Harold W. Kohl III<\/b>, profesor de epidemiolog\u00eda en UTHealth Houston, como coautor.<\/p>\n<p class=\"paragraph\" data-mrf-recirculation=\"Links inline\">As\u00ed, se consolida la evidencia de que la\u00a0<b>inacci\u00f3n f\u00edsica<\/b>\u00a0sigue siendo un desaf\u00edo cr\u00f3nico para la salud p\u00fablica mundial.<\/p>\n<h2 class=\"header headline-class-h2 headline\">M\u00e1s hallazgos de los expertos<\/h2>\n<div class=\"visual__image\"><picture><source srcset=\"https:\/\/www.infobae.com\/resizer\/v2\/LE3TMLMFWNH4ZCZ5X4UOZ32PQU.png?auth=356a8fe1b5b488892a50e5d9db4c496b44efaab91885fda9c3a5cce092bccc27&amp;smart=true&amp;width=992&amp;height=541&amp;quality=85\" media=\"(min-width: 1000px)\" \/><source srcset=\"https:\/\/www.infobae.com\/resizer\/v2\/LE3TMLMFWNH4ZCZ5X4UOZ32PQU.png?auth=356a8fe1b5b488892a50e5d9db4c496b44efaab91885fda9c3a5cce092bccc27&amp;smart=true&amp;width=768&amp;height=419&amp;quality=85\" media=\"(min-width: 768px)\" \/><source srcset=\"https:\/\/www.infobae.com\/resizer\/v2\/LE3TMLMFWNH4ZCZ5X4UOZ32PQU.png?auth=356a8fe1b5b488892a50e5d9db4c496b44efaab91885fda9c3a5cce092bccc27&amp;smart=true&amp;width=577&amp;height=315&amp;quality=85\" media=\"(min-width: 580px)\" \/><source srcset=\"https:\/\/www.infobae.com\/resizer\/v2\/LE3TMLMFWNH4ZCZ5X4UOZ32PQU.png?auth=356a8fe1b5b488892a50e5d9db4c496b44efaab91885fda9c3a5cce092bccc27&amp;smart=true&amp;width=420&amp;height=229&amp;quality=85\" media=\"(min-width: 350px)\" \/><source srcset=\"https:\/\/www.infobae.com\/resizer\/v2\/LE3TMLMFWNH4ZCZ5X4UOZ32PQU.png?auth=356a8fe1b5b488892a50e5d9db4c496b44efaab91885fda9c3a5cce092bccc27&amp;smart=true&amp;width=350&amp;height=191&amp;quality=85\" media=\"(min-width: 80px)\" \/><img loading=\"lazy\" decoding=\"async\" class=\"global-image\" src=\"https:\/\/www.infobae.com\/resizer\/v2\/LE3TMLMFWNH4ZCZ5X4UOZ32PQU.png?auth=356a8fe1b5b488892a50e5d9db4c496b44efaab91885fda9c3a5cce092bccc27&amp;smart=true&amp;width=350&amp;height=191&amp;quality=85\" alt=\"Los niveles de actividad f\u00edsica\" width=\"1408\" height=\"768\" \/><\/picture>Los niveles de actividad f\u00edsica en el mundo no han mejorado en los \u00faltimos 20 a\u00f1os (Imagen Ilustrativa Infobae)<\/div>\n<p class=\"paragraph\" data-mrf-recirculation=\"Links inline\">La actividad f\u00edsica global no ha experimentado mejoras sustanciales en los \u00faltimos veinte a\u00f1os, pese a la adopci\u00f3n masiva de pol\u00edticas en numerosos pa\u00edses.<\/p>\n<p class=\"paragraph\" data-mrf-recirculation=\"Links inline\">La persistencia de inequidades de g\u00e9nero y nivel socioecon\u00f3mico subraya que los\u00a0<b>esfuerzos de los gobiernos<\/b>\u00a0y organismos internacionales han sido insuficientes para integrar la actividad f\u00edsica como un componente central de la salud p\u00fablica y de estrategias m\u00e1s amplias como la\u00a0<b>resiliencia clim\u00e1tica<\/b>.<\/p>\n<p class=\"paragraph\" data-mrf-recirculation=\"Links inline\">Seg\u00fan\u00a0<b>otros dos estudios publicados en\u00a0<\/b><i><b>Nature Medicine<\/b><\/i><i>,<\/i>\u00a0el desaf\u00edo demanda una\u00a0<b>acci\u00f3n articulada<\/b>, con \u00e9nfasis en la justicia social y ambiental.<\/p>\n<p class=\"paragraph\" data-mrf-recirculation=\"Links inline\">Las cifras expuestas reflejan la magnitud del problema:\u00a0<b>la inactividad f\u00edsica provoca m\u00e1s de cinco millones de muertes al a\u00f1o<\/b>\u00a0en todo el planeta. El acceso desigual a oportunidades de actividad f\u00edsica, segmentado por factores como la\u00a0<b>geograf\u00eda<\/b>, el\u00a0<b>g\u00e9nero<\/b>\u00a0y el\u00a0<b>nivel socioecon\u00f3mico<\/b>, se mantiene como un desaf\u00edo para los sistemas de salud p\u00fablica.<\/p>\n<p class=\"paragraph\" data-mrf-recirculation=\"Links inline\">Un equipo liderado por\u00a0<b>Deborah Salvo<\/b>\u00a0<a title=\"https:\/\/www.nature.com\/articles\/s41591-026-04237-5\" href=\"https:\/\/www.nature.com\/articles\/s41591-026-04237-5\" target=\"_blank\" rel=\"noopener noreferrer\" data-mrf-link=\"https:\/\/www.nature.com\/articles\/s41591-026-04237-5\">document\u00f3<\/a>\u00a0en\u00a0<i>Nature Medicine<\/i>\u00a0las expresivas diferencias entre pa\u00edses y grupos sociales. En el an\u00e1lisis de datos de 68 pa\u00edses, los autores detectaron que el acceso al ocio activo \u2014la \u00fanica modalidad elegida y no impuesta\u2014 es\u00a0<b>40 puntos porcentuales mayor<\/b>\u00a0en hombres con recursos de pa\u00edses de altos ingresos respecto de mujeres de escasos recursos en pa\u00edses de ingresos bajos.<\/p>\n<p class=\"paragraph\" data-mrf-recirculation=\"Links inline\">El estudio identific\u00f3 que la pr\u00e1ctica de actividad f\u00edsica impulsada por la necesidad econ\u00f3mica, como los trabajos manuales o relacionados al transporte, es predominante precisamente entre los sectores menos favorecidos. Paralelamente, se consolidan pruebas sobre las m\u00faltiples ventajas asociadas:\u00a0<b>\u201cLa actividad f\u00edsica refuerza el sistema inmunitario, reduce el riesgo de enfermedades infecciosas, disminuye los s\u00edntomas de depresi\u00f3n y se vincula a mejores pron\u00f3sticos oncol\u00f3gicos\u201d,<\/b>\u00a0concluyeron los autores en\u00a0<i>Nature Medicine<\/i>.<\/p>\n<div class=\"visual__image\"><picture><source srcset=\"https:\/\/www.infobae.com\/resizer\/v2\/HHTNDKCMJJGUDK5J5R5BGIYZTE.png?auth=7973d21effe333c054069ad64eb9b52e62c10a4e79f15b46cd615316860715bf&amp;smart=true&amp;width=992&amp;height=556&amp;quality=85\" media=\"(min-width: 1000px)\" \/><source srcset=\"https:\/\/www.infobae.com\/resizer\/v2\/HHTNDKCMJJGUDK5J5R5BGIYZTE.png?auth=7973d21effe333c054069ad64eb9b52e62c10a4e79f15b46cd615316860715bf&amp;smart=true&amp;width=768&amp;height=430&amp;quality=85\" media=\"(min-width: 768px)\" \/><source srcset=\"https:\/\/www.infobae.com\/resizer\/v2\/HHTNDKCMJJGUDK5J5R5BGIYZTE.png?auth=7973d21effe333c054069ad64eb9b52e62c10a4e79f15b46cd615316860715bf&amp;smart=true&amp;width=577&amp;height=323&amp;quality=85\" media=\"(min-width: 580px)\" \/><source srcset=\"https:\/\/www.infobae.com\/resizer\/v2\/HHTNDKCMJJGUDK5J5R5BGIYZTE.png?auth=7973d21effe333c054069ad64eb9b52e62c10a4e79f15b46cd615316860715bf&amp;smart=true&amp;width=420&amp;height=235&amp;quality=85\" media=\"(min-width: 350px)\" \/><source srcset=\"https:\/\/www.infobae.com\/resizer\/v2\/HHTNDKCMJJGUDK5J5R5BGIYZTE.png?auth=7973d21effe333c054069ad64eb9b52e62c10a4e79f15b46cd615316860715bf&amp;smart=true&amp;width=350&amp;height=196&amp;quality=85\" media=\"(min-width: 80px)\" \/><img loading=\"lazy\" decoding=\"async\" class=\"global-image\" src=\"https:\/\/www.infobae.com\/resizer\/v2\/HHTNDKCMJJGUDK5J5R5BGIYZTE.png?auth=7973d21effe333c054069ad64eb9b52e62c10a4e79f15b46cd615316860715bf&amp;smart=true&amp;width=350&amp;height=196&amp;quality=85\" alt=\"La actividad f\u00edsica fue analizada\" width=\"1456\" height=\"816\" \/><\/picture>La actividad f\u00edsica fue analizada por expertos como herramienta de prevenci\u00f3n del cambio clim\u00e1tico (Imagen ilustrativa Infobae)<\/div>\n<h2 class=\"header headline-class-h2 headline\">El impacto de la actividad f\u00edsica sobre la crisis clim\u00e1tica y las emisiones<\/h2>\n<p class=\"paragraph\" data-mrf-recirculation=\"Links inline\">Las interacciones entre actividad f\u00edsica y el cambio clim\u00e1tico emergen como un tema central en la publicaci\u00f3n liderada por\u00a0<b>Erica Hinckson<\/b>\u00a0en\u00a0<a title=\"https:\/\/www.nature.com\/articles\/s44360-026-00057-6\" href=\"https:\/\/www.nature.com\/articles\/s44360-026-00057-6\" target=\"_blank\" rel=\"noopener noreferrer\" data-mrf-link=\"https:\/\/www.nature.com\/articles\/s44360-026-00057-6\"><i>Nature Health<\/i>.<\/a>\u00a0El modelo propuesto sugiere que el fomento sistem\u00e1tico de\u00a0<b>caminar, andar en bicicleta y usar transporte p\u00fablico<\/b>\u00a0reduce las emisiones, mientras que la crisis clim\u00e1tica \u2014a trav\u00e9s de fen\u00f3menos como olas de calor extremas\u2014 limita las oportunidades de ejercicio al aire libre.<\/p>\n<p class=\"paragraph\" data-mrf-recirculation=\"Links inline\">El informe advierte que parte de las iniciativas para estimular la actividad f\u00edsica pueden, parad\u00f3jicamente, incrementar las emisiones contaminantes o provocar efectos colaterales, como el\u00a0<b>desplazamiento de residentes<\/b>\u00a0en ciudades en desarrollo por la construcci\u00f3n de infraestructura peatonal. El grupo investigador sostiene que \u201c<b>los desaf\u00edos clim\u00e1ticos y de salud est\u00e1n profundamente interconectados<\/b>\u201d, y aboga por la integraci\u00f3n de agendas de promoci\u00f3n de la actividad f\u00edsica y lucha contra el cambio clim\u00e1tico. Esta integraci\u00f3n, argumentan, requiere\u00a0<b>objetivos y m\u00e9tricas comunes<\/b>, y debe orientarse a las comunidades m\u00e1s afectadas.<\/p>\n","protected":false},"excerpt":{"rendered":"<p>\u201cUno de cada tres adultos en todo el mundo a\u00fan no cumple con las directrices de actividad f\u00edsica\u00a0de la\u00a0Organizaci\u00f3n Mundial de la Salud\u00a0(OMS)\u201d, advirti\u00f3 un\u00a0estudio\u00a0publicado en\u00a0Nature Health. El trabajo fue dirigido por la investigadora principal,\u00a0Andrea Ram\u00edrez Varela, doctora en Filosof\u00eda y M\u00e1ster en Salud P\u00fablica (MPH), profesora adjunta del Departamento de Epidemiolog\u00eda de la Facultad [&hellip;]<\/p>\n","protected":false},"author":2,"featured_media":31197,"comment_status":"open","ping_status":"open","sticky":false,"template":"","format":"standard","meta":{"footnotes":""},"categories":[69],"tags":[],"class_list":{"0":"post-31196","1":"post","2":"type-post","3":"status-publish","4":"format-standard","5":"has-post-thumbnail","7":"category-salud"},"_links":{"self":[{"href":"https:\/\/radiobitacora.com.ar\/web\/wp-json\/wp\/v2\/posts\/31196","targetHints":{"allow":["GET"]}}],"collection":[{"href":"https:\/\/radiobitacora.com.ar\/web\/wp-json\/wp\/v2\/posts"}],"about":[{"href":"https:\/\/radiobitacora.com.ar\/web\/wp-json\/wp\/v2\/types\/post"}],"author":[{"embeddable":true,"href":"https:\/\/radiobitacora.com.ar\/web\/wp-json\/wp\/v2\/users\/2"}],"replies":[{"embeddable":true,"href":"https:\/\/radiobitacora.com.ar\/web\/wp-json\/wp\/v2\/comments?post=31196"}],"version-history":[{"count":1,"href":"https:\/\/radiobitacora.com.ar\/web\/wp-json\/wp\/v2\/posts\/31196\/revisions"}],"predecessor-version":[{"id":31198,"href":"https:\/\/radiobitacora.com.ar\/web\/wp-json\/wp\/v2\/posts\/31196\/revisions\/31198"}],"wp:featuredmedia":[{"embeddable":true,"href":"https:\/\/radiobitacora.com.ar\/web\/wp-json\/wp\/v2\/media\/31197"}],"wp:attachment":[{"href":"https:\/\/radiobitacora.com.ar\/web\/wp-json\/wp\/v2\/media?parent=31196"}],"wp:term":[{"taxonomy":"category","embeddable":true,"href":"https:\/\/radiobitacora.com.ar\/web\/wp-json\/wp\/v2\/categories?post=31196"},{"taxonomy":"post_tag","embeddable":true,"href":"https:\/\/radiobitacora.com.ar\/web\/wp-json\/wp\/v2\/tags?post=31196"}],"curies":[{"name":"wp","href":"https:\/\/api.w.org\/{rel}","templated":true}]}}