{"id":31202,"date":"2026-03-10T17:25:20","date_gmt":"2026-03-10T20:25:20","guid":{"rendered":"https:\/\/radiobitacora.com.ar\/web\/?p=31202"},"modified":"2026-03-10T17:25:20","modified_gmt":"2026-03-10T20:25:20","slug":"una-ciudad-de-buenos-aires-cada-vez-mas-fantasmal-hay-casi-40-mas-de-locales-vacios-que-hace-un-ano","status":"publish","type":"post","link":"https:\/\/radiobitacora.com.ar\/web\/2026\/03\/10\/una-ciudad-de-buenos-aires-cada-vez-mas-fantasmal-hay-casi-40-mas-de-locales-vacios-que-hace-un-ano\/","title":{"rendered":"Una Ciudad de Buenos Aires cada vez m\u00e1s fantasmal: hay casi 40% m\u00e1s de locales vac\u00edos que hace un a\u00f1o"},"content":{"rendered":"<p class=\"c-paragraph\">Un relevamiento de la\u00a0<b>C\u00e1mara Argentina de Servicios (CAC)<\/b>\u00a0advierte que durante el bimestre enero-febrero de este a\u00f1o<b>\u00a0subi\u00f3 38,5% el n\u00famero de locales vac\u00edos\u00a0<\/b>en las principales<b>\u00a0\u00e1reas comerciales de\u00a0<\/b>la\u00a0<b>Ciudad de Buenos Aires<\/b> con respecto al mismo per\u00edodo de 2025.<\/p>\n<p class=\"c-paragraph\">En concreto, durante los primeros dos meses de 2026\u00a0<b>se detectaron un total de 284 locales en venta, alquiler o cerrados en las \u00e1reas relevadas<\/b>. Por otra parte, respecto a la medici\u00f3n anterior correspondiente a noviembre-diciembre de 2025, se detect\u00f3 un\u00a0<b>crecimiento del 43,4%<\/b>, ya que entonces los locales vac\u00edos hab\u00edan sido 198.<\/p>\n<p class=\"c-paragraph\">Solo en locales en\u00a0<b>alquileres, en enero y febrero de 2026 la suba fue de 158,8% en comparaci\u00f3n al mismo lapso de 2025.<\/b>\u00a0En relaci\u00f3n al \u00faltimo bimestre del a\u00f1o, los alquileres se incrementaron 91,2%.<\/p>\n<figure class=\"c-media-item p12-article-body__image\"><img loading=\"lazy\" decoding=\"async\" class=\"c-image\" src=\"https:\/\/www.pagina12.com.ar\/resizer\/v2\/6KSKY6PNWJHO5NKEQYE2V2PWUE.jpg?auth=26f6895d81fb6600a49ccc93e9339b849ba34389c088f0ba9b43fcf54a8ee459&amp;smart=true&amp;width=800&amp;height=331\" sizes=\"auto, (max-width: 540px) 360px, (max-width: 900px) 540px, (max-width: 1200px) 720px, 900px\" srcset=\"https:\/\/www.pagina12.com.ar\/resizer\/v2\/6KSKY6PNWJHO5NKEQYE2V2PWUE.jpg?auth=26f6895d81fb6600a49ccc93e9339b849ba34389c088f0ba9b43fcf54a8ee459&amp;smart=true&amp;width=360&amp;height=148 360w, https:\/\/www.pagina12.com.ar\/resizer\/v2\/6KSKY6PNWJHO5NKEQYE2V2PWUE.jpg?auth=26f6895d81fb6600a49ccc93e9339b849ba34389c088f0ba9b43fcf54a8ee459&amp;smart=true&amp;width=540&amp;height=223 540w, https:\/\/www.pagina12.com.ar\/resizer\/v2\/6KSKY6PNWJHO5NKEQYE2V2PWUE.jpg?auth=26f6895d81fb6600a49ccc93e9339b849ba34389c088f0ba9b43fcf54a8ee459&amp;smart=true&amp;width=720&amp;height=297 720w, https:\/\/www.pagina12.com.ar\/resizer\/v2\/6KSKY6PNWJHO5NKEQYE2V2PWUE.jpg?auth=26f6895d81fb6600a49ccc93e9339b849ba34389c088f0ba9b43fcf54a8ee459&amp;smart=true&amp;width=900&amp;height=372 900w\" alt=\"\" width=\"800\" height=\"331\" data-chromatic=\"ignore\" \/><figcaption class=\"c-media-item__fig-caption\"><span class=\"c-media-item__title\">Evoluci\u00f3n locales CABA\u00a0<\/span><span class=\"c-media-item__caption\">Evoluci\u00f3n de los locales en las principales avenidas comerciales de CABA\u00a0<\/span><span class=\"c-media-item__credit\">(CAC)<\/span><\/figcaption><\/figure>\n<h2 class=\"p12-article-body__h2\">Los datos en La Plata son peores<\/h2>\n<p class=\"c-paragraph\">A partir de los datos analizados por la<b>\u00a0<\/b>CAC de un relevamiento efectuado por la Federaci\u00f3n de Mayoristas y Proveedores del Estado de la Provincia de Buenos Aires (FEMAPE) se determin\u00f3 que,\u00a0<b>durante enero-febrero de 2026, en comparaci\u00f3n con el mismo relevamiento de 2025, se registr\u00f3 un crecimiento de 180% en el n\u00famero de locales inactivos en las principales \u00e1reas comerciales de La Plata<\/b>.<\/p>\n<p class=\"c-paragraph\">El informe destaca que en el primer bimestre del a\u00f1o pasado solo\u00a0<b>se hab\u00edan detectado 5 locales inactivos, que ahora son 14<\/b>. Asimismo, comparado con el bimestre previo, noviembre-diciembre de 2025, hubo un aumento de 7,7%. Entre el fuerte aumento en las tarifas y alquileres y los despidos y el congelamiento de los salarios que provocan la baja en el consumo, se ha complejizado la supervivencia de los locales comerciales.<\/p>\n","protected":false},"excerpt":{"rendered":"<p>Un relevamiento de la\u00a0C\u00e1mara Argentina de Servicios (CAC)\u00a0advierte que durante el bimestre enero-febrero de este a\u00f1o\u00a0subi\u00f3 38,5% el n\u00famero de locales vac\u00edos\u00a0en las principales\u00a0\u00e1reas comerciales de\u00a0la\u00a0Ciudad de Buenos Aires con respecto al mismo per\u00edodo de 2025. En concreto, durante los primeros dos meses de 2026\u00a0se detectaron un total de 284 locales en venta, alquiler o [&hellip;]<\/p>\n","protected":false},"author":2,"featured_media":31203,"comment_status":"open","ping_status":"open","sticky":false,"template":"","format":"standard","meta":{"footnotes":""},"categories":[65],"tags":[],"class_list":{"0":"post-31202","1":"post","2":"type-post","3":"status-publish","4":"format-standard","5":"has-post-thumbnail","7":"category-economia"},"_links":{"self":[{"href":"https:\/\/radiobitacora.com.ar\/web\/wp-json\/wp\/v2\/posts\/31202","targetHints":{"allow":["GET"]}}],"collection":[{"href":"https:\/\/radiobitacora.com.ar\/web\/wp-json\/wp\/v2\/posts"}],"about":[{"href":"https:\/\/radiobitacora.com.ar\/web\/wp-json\/wp\/v2\/types\/post"}],"author":[{"embeddable":true,"href":"https:\/\/radiobitacora.com.ar\/web\/wp-json\/wp\/v2\/users\/2"}],"replies":[{"embeddable":true,"href":"https:\/\/radiobitacora.com.ar\/web\/wp-json\/wp\/v2\/comments?post=31202"}],"version-history":[{"count":1,"href":"https:\/\/radiobitacora.com.ar\/web\/wp-json\/wp\/v2\/posts\/31202\/revisions"}],"predecessor-version":[{"id":31204,"href":"https:\/\/radiobitacora.com.ar\/web\/wp-json\/wp\/v2\/posts\/31202\/revisions\/31204"}],"wp:featuredmedia":[{"embeddable":true,"href":"https:\/\/radiobitacora.com.ar\/web\/wp-json\/wp\/v2\/media\/31203"}],"wp:attachment":[{"href":"https:\/\/radiobitacora.com.ar\/web\/wp-json\/wp\/v2\/media?parent=31202"}],"wp:term":[{"taxonomy":"category","embeddable":true,"href":"https:\/\/radiobitacora.com.ar\/web\/wp-json\/wp\/v2\/categories?post=31202"},{"taxonomy":"post_tag","embeddable":true,"href":"https:\/\/radiobitacora.com.ar\/web\/wp-json\/wp\/v2\/tags?post=31202"}],"curies":[{"name":"wp","href":"https:\/\/api.w.org\/{rel}","templated":true}]}}