{"id":31207,"date":"2026-03-10T17:29:35","date_gmt":"2026-03-10T20:29:35","guid":{"rendered":"https:\/\/radiobitacora.com.ar\/web\/?p=31207"},"modified":"2026-03-10T17:29:35","modified_gmt":"2026-03-10T20:29:35","slug":"devastador-informe-al-fin-de-la-temporada-2025-2026-radiografia-de-la-catastrofe-economica-libertaria","status":"publish","type":"post","link":"https:\/\/radiobitacora.com.ar\/web\/2026\/03\/10\/devastador-informe-al-fin-de-la-temporada-2025-2026-radiografia-de-la-catastrofe-economica-libertaria\/","title":{"rendered":"Devastador informe al fin de la temporada 2025\/2026 Radiograf\u00eda de la cat\u00e1strofe econ\u00f3mica libertaria"},"content":{"rendered":"<p class=\"c-paragraph\">La afluencia de turismo a la provincia este verano fue 4,6 puntos m\u00e1s baja que la temporada anterior y 12,6 m\u00e1s maja que en la de 2022\/2023, \u00faltima anterior al gobierno de Milei.<\/p>\n<p class=\"c-paragraph\">Cay\u00f3 tambi\u00e9n la estad\u00eda promedio, 5 por ciento y 6 por ciento respectivamente, y tambi\u00e9n, de manera dr\u00e1stica, el consumo per c\u00e1pita: 29 comparado con 2025 y 40 contra 2022.<\/p>\n<ul>\n<li><a title=\"https:\/\/www.pagina12.com.ar\/2026\/01\/30\/en-chascomus-ya-hablan-de-el-peor-verano-de-los-ultimos-20-anos\/\" href=\"https:\/\/www.pagina12.com.ar\/2026\/01\/30\/en-chascomus-ya-hablan-de-el-peor-verano-de-los-ultimos-20-anos\/\" target=\"_self\" rel=\"\"><b>En Chascom\u00fas ya hablan de \u201cel peor verano de los \u00faltimos 20 a\u00f1os\u201d<\/b><\/a><\/li>\n<\/ul>\n<p class=\"c-paragraph\">Los datos surgen del informe\u00a0<b>\u201cCrisis econ\u00f3mica en la provincia de Buenos Aires. Las consecuencias productivas del gobierno de Milei\u201d<\/b>, presentado este lunes por el ministro de Producci\u00f3n, Ciencia e Innovaci\u00f3n Tecnol\u00f3gica,\u00a0<b>Augusto Costa<\/b>.<\/p>\n<p class=\"c-paragraph\">La consecuencia sist\u00e9mica de esta situaci\u00f3n es una merma en los ingresos por turismo, que en la costa atl\u00e1ntica es de casi 30 puntos. El dato, en localidades donde la actividad tiene una fuerte estacionalidad, anticipa un invierno muy complejo en t\u00e9rminos sociales.<\/p>\n<div id=\"ad-slot-video_inread\" class=\"ad-slot-video_inread ad-slot\" data-adtype=\"video_inread\" data-google-query-id=\"CPnE9MqVlpMDFRiEYQYdDIA7sg\">\n<div id=\"google_ads_iframe_\/349353471\/p12\/nota_video_inread_0__container__\"><iframe id=\"google_ads_iframe_\/349353471\/p12\/nota_video_inread_0\" tabindex=\"0\" title=\"Contenido de anuncios de terceros\" name=\"google_ads_iframe_\/349353471\/p12\/nota_video_inread_0\" width=\"1\" height=\"1\" frameborder=\"0\" marginwidth=\"0\" marginheight=\"0\" scrolling=\"no\" aria-label=\"Anuncio\" data-load-complete=\"true\" data-google-container-id=\"3\" data-mce-fragment=\"1\"><\/iframe><\/div>\n<\/div>\n<div class=\"pdf\">\n<div class=\"pdf\"><iframe title=\"PDF file\" src=\"https:\/\/drive.google.com\/file\/d\/1RCNxjtw6P-FKV364Nka_1T_2S7lrwoen\/preview\" frameborder=\"0\" data-mce-fragment=\"1\"><\/iframe><\/div>\n<\/div>\n<p class=\"c-paragraph\">Pero la cat\u00e1strofe no se ci\u00f1e exclusivamente al turismo. El desagregado muestra que\u00a0<b>todas las actividades cayeron en la comparaci\u00f3n entre 2025 y 2023<\/b>. Tomando como base el a\u00f1o 2015, la industria cay\u00f3 de 95 a 87, el comercio de 86 a 81 y la construcci\u00f3n, el sector de mayor capacidad multiplicadora, se desplom\u00f3 de 99 a 77.<\/p>\n<p class=\"c-paragraph\"><b>S\u00f3lo la agricultura muestra crecimiento<\/b>, pero se debe a una cuesti\u00f3n metodol\u00f3gica. Aquel fue el a\u00f1o de la gran sequ\u00eda, donde los rindes anduvieron en m\u00ednimos hist\u00f3ricos.<\/p>\n<p class=\"c-paragraph\">Otro dato relevante es la\u00a0<b>cantidad de empleadores<\/b>. De 168.236 a fines de 2023, cuando asumi\u00f3 el actual gobierno, pasamos a 162.738. La motosierra arras\u00f3 con 5.498 unidades productivas.<\/p>\n<p class=\"c-paragraph\">Como consecuencia de esta reducci\u00f3n,\u00a0<b>se perdieron alrededor de 80 mil empleos<\/b>\u00a0en territorio bonaerense: hab\u00eda 3.234.000 en 2023 y hoy quedan apenas 3.155.000.<\/p>\n<p class=\"c-paragraph\">Finalmente, el estudio desagrega la situaci\u00f3n de distintas ramas de la actividad industrial. El<b>\u00a0sector automotriz y autopartista<\/b>\u00a0tiene 2.647 empleos afectados, 2.197 despidos y el resto suspensiones. Los casos m\u00e1s destacados son\u00a0<b>Bridgestone<\/b>,\u00a0<b>FATE\u00a0<\/b>,<b>MAR Maquinarias<\/b>,\u00a0<b>Toyota<\/b>,\u00a0<b>Bridgestone<\/b>,\u00a0<b>Volkswagen<\/b>,\u00a0<b>Pirelli\u00a0<\/b>y\u00a0<b>Tex Fabric<\/b>.<\/p>\n<p class=\"c-paragraph\">En\u00a0<b>alimentos y bebidas<\/b>\u00a0el saldo es a\u00fan peor para los trabajadores. Hubo m\u00e1s de 2000 despedidos y 1100 suspendidos, entre las f\u00e1bricas. En ese sector, cerraron definitivamente\u00a0<b>La Suipachense<\/b>,\u00a0<b>D\u00e1nica<\/b>,\u00a0<b>T\u00eda Maruca<\/b>,\u00a0<b>ARSA<\/b>,\u00a0<b>Ganadera San Roque<\/b>,\u00a0<b>Fideos D\u2019Italia<\/b>,<b>\u00a0Isola Verde<\/b>,\u00a0<b>Sur Trade<\/b>\u00a0y\u00a0<b>Apolo Fish<\/b>, entre otras.<\/p>\n<p class=\"c-paragraph\">Entre las<b>\u00a0industrias qu\u00edmicas<\/b>\u00a0se perdieron definitivamente casi 1.200 empleos y hubo 300 suspensiones. Las empresas afectadas son\u00a0<b>TSU Cosm\u00e9ticos Clariant<\/b>,\u00a0<b>Sidus<\/b>,\u00a0<b>Atanor<\/b>,\u00a0<b>Linde Praxair<\/b>,\u00a0<b>Mapei<\/b>,<b>\u00a0Laboratorios Bag\u00f3<\/b>,\u00a0<b>Kenvue<\/b>,\u00a0<b>Sealed Air Quilmes<\/b>\u00a0y\u00a0<b>Akapol<\/b>.<\/p>\n<p class=\"c-paragraph\">El fin de semana, frente a las c\u00e1maras de televisi\u00f3n, Milei le dijo a Luis Majul que, con este nivel de reformas estructurales, algunos sectores desaparecer\u00edan.<\/p>\n","protected":false},"excerpt":{"rendered":"<p>La afluencia de turismo a la provincia este verano fue 4,6 puntos m\u00e1s baja que la temporada anterior y 12,6 m\u00e1s maja que en la de 2022\/2023, \u00faltima anterior al gobierno de Milei. Cay\u00f3 tambi\u00e9n la estad\u00eda promedio, 5 por ciento y 6 por ciento respectivamente, y tambi\u00e9n, de manera dr\u00e1stica, el consumo per c\u00e1pita: [&hellip;]<\/p>\n","protected":false},"author":2,"featured_media":31208,"comment_status":"open","ping_status":"open","sticky":false,"template":"","format":"standard","meta":{"footnotes":""},"categories":[73],"tags":[],"class_list":{"0":"post-31207","1":"post","2":"type-post","3":"status-publish","4":"format-standard","5":"has-post-thumbnail","7":"category-turismo"},"_links":{"self":[{"href":"https:\/\/radiobitacora.com.ar\/web\/wp-json\/wp\/v2\/posts\/31207","targetHints":{"allow":["GET"]}}],"collection":[{"href":"https:\/\/radiobitacora.com.ar\/web\/wp-json\/wp\/v2\/posts"}],"about":[{"href":"https:\/\/radiobitacora.com.ar\/web\/wp-json\/wp\/v2\/types\/post"}],"author":[{"embeddable":true,"href":"https:\/\/radiobitacora.com.ar\/web\/wp-json\/wp\/v2\/users\/2"}],"replies":[{"embeddable":true,"href":"https:\/\/radiobitacora.com.ar\/web\/wp-json\/wp\/v2\/comments?post=31207"}],"version-history":[{"count":1,"href":"https:\/\/radiobitacora.com.ar\/web\/wp-json\/wp\/v2\/posts\/31207\/revisions"}],"predecessor-version":[{"id":31209,"href":"https:\/\/radiobitacora.com.ar\/web\/wp-json\/wp\/v2\/posts\/31207\/revisions\/31209"}],"wp:featuredmedia":[{"embeddable":true,"href":"https:\/\/radiobitacora.com.ar\/web\/wp-json\/wp\/v2\/media\/31208"}],"wp:attachment":[{"href":"https:\/\/radiobitacora.com.ar\/web\/wp-json\/wp\/v2\/media?parent=31207"}],"wp:term":[{"taxonomy":"category","embeddable":true,"href":"https:\/\/radiobitacora.com.ar\/web\/wp-json\/wp\/v2\/categories?post=31207"},{"taxonomy":"post_tag","embeddable":true,"href":"https:\/\/radiobitacora.com.ar\/web\/wp-json\/wp\/v2\/tags?post=31207"}],"curies":[{"name":"wp","href":"https:\/\/api.w.org\/{rel}","templated":true}]}}