{"id":31213,"date":"2026-03-11T10:09:16","date_gmt":"2026-03-11T13:09:16","guid":{"rendered":"https:\/\/radiobitacora.com.ar\/web\/?p=31213"},"modified":"2026-03-11T10:09:16","modified_gmt":"2026-03-11T13:09:16","slug":"jose-antonio-kast-asume-este-miercoles-la-presidencia-de-chile-con-promesas-de-mano-dura-contra-el-crimen-y-una-agenda-conservadora","status":"publish","type":"post","link":"https:\/\/radiobitacora.com.ar\/web\/2026\/03\/11\/jose-antonio-kast-asume-este-miercoles-la-presidencia-de-chile-con-promesas-de-mano-dura-contra-el-crimen-y-una-agenda-conservadora\/","title":{"rendered":"Jos\u00e9 Antonio Kast asume este mi\u00e9rcoles la presidencia de Chile con promesas de mano dura contra el crimen y una agenda conservadora"},"content":{"rendered":"<p class=\"paragraph\" data-mrf-recirculation=\"Links inline\">El dirigente conservador\u00a0<b>Jos\u00e9 Antonio Kast<\/b>\u00a0prestar\u00e1 juramento este mi\u00e9rcoles como\u00a0<b>presidente de Chile\u00a0<\/b>en una ceremonia en el Congreso Nacional en Valpara\u00edso, con promesas de enfrentar el aumento de los delitos violentos y ejecutar deportaciones masivas de migrantes irregulares.<\/p>\n<p class=\"paragraph\" data-mrf-recirculation=\"Links inline\">Kast, de 60 a\u00f1os, derrot\u00f3 en diciembre en segunda vuelta a la candidata comunista\u00a0<b>Jeannette Jara<\/b>\u00a0y alcanz\u00f3 la presidencia en su tercer intento electoral. El abogado bas\u00f3 su campa\u00f1a en propuestas de seguridad, control migratorio y una pol\u00edtica exterior alineada con Estados Unidos.<\/p>\n<div class=\"inline ad-wrapper\">\n<div class=\"dfpAd ad-inline\"><\/div>\n<\/div>\n<p class=\"paragraph\" data-mrf-recirculation=\"Links inline\">El mandatario electo prometi\u00f3 actuar con rapidez frente al aumento de asesinatos, secuestros y extorsiones que autoridades atribuyen ampliamente a pandillas provenientes de otros pa\u00edses latinoamericanos. Durante la campa\u00f1a tambi\u00e9n prometi\u00f3 deportar a cientos de miles de inmigrantes irregulares y cerrar la frontera norte de Chile.<\/p>\n<p class=\"paragraph\" data-mrf-recirculation=\"Links inline\">El incremento de esos delitos se registra en paralelo con un aumento de la inmigraci\u00f3n. La poblaci\u00f3n inmigrante en Chile se duplic\u00f3 desde 2017.<\/p>\n<div class=\"inline_2_DSK ad-wrapper ad-desktop\">\n<div class=\"dfpAd ad-inline\"><\/div>\n<\/div>\n<p class=\"paragraph\" data-mrf-recirculation=\"Links inline\">La semana pasada, Kast particip\u00f3 en Florida en una reuni\u00f3n con una docena de aliados del presidente estadounidense\u00a0<b>Donald Trump<\/b> para sellar una nueva coalici\u00f3n militar \u201cAnti-C\u00e1rtel\u201d liderada por Estados Unidos.<\/p>\n<div class=\"visual__image\"><picture><source srcset=\"https:\/\/www.infobae.com\/resizer\/v2\/M6DZMFU7L5E5HE4SRHSNAICNVE.JPG?auth=e99b652d908ef4b1cb091f54c0cb04ef5d60a6f5c1a76e36e333eb24254f7180&amp;smart=true&amp;width=992&amp;height=661&amp;quality=85\" media=\"(min-width: 1000px)\" \/><source srcset=\"https:\/\/www.infobae.com\/resizer\/v2\/M6DZMFU7L5E5HE4SRHSNAICNVE.JPG?auth=e99b652d908ef4b1cb091f54c0cb04ef5d60a6f5c1a76e36e333eb24254f7180&amp;smart=true&amp;width=768&amp;height=512&amp;quality=85\" media=\"(min-width: 768px)\" \/><source srcset=\"https:\/\/www.infobae.com\/resizer\/v2\/M6DZMFU7L5E5HE4SRHSNAICNVE.JPG?auth=e99b652d908ef4b1cb091f54c0cb04ef5d60a6f5c1a76e36e333eb24254f7180&amp;smart=true&amp;width=577&amp;height=385&amp;quality=85\" media=\"(min-width: 580px)\" \/><source srcset=\"https:\/\/www.infobae.com\/resizer\/v2\/M6DZMFU7L5E5HE4SRHSNAICNVE.JPG?auth=e99b652d908ef4b1cb091f54c0cb04ef5d60a6f5c1a76e36e333eb24254f7180&amp;smart=true&amp;width=420&amp;height=280&amp;quality=85\" media=\"(min-width: 350px)\" \/><source srcset=\"https:\/\/www.infobae.com\/resizer\/v2\/M6DZMFU7L5E5HE4SRHSNAICNVE.JPG?auth=e99b652d908ef4b1cb091f54c0cb04ef5d60a6f5c1a76e36e333eb24254f7180&amp;smart=true&amp;width=350&amp;height=233&amp;quality=85\" media=\"(min-width: 80px)\" \/><img loading=\"lazy\" decoding=\"async\" class=\"global-image\" src=\"https:\/\/www.infobae.com\/resizer\/v2\/M6DZMFU7L5E5HE4SRHSNAICNVE.JPG?auth=e99b652d908ef4b1cb091f54c0cb04ef5d60a6f5c1a76e36e333eb24254f7180&amp;smart=true&amp;width=350&amp;height=233&amp;quality=85\" alt=\"La semana pasada, Kast particip\u00f3\" width=\"5283\" height=\"3522\" \/><\/picture>La semana pasada, Kast particip\u00f3 en Florida en una reuni\u00f3n con una docena de aliados del presidente estadounidense Donald Trump (REUTERS)<\/div>\n<p class=\"paragraph\" data-mrf-recirculation=\"Links inline\">El dirigente conservador tambi\u00e9n amplific\u00f3 las preocupaciones de Washington sobre las inversiones chinas en Am\u00e9rica Latina, en medio de tensiones por un proyecto para conectar Hong Kong con Chile mediante un cable submarino de fibra \u00f3ptica.<\/p>\n<p class=\"paragraph\" data-mrf-recirculation=\"Links inline\">Los preparativos para la toma de posesi\u00f3n quedaron marcados por un enfrentamiento entre Kast y el presidente saliente\u00a0<b>Gabriel Boric<\/b>\u00a0en torno a esa iniciativa. Estados Unidos sostiene que el proyecto representa una amenaza para la seguridad regional.<\/p>\n<p class=\"paragraph\" data-mrf-recirculation=\"Links inline\">La semana pasada, Kast acus\u00f3 a Boric de ocultar informaci\u00f3n sobre el plan y suspendi\u00f3 de forma temporal la cooperaci\u00f3n con el mandatario saliente durante el proceso de transferencia de poder. La disputa provoc\u00f3 malestar en un pa\u00eds que mantiene una tradici\u00f3n de cordialidad pol\u00edtica incluso entre adversarios ideol\u00f3gicos.<\/p>\n<p class=\"paragraph\" data-mrf-recirculation=\"Links inline\">El l\u00edder republicano asumir\u00e1 el cargo a las 12:00 (hora local) en el Congreso Nacional de Valpara\u00edso, en una ceremonia con m\u00e1s de 1.000 invitados y marcada por la controversia en torno al cable submarino con China.<\/p>\n<p class=\"paragraph\" data-mrf-recirculation=\"Links inline\">El evento se transmitir\u00e1 en vivo por las se\u00f1ales de cable del Senado y la C\u00e1mara de Diputadas y Diputados, adem\u00e1s de la mayor\u00eda de los canales abiertos nacionales.<\/p>\n<p class=\"paragraph\" data-mrf-recirculation=\"Links inline\">Entre los asistentes figuran el rey de Espa\u00f1a,\u00a0<b>Felipe VI<\/b>, y el presidente argentino\u00a0<b>Javier Milei<\/b>. Tambi\u00e9n confirmaron su presencia varios mandatarios latinoamericanos.<\/p>\n<div class=\"visual__image\"><picture><source srcset=\"https:\/\/www.infobae.com\/resizer\/v2\/ZKEU7JRTZVGJ3H67L5IBJHPIJI.jpg?auth=0976691caa4343057858a5abe11e39ae01211adda8c40f7f46c7e31873544bae&amp;smart=true&amp;width=992&amp;height=661&amp;quality=85\" media=\"(min-width: 1000px)\" \/><source srcset=\"https:\/\/www.infobae.com\/resizer\/v2\/ZKEU7JRTZVGJ3H67L5IBJHPIJI.jpg?auth=0976691caa4343057858a5abe11e39ae01211adda8c40f7f46c7e31873544bae&amp;smart=true&amp;width=768&amp;height=512&amp;quality=85\" media=\"(min-width: 768px)\" \/><source srcset=\"https:\/\/www.infobae.com\/resizer\/v2\/ZKEU7JRTZVGJ3H67L5IBJHPIJI.jpg?auth=0976691caa4343057858a5abe11e39ae01211adda8c40f7f46c7e31873544bae&amp;smart=true&amp;width=577&amp;height=385&amp;quality=85\" media=\"(min-width: 580px)\" \/><source srcset=\"https:\/\/www.infobae.com\/resizer\/v2\/ZKEU7JRTZVGJ3H67L5IBJHPIJI.jpg?auth=0976691caa4343057858a5abe11e39ae01211adda8c40f7f46c7e31873544bae&amp;smart=true&amp;width=420&amp;height=280&amp;quality=85\" media=\"(min-width: 350px)\" \/><source srcset=\"https:\/\/www.infobae.com\/resizer\/v2\/ZKEU7JRTZVGJ3H67L5IBJHPIJI.jpg?auth=0976691caa4343057858a5abe11e39ae01211adda8c40f7f46c7e31873544bae&amp;smart=true&amp;width=350&amp;height=233&amp;quality=85\" media=\"(min-width: 80px)\" \/><img loading=\"lazy\" decoding=\"async\" class=\"global-image\" src=\"https:\/\/www.infobae.com\/resizer\/v2\/ZKEU7JRTZVGJ3H67L5IBJHPIJI.jpg?auth=0976691caa4343057858a5abe11e39ae01211adda8c40f7f46c7e31873544bae&amp;smart=true&amp;width=350&amp;height=233&amp;quality=85\" alt=\"El presidente electo Jos\u00e9 Antonio\" width=\"4160\" height=\"2773\" \/><\/picture>El presidente electo Jos\u00e9 Antonio Kast y el presidente argentino, Javier Milei<\/div>\n<p class=\"paragraph\" data-mrf-recirculation=\"Links inline\">La lista de jefes de Estado que participar\u00e1n incluye a los presidentes de Bolivia,\u00a0<b>Rodrigo Paz<\/b>; Costa Rica,\u00a0<b>Rodrigo Chaves<\/b>; Ecuador,\u00a0<b>Daniel Noboa<\/b>; Honduras,\u00a0<b>Nasry Asfura<\/b>; Panam\u00e1,\u00a0<b>Jos\u00e9 Ra\u00fal Mulino<\/b>; Paraguay,\u00a0<b>Santiago Pe\u00f1a<\/b>; Rep\u00fablica Dominicana,\u00a0<b>Luis Abinader<\/b>; y Uruguay,\u00a0<b>Yamand\u00fa Orsi<\/b>. Tambi\u00e9n asistir\u00e1 el presidente de Hungr\u00eda,\u00a0<b>Tam\u00e1s Sulyok<\/b>, y el ministro de Relaciones Exteriores de Italia,\u00a0<b>Antonio Tajani<\/b>.<\/p>\n<p class=\"paragraph\" data-mrf-recirculation=\"Links inline\">Entre las ausencias destacan los ex presidentes chilenos\u00a0<b>Ricardo Lagos<\/b>\u00a0y\u00a0<b>Michelle Bachelet<\/b>, mientras que\u00a0<b>Eduardo Frei Ruiz-Tagle<\/b>\u00a0confirm\u00f3 su asistencia.<\/p>\n<p class=\"paragraph\" data-mrf-recirculation=\"Links inline\">Tampoco participar\u00e1n los presidentes de M\u00e9xico y Colombia,\u00a0<b>Claudia Sheinbaum<\/b>\u00a0y\u00a0<b>Gustavo Petro<\/b>, ni el mandatario salvadore\u00f1o\u00a0<b>Nayib Bukele<\/b>. Adem\u00e1s, la primera ministra de Italia,\u00a0<b>Giorgia Meloni<\/b>, el primer ministro de Hungr\u00eda,\u00a0<b>Viktor Orb\u00e1n<\/b>, y el secretario de Estado de Estados Unidos,\u00a0<b>Marco Rubio<\/b>, no asistir\u00e1n al acto.<\/p>\n<p class=\"paragraph\" data-mrf-recirculation=\"Links inline\">El presidente de Brasil,\u00a0<b>Luiz In\u00e1cio Lula da Silva<\/b>, cancel\u00f3 sus planes de viaje a \u00faltimo momento, seg\u00fan reportaron medios brasile\u00f1os.<\/p>\n","protected":false},"excerpt":{"rendered":"<p>El dirigente conservador\u00a0Jos\u00e9 Antonio Kast\u00a0prestar\u00e1 juramento este mi\u00e9rcoles como\u00a0presidente de Chile\u00a0en una ceremonia en el Congreso Nacional en Valpara\u00edso, con promesas de enfrentar el aumento de los delitos violentos y ejecutar deportaciones masivas de migrantes irregulares. Kast, de 60 a\u00f1os, derrot\u00f3 en diciembre en segunda vuelta a la candidata comunista\u00a0Jeannette Jara\u00a0y alcanz\u00f3 la presidencia en [&hellip;]<\/p>\n","protected":false},"author":2,"featured_media":31214,"comment_status":"open","ping_status":"open","sticky":false,"template":"","format":"standard","meta":{"footnotes":""},"categories":[80],"tags":[],"class_list":{"0":"post-31213","1":"post","2":"type-post","3":"status-publish","4":"format-standard","5":"has-post-thumbnail","7":"category-internacionales"},"_links":{"self":[{"href":"https:\/\/radiobitacora.com.ar\/web\/wp-json\/wp\/v2\/posts\/31213","targetHints":{"allow":["GET"]}}],"collection":[{"href":"https:\/\/radiobitacora.com.ar\/web\/wp-json\/wp\/v2\/posts"}],"about":[{"href":"https:\/\/radiobitacora.com.ar\/web\/wp-json\/wp\/v2\/types\/post"}],"author":[{"embeddable":true,"href":"https:\/\/radiobitacora.com.ar\/web\/wp-json\/wp\/v2\/users\/2"}],"replies":[{"embeddable":true,"href":"https:\/\/radiobitacora.com.ar\/web\/wp-json\/wp\/v2\/comments?post=31213"}],"version-history":[{"count":1,"href":"https:\/\/radiobitacora.com.ar\/web\/wp-json\/wp\/v2\/posts\/31213\/revisions"}],"predecessor-version":[{"id":31215,"href":"https:\/\/radiobitacora.com.ar\/web\/wp-json\/wp\/v2\/posts\/31213\/revisions\/31215"}],"wp:featuredmedia":[{"embeddable":true,"href":"https:\/\/radiobitacora.com.ar\/web\/wp-json\/wp\/v2\/media\/31214"}],"wp:attachment":[{"href":"https:\/\/radiobitacora.com.ar\/web\/wp-json\/wp\/v2\/media?parent=31213"}],"wp:term":[{"taxonomy":"category","embeddable":true,"href":"https:\/\/radiobitacora.com.ar\/web\/wp-json\/wp\/v2\/categories?post=31213"},{"taxonomy":"post_tag","embeddable":true,"href":"https:\/\/radiobitacora.com.ar\/web\/wp-json\/wp\/v2\/tags?post=31213"}],"curies":[{"name":"wp","href":"https:\/\/api.w.org\/{rel}","templated":true}]}}