{"id":31228,"date":"2026-03-11T10:57:06","date_gmt":"2026-03-11T13:57:06","guid":{"rendered":"https:\/\/radiobitacora.com.ar\/web\/?p=31228"},"modified":"2026-03-11T10:57:06","modified_gmt":"2026-03-11T13:57:06","slug":"luciano-castro-hablo-de-su-internacion-y-revelo-el-momento-en-que-toco-fondo-me-di-cuenta-que-habia-un-fin","status":"publish","type":"post","link":"https:\/\/radiobitacora.com.ar\/web\/2026\/03\/11\/luciano-castro-hablo-de-su-internacion-y-revelo-el-momento-en-que-toco-fondo-me-di-cuenta-que-habia-un-fin\/","title":{"rendered":"Luciano Castro habl\u00f3 de su internaci\u00f3n y revel\u00f3 el momento en que toc\u00f3 fondo: &#8220;Me di cuenta que hab\u00eda un fin&#8221;"},"content":{"rendered":"<p>En una charla profunda y sin rodeos con\u00a0<strong>Moria Cas\u00e1n<\/strong>\u00a0en\u00a0<em>La ma\u00f1ana con Moria<\/em>\u00a0(El Trece),\u00a0<strong>Luciano Castro<\/strong> se mostr\u00f3 vulnerable al recordar uno de los momentos m\u00e1s dif\u00edciles de su vida reciente: cuando entendi\u00f3 que hab\u00eda tocado fondo y necesitaba ayuda profesional.<\/p>\n<div id=\"ad-slot-video_outstream\" class=\"ad-slot ad-slot-video_outstream\" data-backend-inserted=\"true\" data-adtype=\"video_outstream\" data-google-query-id=\"CL6l0Lb_l5MDFYUQHgAd2TAmxQ\">\n<div id=\"google_ads_iframe_\/22254771232\/gente_nota\/video_outstream_0__container__\"><iframe id=\"google_ads_iframe_\/22254771232\/gente_nota\/video_outstream_0\" tabindex=\"0\" title=\"Contenido de anuncios de terceros\" name=\"google_ads_iframe_\/22254771232\/gente_nota\/video_outstream_0\" width=\"1\" height=\"1\" frameborder=\"0\" marginwidth=\"0\" marginheight=\"0\" scrolling=\"no\" aria-label=\"Anuncio\" data-load-complete=\"true\" data-google-container-id=\"5\" data-mce-fragment=\"1\"><\/iframe><\/div>\n<\/div>\n<p>Durante la entrevista, el actor habl\u00f3 de su proceso personal y de\u00a0. Lejos de poner el foco en el esc\u00e1ndalo medi\u00e1tico o en los comentarios externos, dej\u00f3 claro que lo m\u00e1s duro fue enfrentarse a s\u00ed mismo.<\/p>\n<p><strong>\u201cLo que m\u00e1s me doli\u00f3 es darme cuenta de c\u00f3mo estaba.\u00a0<\/strong>No lo medi\u00e1tico, lo de afuera, no tengo ning\u00fan rencor con nadie, no tengo resentimientos con nadie.\u00a0<strong>Es mucho m\u00e1s triste darse cuenta c\u00f3mo est\u00e1 uno y que precis\u00e1s esa ayuda.\u00a0<\/strong>Bueno, hoy en d\u00eda quiz\u00e1s es m\u00e1s normal de lo que imaginamos pedir ayuda\u201d, comenz\u00f3 diciendo.<\/p>\n<div id=\"ad-slot-wide_2\" class=\"ad-slot-wide_big ad-slot ad-m-tall\" data-backend-inserted=\"true\" data-adtype=\"wide_big\" data-lazyload=\"1\" data-google-query-id=\"CK_80Lb_l5MDFZoHHgAdQEUQhQ\">\n<div id=\"google_ads_iframe_\/22254771232\/gente_nota\/wide_2_0__container__\"><\/div>\n<\/div>\n<p>Con la sinceridad que marc\u00f3 toda la entrevista, Castro explic\u00f3 que cuando tom\u00f3 conciencia de su situaci\u00f3n decidi\u00f3 actuar de inmediato. Seg\u00fan cont\u00f3, ese paso fue clave para empezar a ordenar su vida.<\/p>\n<p><strong>\u201cYo ped\u00ed ayuda y por suerte tuve ayuda de inmediato.<\/strong>\u00a0Ah\u00ed me doli\u00f3, me pude haber dolido mi separaci\u00f3n, lo que me doli\u00f3 me angusti\u00f3 mucho y despu\u00e9s nada, la exposici\u00f3n de mi vida medi\u00e1tica en mi vida privada, \u00bfno?, que salga medi\u00e1tica, lamentablemente es algo que ya tengo como hasta aceptado\u201d, se\u00f1al\u00f3.<\/p>\n<div id=\"ad-slot-video_outstream_pm\" class=\"ad-slot ad-slot-video_outstream\" data-backend-inserted=\"true\" data-adtype=\"video_outstream\" data-google-query-id=\"CL-l0Lb_l5MDFYUQHgAd2TAmxQ\">\n<div id=\"google_ads_iframe_\/22254771232\/gente_nota\/video_outstream_pm_0__container__\"><\/div>\n<\/div>\n<p>En ese sentido, el actor remarc\u00f3 que con el tiempo dej\u00f3 de poner energ\u00eda en los conflictos externos y empez\u00f3 a concentrarse en su salud emocional. \u201cNo tengo ning\u00fan rencor ni ning\u00fan resentimiento hacia nadie.\u00a0<strong>Es m\u00e1s importante mi salud y sanar y enfocarme en m\u00ed que en el afuera.<\/strong> No tengo tiempo ni capacidad ya para eso, ni para enojarme ni para nada que tenga que ver con eso\u201d, afirm\u00f3.<\/p>\n<h3 class=\"wp-block-heading\">El instante en que entendi\u00f3 que no pod\u00eda seguir igual<\/h3>\n<p>Durante la conversaci\u00f3n, Castro tambi\u00e9n describi\u00f3 el momento exacto en el que comprendi\u00f3 que necesitaba parar. Seg\u00fan explic\u00f3, la sensaci\u00f3n de estar perdiendo demasiado lo llev\u00f3 a tomar una decisi\u00f3n dr\u00e1stica.<\/p>\n<p>\u201cEsto es mucho m\u00e1s com\u00fan de lo que creen todos. Hay much\u00edsima gente que necesita ayuda. Muchos nos animamos a pedirla. Muchas veces o por verg\u00fcenza o por miedo a ser apuntados no lo hacen o no lo hacemos\u201d, reflexion\u00f3.<\/p>\n<div id=\"ad-slot-wide_4\" class=\"ad-slot-wide_big ad-slot ad-m-tall\" data-backend-inserted=\"true\" data-adtype=\"wide_big\" data-lazyload=\"1\" data-google-query-id=\"COrt78v_l5MDFbMNHgAdO68chg\">\n<div id=\"google_ads_iframe_\/22254771232\/gente_nota\/wide_4_0__container__\"><\/div>\n<\/div>\n<p>Luego, revel\u00f3 qu\u00e9 fue lo que termin\u00f3 de marcar el l\u00edmite.\u00a0<strong>\u201cYo me di cuenta que ya hab\u00eda un fin, que ya era mucho lo que perd\u00eda y no quer\u00eda perder m\u00e1s.\u00a0<\/strong>Solo habl\u00e9 y tuve gente al lado m\u00edo que se ocup\u00f3 de darme una mano y me buscaron un lugar, el mejor lugar del mundo, que es a donde estoy hoy\u201d.<\/p>\n<p>En ese proceso, el actor reconoci\u00f3 que el primer paso fue aceptar que no pod\u00eda seguir sosteniendo la misma din\u00e1mica.<strong>\u00a0\u201cLo primero que ten\u00e9s que hacer es rendirte, rendirte, porque si no te rend\u00eds segu\u00eds trabajando para el afuera, segu\u00eds haciendo para el afuera y no para vos\u201d<\/strong>, explic\u00f3.<\/p>\n<div id=\"ad-slot-wide_5\" class=\"ad-slot-wide ad-slot\" data-backend-inserted=\"true\" data-adtype=\"wide\" data-lazyload=\"1\" data-google-query-id=\"CMmUhcz_l5MDFeQ9HgAdaWY4gQ\">\n<div id=\"google_ads_iframe_\/22254771232\/gente_nota\/wide_5_0__container__\"><\/div>\n<\/div>\n<figure class=\"wp-block-image size-large\">\n<div class=\"gadsrelative\"><img decoding=\"async\" class=\"wp-image-643024\" src=\"https:\/\/www.revistagente.com\/wp-content\/uploads\/2026\/03\/Luciano-Castro-1024x576.png.webp\" alt=\"\" \/><\/div>\n<div>\n<div>\n<div id=\"gpt-passback-ntbg70jpz1r\"><\/div>\n<\/div>\n<\/div><figcaption class=\"wp-element-caption\">Luciano Castro brind\u00f3 su primer m\u00f3vil en vivo a un programa de televisi\u00f3n este mi\u00e9rcoles tras su internaci\u00f3n.<\/figcaption><\/figure>\n<h3 class=\"wp-block-heading\">\u201cArm\u00e9 un personaje que me termin\u00f3 comiendo\u201d<\/h3>\n<p>En otro tramo de la entrevista, Castro hizo una autocr\u00edtica sobre c\u00f3mo hab\u00eda construido una imagen de s\u00ed mismo que con el tiempo termin\u00f3 afect\u00e1ndolo.<\/p>\n<p><strong>\u201cYo arm\u00e9 un personaje durante muchos a\u00f1os que me termin\u00f3 comiendo mi propio personaje. Por eso estoy a donde estoy\u201d<\/strong>, confes\u00f3.<\/p>\n<p>Al profundizar sobre ese punto, reflexion\u00f3 sobre la distancia que puede generarse entre la vida real y la que uno cree estar viviendo.\u00a0<strong>\u201cCuando viv\u00eds en un mundo paralelo es tu mundo paralelo y la realidad es una sola, no es la que vos transit\u00e1s, es la que existe\u201d<\/strong>, sostuvo.<\/p>\n<p>Finalmente, explic\u00f3 que su proceso hoy est\u00e1 enfocado en ordenar sus emociones y transformarse.\u00a0<strong>\u201cLo m\u00edo es totalmente emocional.<\/strong>\u00a0Ped\u00ed ayuda, me la dieron, estoy acomodando mis emociones, mis sentimientos y mejorando para poder trabajar, para poder ser mejor en todo\u201d, dijo.<\/p>\n<p>Y cerr\u00f3 con una reflexi\u00f3n sobre el camino que todav\u00eda tiene por delante:\u00a0<strong>\u201cYa va a llegar el tiempo de enmendar, que creo que es lo \u00faltimo que me va a tocar hacer.<\/strong>\u00a0Primero, hasta que no acepte un mont\u00f3n de cosas y no cambie literalmente cosas profundas de mi persona y de mi personalidad, no voy a poder enmendar nunca nada\u201d.<\/p>\n","protected":false},"excerpt":{"rendered":"<p>En una charla profunda y sin rodeos con\u00a0Moria Cas\u00e1n\u00a0en\u00a0La ma\u00f1ana con Moria\u00a0(El Trece),\u00a0Luciano Castro se mostr\u00f3 vulnerable al recordar uno de los momentos m\u00e1s dif\u00edciles de su vida reciente: cuando entendi\u00f3 que hab\u00eda tocado fondo y necesitaba ayuda profesional. Durante la entrevista, el actor habl\u00f3 de su proceso personal y de\u00a0. Lejos de poner el [&hellip;]<\/p>\n","protected":false},"author":2,"featured_media":31229,"comment_status":"open","ping_status":"open","sticky":false,"template":"","format":"standard","meta":{"footnotes":""},"categories":[67],"tags":[],"class_list":{"0":"post-31228","1":"post","2":"type-post","3":"status-publish","4":"format-standard","5":"has-post-thumbnail","7":"category-espectaculo"},"_links":{"self":[{"href":"https:\/\/radiobitacora.com.ar\/web\/wp-json\/wp\/v2\/posts\/31228","targetHints":{"allow":["GET"]}}],"collection":[{"href":"https:\/\/radiobitacora.com.ar\/web\/wp-json\/wp\/v2\/posts"}],"about":[{"href":"https:\/\/radiobitacora.com.ar\/web\/wp-json\/wp\/v2\/types\/post"}],"author":[{"embeddable":true,"href":"https:\/\/radiobitacora.com.ar\/web\/wp-json\/wp\/v2\/users\/2"}],"replies":[{"embeddable":true,"href":"https:\/\/radiobitacora.com.ar\/web\/wp-json\/wp\/v2\/comments?post=31228"}],"version-history":[{"count":1,"href":"https:\/\/radiobitacora.com.ar\/web\/wp-json\/wp\/v2\/posts\/31228\/revisions"}],"predecessor-version":[{"id":31230,"href":"https:\/\/radiobitacora.com.ar\/web\/wp-json\/wp\/v2\/posts\/31228\/revisions\/31230"}],"wp:featuredmedia":[{"embeddable":true,"href":"https:\/\/radiobitacora.com.ar\/web\/wp-json\/wp\/v2\/media\/31229"}],"wp:attachment":[{"href":"https:\/\/radiobitacora.com.ar\/web\/wp-json\/wp\/v2\/media?parent=31228"}],"wp:term":[{"taxonomy":"category","embeddable":true,"href":"https:\/\/radiobitacora.com.ar\/web\/wp-json\/wp\/v2\/categories?post=31228"},{"taxonomy":"post_tag","embeddable":true,"href":"https:\/\/radiobitacora.com.ar\/web\/wp-json\/wp\/v2\/tags?post=31228"}],"curies":[{"name":"wp","href":"https:\/\/api.w.org\/{rel}","templated":true}]}}