{"id":31232,"date":"2026-03-11T11:40:09","date_gmt":"2026-03-11T14:40:09","guid":{"rendered":"https:\/\/radiobitacora.com.ar\/web\/?p=31232"},"modified":"2026-03-11T11:40:34","modified_gmt":"2026-03-11T14:40:34","slug":"la-concejal-gabriela-refojo-destaco-el-impacto-social-del-programa-municipal-goya-baila-y-llamo-a-fortalecer-la-participacion-ciudadana","status":"publish","type":"post","link":"https:\/\/radiobitacora.com.ar\/web\/2026\/03\/11\/la-concejal-gabriela-refojo-destaco-el-impacto-social-del-programa-municipal-goya-baila-y-llamo-a-fortalecer-la-participacion-ciudadana\/","title":{"rendered":"LA CONCEJAL GABRIELA REFOJO DESTAC\u00d3 EL IMPACTO SOCIAL DEL PROGRAMA MUNICIPAL \u201cGOYA BAILA\u201d Y LLAM\u00d3 A FORTALECER LA PARTICIPACI\u00d3N CIUDADANA"},"content":{"rendered":"<div class=\"flex flex-col text-sm pb-25\">\n<article class=\"text-token-text-primary w-full focus:outline-none [--shadow-height:45px] has-data-writing-block:pointer-events-none has-data-writing-block:-mt-(--shadow-height) has-data-writing-block:pt-(--shadow-height) [&amp;:has([data-writing-block])&gt;*]:pointer-events-auto scroll-mt-[calc(var(--header-height)+min(200px,max(70px,20svh)))]\" dir=\"auto\" tabindex=\"-1\" data-turn-id=\"request-WEB:d8db95ce-d36a-4d80-a24c-7c163e5eb9e0-0\" data-testid=\"conversation-turn-2\" data-scroll-anchor=\"true\" data-turn=\"assistant\">\n<div class=\"text-base my-auto mx-auto pb-10 [--thread-content-margin:var(--thread-content-margin-xs,calc(var(--spacing)*4))] @w-sm\/main:[--thread-content-margin:var(--thread-content-margin-sm,calc(var(--spacing)*6))] @w-lg\/main:[--thread-content-margin:var(--thread-content-margin-lg,calc(var(--spacing)*16))] px-(--thread-content-margin)\">\n<div class=\"[--thread-content-max-width:40rem] @w-lg\/main:[--thread-content-max-width:48rem] mx-auto max-w-(--thread-content-max-width) flex-1 group\/turn-messages focus-visible:outline-hidden relative flex w-full min-w-0 flex-col agent-turn\" tabindex=\"-1\">\n<div class=\"flex max-w-full flex-col gap-4 grow\">\n<div class=\"min-h-8 text-message relative flex w-full flex-col items-end gap-2 text-start break-words whitespace-normal [.text-message+&amp;]:mt-1\" dir=\"auto\" data-message-author-role=\"assistant\" data-message-id=\"90958b9f-b560-4ffc-a3f1-c9ff88cd43a4\" data-message-model-slug=\"gpt-5-3\">\n<div class=\"flex w-full flex-col gap-1 empty:hidden\">\n<div class=\"markdown prose dark:prose-invert w-full wrap-break-word light markdown-new-styling\">\n<p data-start=\"143\" data-end=\"469\">En el programa radial <em data-start=\"165\" data-end=\"180\">Cont\u00e1 Conmigo<\/em>, que se emite por Radio Bit\u00e1cora y la se\u00f1al 98.9, la concejal del PRO Gabriela Refojo dialog\u00f3 sobre el desarrollo del programa municipal <strong data-start=\"318\" data-end=\"334\">\u201cGoya Baila\u201d<\/strong>, su origen, su impacto social en la comunidad y tambi\u00e9n sobre algunos temas vinculados a la actualidad pol\u00edtica y urbana de la ciudad.<\/p>\n<p data-start=\"471\" data-end=\"927\">Durante la entrevista, Refojo explic\u00f3 que el programa naci\u00f3 en el a\u00f1o 2016 como una iniciativa orientada a promover la actividad f\u00edsica, la integraci\u00f3n social y el bienestar emocional de los vecinos a trav\u00e9s del baile. Se\u00f1al\u00f3 que la propuesta surgi\u00f3 cuando se desempe\u00f1aba en el \u00e1rea social, en conjunto con el entonces ministro de Industria, Licenciado Sela, y a partir de actividades recreativas que se realizaban en espacios comunitarios como Mama Perla.<\/p>\n<p data-start=\"929\" data-end=\"1408\">En ese contexto, record\u00f3 que en las primeras experiencias se organizaban actividades diferenciadas: mientras las madres participaban de clases de baile, los ni\u00f1os realizaban talleres de m\u00fasica y arte. Posteriormente, con la gesti\u00f3n municipal encabezada por el entonces intendente Ignacio Osella, el proyecto se transform\u00f3 en un programa estructurado denominado \u201cGoya Baila\u201d, con planificaci\u00f3n en distintos barrios de la ciudad y con la participaci\u00f3n de profesores e instructores.<\/p>\n<p data-start=\"1410\" data-end=\"1614\">La concejal remarc\u00f3 que se trata de un <strong data-start=\"1449\" data-end=\"1531\">programa municipal gratuito, abierto a toda la comunidad y sin l\u00edmites de edad<\/strong>, que adem\u00e1s logr\u00f3 mantenerse activo a lo largo de distintas gestiones municipales.<\/p>\n<p data-start=\"1616\" data-end=\"1824\">\u201cEs un programa que ha trascendido las gestiones y hoy cumple un rol fundamental dentro de una pol\u00edtica p\u00fablica que considero necesaria e importante, porque impacta beneficiosamente en las personas\u201d, sostuvo.<\/p>\n<p data-start=\"1826\" data-end=\"2165\">Refojo destac\u00f3 adem\u00e1s el rol que cumpli\u00f3 el programa durante la pandemia, cuando se continu\u00f3 con la actividad mediante clases grabadas que luego se transmit\u00edan a trav\u00e9s de los medios locales. En ese per\u00edodo, las clases se filmaban en su domicilio con la colaboraci\u00f3n de Francisco Rol\u00f3n Soto para mantener el contacto con los participantes.<\/p>\n<p data-start=\"2167\" data-end=\"2443\">Seg\u00fan explic\u00f3, el programa no solo promueve la actividad f\u00edsica, sino tambi\u00e9n la interacci\u00f3n social y el bienestar emocional. En ese sentido, indic\u00f3 que muchas personas que inicialmente dudan en participar terminan encontrando en el baile un espacio de recreaci\u00f3n y encuentro.<\/p>\n<p data-start=\"2445\" data-end=\"2594\">\u201cMucha gente se pone sus propios l\u00edmites, pero todos podemos movernos a nuestro ritmo. Cada uno lo hace a su manera y eso es lo importante\u201d, expres\u00f3.<\/p>\n<p data-start=\"2596\" data-end=\"2881\">Actualmente, el programa se desarrolla en distintos puntos de la ciudad con la participaci\u00f3n de varios profesores. Entre ellos mencion\u00f3 a M\u00e1ximo Geda, Sergio Bartlett, Valeria Abogado y Gladys L\u00f3pez Beltr\u00e1n, esta \u00faltima profesora de educaci\u00f3n f\u00edsica y actual coordinadora del programa.<\/p>\n<p data-start=\"2883\" data-end=\"3070\">Refojo explic\u00f3 que, aunque hoy ocupa el cargo de concejal, contin\u00faa acompa\u00f1ando la iniciativa como madrina del programa, rol que asumi\u00f3 luego de haber sido coordinadora desde su creaci\u00f3n.<\/p>\n<p data-start=\"3072\" data-end=\"3185\">\u201cYo sigo acompa\u00f1ando y gestionando para que este programa crezca y contin\u00fae trascendiendo las gestiones\u201d, afirm\u00f3.<\/p>\n<p data-start=\"3187\" data-end=\"3500\">En relaci\u00f3n con los espacios donde se realizan las clases, detall\u00f3 que actualmente funcionan en la ex estaci\u00f3n del ferrocarril, en la sede del barrio Pando, en la zona de Los Eucaliptos, en la plaza Ling\u00e1 y en la plaza San Mart\u00edn. Adem\u00e1s, adelant\u00f3 que pr\u00f3ximamente se sumar\u00e1 un nuevo punto en el barrio San Ram\u00f3n.<\/p>\n<p data-start=\"3502\" data-end=\"3888\">Para participar, los vecinos pueden acercarse directamente a los lugares donde se dictan las clases o informarse a trav\u00e9s de las redes sociales del programa \u201cGoya Baila\u201d en Facebook e Instagram, donde se publican los horarios y ubicaciones. Los instructores registran los datos de los participantes y se solicita una aptitud psicof\u00edsica, contando adem\u00e1s con asistencia m\u00e9dica municipal.<\/p>\n<p data-start=\"3890\" data-end=\"4199\">La concejal tambi\u00e9n valor\u00f3 el trabajo conjunto con distintas \u00e1reas del municipio. Como ejemplo mencion\u00f3 la actividad realizada recientemente en el marco del Mes de la Mujer, organizada por el espacio Mujeres en Acci\u00f3n, donde particip\u00f3 la Secretar\u00eda de Desarrollo Social brindando hidrataci\u00f3n y acompa\u00f1amiento.<\/p>\n<p data-start=\"4201\" data-end=\"4304\">Refojo resalt\u00f3 que muchas de estas actividades requieren m\u00e1s compromiso humano que recursos econ\u00f3micos.<\/p>\n<p data-start=\"4306\" data-end=\"4423\">\u201cLo que hicimos la semana pasada solo cost\u00f3 las ganas, la energ\u00eda, la decisi\u00f3n y el compromiso de cada uno\u201d, expres\u00f3.<\/p>\n<p data-start=\"4425\" data-end=\"4707\">Durante la conversaci\u00f3n tambi\u00e9n se abordaron temas relacionados con la vida pol\u00edtica local. La concejal se\u00f1al\u00f3 que el nuevo per\u00edodo del Concejo Deliberante se encuentra en proceso de organizaci\u00f3n, ya que hay ediles que contin\u00faan su mandato y otros que se incorporan por primera vez.<\/p>\n<p data-start=\"4709\" data-end=\"4883\">Indic\u00f3 que en la pr\u00f3xima sesi\u00f3n se comenzar\u00e1 a trabajar en la conformaci\u00f3n de las comisiones y destac\u00f3 la importancia del di\u00e1logo y el consenso dentro del \u00e1mbito legislativo.<\/p>\n<p data-start=\"4885\" data-end=\"5033\">\u201cSiempre van a haber acuerdos y desacuerdos, eso es l\u00f3gico en la pol\u00edtica, pero debemos apelar al di\u00e1logo pensando en lo que Goya necesita\u201d, afirm\u00f3.<\/p>\n<p data-start=\"5035\" data-end=\"5185\">En ese sentido, sostuvo que su trabajo como concejal se basa en la presencia territorial, el contacto con los vecinos y la escucha de sus inquietudes.<\/p>\n<p data-start=\"5187\" data-end=\"5319\">\u201cSoy una persona que camina, que escucha y que trabaja. Puedo tener aciertos y errores, pero me brindo mucho a la sociedad\u201d, se\u00f1al\u00f3.<\/p>\n<p data-start=\"5321\" data-end=\"5577\">Otro de los temas abordados fue el futuro de la actual terminal de \u00f3mnibus una vez que entre en funcionamiento la nueva estaci\u00f3n en construcci\u00f3n. Refojo consider\u00f3 que el espacio debe ser aprovechado para generar actividad econ\u00f3mica y movimiento en la zona.<\/p>\n<p data-start=\"5579\" data-end=\"5776\">Entre las alternativas mencion\u00f3 la posibilidad de instalar oficinas administrativas municipales, locales comerciales con costos accesibles para emprendedores o un paseo de artesanos y comerciantes.<\/p>\n<p data-start=\"5778\" data-end=\"5913\">\u201cEs un espacio que hay que optimizar, generando algo que atraiga gente y que beneficie tanto a la sociedad como al municipio\u201d, explic\u00f3.<\/p>\n<p data-start=\"5915\" data-end=\"6078\">Finalmente, la concejal dej\u00f3 un mensaje dirigido a la comunidad, invitando a los vecinos a comprometerse con el desarrollo de la ciudad y a participar activamente.<\/p>\n<p data-start=\"6080\" data-end=\"6270\" data-is-last-node=\"\" data-is-only-node=\"\">\u201cCada uno desde el lugar donde est\u00e1 puede colaborar para mejorar nuestra ciudad. Todos tenemos un potencial y pueden contar conmigo para hacer llegar sus inquietudes o propuestas\u201d, concluy\u00f3.<\/p>\n<\/div>\n<\/div>\n<\/div>\n<\/div>\n<div class=\"z-0 flex min-h-[46px] justify-start\">Mira la nota completa :\u00a0\u00a0<a href=\"https:\/\/www.youtube.com\/live\/LYgWZYcz6-k?si=l044lWGOkexK5Erc\">https:\/\/www.youtube.com\/live\/LYgWZYcz6-k?si=l044lWGOkexK5Erc<\/a><\/div>\n<div class=\"mt-3 w-full empty:hidden\">\n<div class=\"text-center\">Fuentes : Multiplataformas Bit\u00e1cora<\/div>\n<\/div>\n<\/div>\n<\/div>\n<\/article>\n<\/div>\n<div class=\"pointer-events-none h-px w-px absolute bottom-0\" aria-hidden=\"true\" data-edge=\"true\"><\/div>\n","protected":false},"excerpt":{"rendered":"<p>En el programa radial Cont\u00e1 Conmigo, que se emite por Radio Bit\u00e1cora y la se\u00f1al 98.9, la concejal del PRO Gabriela Refojo dialog\u00f3 sobre el desarrollo del programa municipal \u201cGoya Baila\u201d, su origen, su impacto social en la comunidad y tambi\u00e9n sobre algunos temas vinculados a la actualidad pol\u00edtica y urbana de la ciudad. Durante [&hellip;]<\/p>\n","protected":false},"author":2,"featured_media":31233,"comment_status":"open","ping_status":"open","sticky":false,"template":"","format":"standard","meta":{"footnotes":""},"categories":[74],"tags":[],"class_list":{"0":"post-31232","1":"post","2":"type-post","3":"status-publish","4":"format-standard","5":"has-post-thumbnail","7":"category-bitacora-tv"},"_links":{"self":[{"href":"https:\/\/radiobitacora.com.ar\/web\/wp-json\/wp\/v2\/posts\/31232","targetHints":{"allow":["GET"]}}],"collection":[{"href":"https:\/\/radiobitacora.com.ar\/web\/wp-json\/wp\/v2\/posts"}],"about":[{"href":"https:\/\/radiobitacora.com.ar\/web\/wp-json\/wp\/v2\/types\/post"}],"author":[{"embeddable":true,"href":"https:\/\/radiobitacora.com.ar\/web\/wp-json\/wp\/v2\/users\/2"}],"replies":[{"embeddable":true,"href":"https:\/\/radiobitacora.com.ar\/web\/wp-json\/wp\/v2\/comments?post=31232"}],"version-history":[{"count":1,"href":"https:\/\/radiobitacora.com.ar\/web\/wp-json\/wp\/v2\/posts\/31232\/revisions"}],"predecessor-version":[{"id":31234,"href":"https:\/\/radiobitacora.com.ar\/web\/wp-json\/wp\/v2\/posts\/31232\/revisions\/31234"}],"wp:featuredmedia":[{"embeddable":true,"href":"https:\/\/radiobitacora.com.ar\/web\/wp-json\/wp\/v2\/media\/31233"}],"wp:attachment":[{"href":"https:\/\/radiobitacora.com.ar\/web\/wp-json\/wp\/v2\/media?parent=31232"}],"wp:term":[{"taxonomy":"category","embeddable":true,"href":"https:\/\/radiobitacora.com.ar\/web\/wp-json\/wp\/v2\/categories?post=31232"},{"taxonomy":"post_tag","embeddable":true,"href":"https:\/\/radiobitacora.com.ar\/web\/wp-json\/wp\/v2\/tags?post=31232"}],"curies":[{"name":"wp","href":"https:\/\/api.w.org\/{rel}","templated":true}]}}