{"id":31253,"date":"2026-03-11T16:21:38","date_gmt":"2026-03-11T19:21:38","guid":{"rendered":"https:\/\/radiobitacora.com.ar\/web\/?p=31253"},"modified":"2026-03-11T16:21:38","modified_gmt":"2026-03-11T19:21:38","slug":"donald-trump-dijo-que-los-bombardeos-en-iran-terminaran-pronto","status":"publish","type":"post","link":"https:\/\/radiobitacora.com.ar\/web\/2026\/03\/11\/donald-trump-dijo-que-los-bombardeos-en-iran-terminaran-pronto\/","title":{"rendered":"Donald Trump dijo que los bombardeos en Ir\u00e1n terminar\u00e1n pronto"},"content":{"rendered":"<p class=\"paragraph\" data-mrf-recirculation=\"Links inline\">El presidente de EEUU\u00a0<b>Donald Trump afirm\u00f3 este mi\u00e9rcoles que la guerra contra Ir\u00e1n terminar\u00e1 \u201cpronto\u201d porque \u201cpr\u00e1cticamente no queda nada que atacar\u201d<\/b>, pero funcionarios israel\u00edes y estadounidenses indicaron que no existe ninguna directiva interna sobre cu\u00e1ndo podr\u00eda cesar el combate y que ambos pa\u00edses se preparan para al menos dos semanas m\u00e1s de ataques.<\/p>\n<p class=\"paragraph\" data-mrf-recirculation=\"Links inline\">\u201cUn poco de esto y aquello&#8230;\u00a0<b>Cuando quiera que termine, terminar\u00e1\u201d<\/b>, dijo Trump en una breve entrevista telef\u00f3nica con\u00a0<i>Axios<\/i>, en la que asegur\u00f3 que<b>\u00a0la guerra \u201cva muy bien\u201d<\/b>\u00a0y que los da\u00f1os infligidos superaron incluso las expectativas iniciales.<b>\u00a0\u201cEstamos muy adelantados respecto al cronograma<\/b>. Hemos causado m\u00e1s da\u00f1o del que cre\u00edamos posible, incluso en el per\u00edodo original de seis semanas\u201d, afirm\u00f3.<\/p>\n<div class=\"inline ad-wrapper\">\n<div class=\"dfpAd ad-inline\"><\/div>\n<\/div>\n<p class=\"paragraph\" data-mrf-recirculation=\"Links inline\">Sin embargo, sus propios aliados enviaron se\u00f1ales contradictorias. El ministro de Defensa israel\u00ed,\u00a0<b>Israel Katz, dijo el mismo mi\u00e9rcoles que la operaci\u00f3n continuar\u00e1 \u201csin l\u00edmite de tiempo<\/b>, el tiempo necesario, hasta que logremos todos los objetivos y decidamos el resultado de la campa\u00f1a\u201d, con ataques que proseguir\u00e1n en Teher\u00e1n y en todo el pa\u00eds\u00a0<b>\u201cd\u00eda tras d\u00eda, objetivo tras objetivo\u201d<\/b>. Funcionarios israel\u00edes y estadounidenses confirmaron a\u00a0<i>Axios\u00a0<\/i>que ambos pa\u00edses se preparan para al menos dos semanas adicionales de bombardeos.<\/p>\n<p class=\"paragraph\" data-mrf-recirculation=\"Links inline\">Trump justific\u00f3 la campa\u00f1a en t\u00e9rminos hist\u00f3ricos.\u00a0<b>\u201cIr\u00e1n iba tras el resto de Oriente Medio. Est\u00e1n pagando por 47 a\u00f1os de muerte y destrucci\u00f3n que causaron. Esto es una retribuci\u00f3n. No saldr\u00e1n tan f\u00e1cilmente\u201d<\/b>, sostuvo el mandatario, quien tambi\u00e9n se\u00f1al\u00f3 que la hostilidad iran\u00ed se extend\u00eda m\u00e1s all\u00e1 de Israel y Estados Unidos hacia los estados del Golfo.<\/p>\n<div class=\"inline_2_DSK ad-wrapper ad-desktop\">\n<div class=\"dfpAd ad-inline\"><\/div>\n<\/div>\n<p class=\"paragraph\" data-mrf-recirculation=\"Links inline\">En el frente mar\u00edtimo,\u00a0<b>Trump confirm\u00f3 que ataques estadounidenses del martes destruyeron 16 embarcaciones cazaminas iran\u00edes\u00a0<\/b>y desbarataron los planes de Teher\u00e1n de sembrar el estrat\u00e9gico estrecho de Ormuz, por donde transita normalmente el 20% del petr\u00f3leo mundial. El martes, Washington recibi\u00f3 inteligencia que suger\u00eda que<b>\u00a0Ir\u00e1n hab\u00eda comenzado a colocar minas en el paso<\/b>, aunque funcionarios aclararon que el n\u00famero desplegado era muy peque\u00f1o. \u201c<b>Si por alguna raz\u00f3n se colocaron minas y no se retiran de inmediato, las consecuencias militares para Ir\u00e1n ser\u00e1n a un nivel nunca visto<\/b>\u201d, advirti\u00f3 Trump en redes sociales.<\/p>\n<p class=\"paragraph\" data-mrf-recirculation=\"Links inline\">El comandante del CENTCOM, el almirante<b>\u00a0Brad Cooper<\/b>, afirm\u00f3 en un mensaje en video que<b>\u00a0la misi\u00f3n de las fuerzas estadounidenses es \u201celiminar la capacidad de Ir\u00e1n<\/b>\u00a0de proyectar poder y hostigar el tr\u00e1fico mar\u00edtimo en el estrecho\u201d, y asegur\u00f3 que los ataques con misiles y drones iran\u00edes han disminuido dr\u00e1sticamente. \u201cEl poder de combate de Estados Unidos crece, el de Ir\u00e1n declina\u201d, se\u00f1al\u00f3 Cooper.<\/p>\n<p class=\"paragraph\" data-mrf-recirculation=\"Links inline\">Pese al optimismo de Trump,<b>\u00a0la guerra entr\u00f3 este mi\u00e9rcoles en su duod\u00e9cimo d\u00eda con una escalada sostenida<\/b>: Ir\u00e1n atac\u00f3 al menos dos buques comerciales en el estrecho de Ormuz, impuso la exigencia de que cualquier nav\u00edo que desee cruzar el paso obtenga \u201cpermiso\u201d de Teher\u00e1n, y lanz\u00f3 drones contra el aeropuerto internacional de Dubai, hiriendo a cuatro personas. Los precios del petr\u00f3leo superaban los 90 d\u00f3lares por barril ante el bloqueo efectivo del estrecho y la incertidumbre sobre la duraci\u00f3n del conflicto.<\/p>\n","protected":false},"excerpt":{"rendered":"<p>El presidente de EEUU\u00a0Donald Trump afirm\u00f3 este mi\u00e9rcoles que la guerra contra Ir\u00e1n terminar\u00e1 \u201cpronto\u201d porque \u201cpr\u00e1cticamente no queda nada que atacar\u201d, pero funcionarios israel\u00edes y estadounidenses indicaron que no existe ninguna directiva interna sobre cu\u00e1ndo podr\u00eda cesar el combate y que ambos pa\u00edses se preparan para al menos dos semanas m\u00e1s de ataques. \u201cUn [&hellip;]<\/p>\n","protected":false},"author":2,"featured_media":31254,"comment_status":"open","ping_status":"open","sticky":false,"template":"","format":"standard","meta":{"footnotes":""},"categories":[80],"tags":[],"class_list":{"0":"post-31253","1":"post","2":"type-post","3":"status-publish","4":"format-standard","5":"has-post-thumbnail","7":"category-internacionales"},"_links":{"self":[{"href":"https:\/\/radiobitacora.com.ar\/web\/wp-json\/wp\/v2\/posts\/31253","targetHints":{"allow":["GET"]}}],"collection":[{"href":"https:\/\/radiobitacora.com.ar\/web\/wp-json\/wp\/v2\/posts"}],"about":[{"href":"https:\/\/radiobitacora.com.ar\/web\/wp-json\/wp\/v2\/types\/post"}],"author":[{"embeddable":true,"href":"https:\/\/radiobitacora.com.ar\/web\/wp-json\/wp\/v2\/users\/2"}],"replies":[{"embeddable":true,"href":"https:\/\/radiobitacora.com.ar\/web\/wp-json\/wp\/v2\/comments?post=31253"}],"version-history":[{"count":1,"href":"https:\/\/radiobitacora.com.ar\/web\/wp-json\/wp\/v2\/posts\/31253\/revisions"}],"predecessor-version":[{"id":31255,"href":"https:\/\/radiobitacora.com.ar\/web\/wp-json\/wp\/v2\/posts\/31253\/revisions\/31255"}],"wp:featuredmedia":[{"embeddable":true,"href":"https:\/\/radiobitacora.com.ar\/web\/wp-json\/wp\/v2\/media\/31254"}],"wp:attachment":[{"href":"https:\/\/radiobitacora.com.ar\/web\/wp-json\/wp\/v2\/media?parent=31253"}],"wp:term":[{"taxonomy":"category","embeddable":true,"href":"https:\/\/radiobitacora.com.ar\/web\/wp-json\/wp\/v2\/categories?post=31253"},{"taxonomy":"post_tag","embeddable":true,"href":"https:\/\/radiobitacora.com.ar\/web\/wp-json\/wp\/v2\/tags?post=31253"}],"curies":[{"name":"wp","href":"https:\/\/api.w.org\/{rel}","templated":true}]}}