{"id":31263,"date":"2026-03-11T16:41:12","date_gmt":"2026-03-11T19:41:12","guid":{"rendered":"https:\/\/radiobitacora.com.ar\/web\/?p=31263"},"modified":"2026-03-11T16:41:12","modified_gmt":"2026-03-11T19:41:12","slug":"guerra-en-medio-oriente-como-podria-afectar-a-tu-vida-y-a-tu-bolsillo","status":"publish","type":"post","link":"https:\/\/radiobitacora.com.ar\/web\/2026\/03\/11\/guerra-en-medio-oriente-como-podria-afectar-a-tu-vida-y-a-tu-bolsillo\/","title":{"rendered":"Guerra en Medio Oriente: \u00bfc\u00f3mo podr\u00eda afectar a tu vida y a tu bolsillo?"},"content":{"rendered":"<div class=\"c-bullets o-content-from-editor\">\n<div class=\"c-bullets__content\">\n<ul>\n<li>Tras los ataques de Estados Unidos e Israel a Ir\u00e1n y la respuesta iran\u00ed, el valor del petr\u00f3leo se dispar\u00f3, generando presi\u00f3n sobre el precio de la nafta en nuestro pa\u00eds. Por este motivo, Argentinas implement\u00f3 un recargo en los pasajes.<\/li>\n<li>El valor del combustible tambi\u00e9n afectar\u00eda el precio de otros bienes por un eventual aumento en los costos de transporte, y la prolongaci\u00f3n del conflicto podr\u00eda impactar en los costos de importaci\u00f3n del gas en invierno.<\/li>\n<li>En el frente financiero, una eventual prolongaci\u00f3n del conflicto b\u00e9lico podr\u00eda impactar en las tasas de inter\u00e9s, el d\u00f3lar y el riesgo pa\u00eds.<\/li>\n<\/ul>\n<\/div>\n<\/div>\n<div class=\"c-nota__content-from-editor o-content-from-editor js-content-from-editor js-toc-content\">\n<p>El 28 de febrero,\u00a0<a href=\"https:\/\/chequeado.com\/el-explicador\/claves-para-entender-los-ataques-de-estados-unidos-e-israel-a-iran\/\">Estados Unidos e Israel atacaron a Ir\u00e1n<\/a>\u00a0para -seg\u00fan argument\u00f3 el presidente Donald Trump- frenar el programa nuclear y de misiles de ese pa\u00eds. Ir\u00e1n respondi\u00f3 atacando bases estadounidenses en Medio Oriente.<\/p>\n<p>Consultoras econ\u00f3micas coinciden en se\u00f1alar que el conflicto tiene \u201cefectos mixtos\u201d para la econom\u00eda argentina: mejora el valor de las exportaciones por el incremento en los precios de los productos primarios (principalmente el petr\u00f3leo), pero a su vez podr\u00eda generar una mayor presi\u00f3n inflacionaria.\u00a0<b>Tambi\u00e9n aseguran que la profundidad del impacto depender\u00e1 de la duraci\u00f3n del conflicto.\u00a0<\/b><\/p>\n<h2><b>El aumento del petr\u00f3leo presiona al precio de la nafta<\/b><\/h2>\n<p>El precio del\u00a0<a href=\"https:\/\/es.investing.com\/commodities\/brent-oil\" target=\"_blank\" rel=\"noopener\">petr\u00f3leo Brent<\/a>\u00a0(que se utiliza mayormente como referencia para Argentina) roz\u00f3 el 8 de marzo\u00a0 los US$ 120 el barril. Y si bien luego baj\u00f3, se ubica actualmente en torno a US$ 91,\u00a0<b>un 20% por encima del valor previo al comienzo de los ataques (US$ 72).<\/b><\/p>\n<p>Para la\u00a0<a href=\"https:\/\/www.invecq.com\/contenidos\/la-cuenta-financiera-compensa-el-rojo-de-la-cuenta-corriente\/\" target=\"_blank\" rel=\"noopener\">consultora Invecq<\/a>, \u201ceste escenario presenta efectos mixtos. Por un lado, mayores precios del crudo mejoran la balanza energ\u00e9tica, en un contexto de creciente producci\u00f3n local. Sin embargo, un petr\u00f3leo persistentemente alto tambi\u00e9n puede trasladarse a mayores presiones inflacionarias tanto a nivel global como local\u201d.<\/p>\n<p>El CEO de YPF, Horacio Mar\u00edn, afirm\u00f3 en una\u00a0<a href=\"https:\/\/youtu.be\/1QXJhJjWJ2E?si=gA-msxneO2ht0gYI\" target=\"_blank\" rel=\"noopener\">entrevista concedida a El Cronista<\/a>\u00a0que la nafta \u201cva aumentando muy poco, pero va aumentando\u201d, y recomend\u00f3 \u201csi ten\u00e9s que cargar nafta ma\u00f1ana, carg\u00e1 hoy\u201d. De todos modos,\u00a0<a href=\"https:\/\/x.com\/i\/status\/2031015742255091784\">afirm\u00f3<\/a>\u00a0que la compa\u00f1\u00eda \u201cno va generar cimbronazos en los precios de los combustibles\u201d y que analizar\u00e1n el precio del petr\u00f3leo \u201cd\u00eda a d\u00eda\u201d.<\/p>\n<p>De acuerdo con los\u00a0<a href=\"https:\/\/www.datos.gob.ar\/km\/dataset\/energia-precios-surtidor---resolucion-3142016\" target=\"_blank\" rel=\"noopener\">datos oficiales<\/a>,\u00a0<b>en la Ciudad de Buenos Aires la nafta s\u00faper aument\u00f3 en marzo un promedio del 6% con respecto a febrero, y un 9,6% sobre los precios registrados en enero.<\/b>\u00a0Sobre el impacto de esta situaci\u00f3n en la inflaci\u00f3n,\u00a0<a href=\"https:\/\/ecogo.com.ar\/monitor-semanal-847\/\" target=\"_blank\" rel=\"noopener\">la consultora EcoGo estim\u00f3<\/a>\u00a0que cada 10% de aumento en la nafta se suman 0,38 puntos a la inflaci\u00f3n.<\/p>\n<h2><b>\u00bfEl aumento de la nafta puede afectar otros precios?<\/b><\/h2>\n<p>El aumento en el precio del combustible puede a su vez incrementar los costos de transporte, lo que podr\u00eda generar a su vez m\u00e1s presi\u00f3n sobre los precios de los bienes.<\/p>\n<p>Juli\u00e1n Rojo, economista especializado en Energ\u00eda y director del Departamento T\u00e9cnico del Instituto Argentino de la Energ\u00eda (IAE) General Mosconi, dijo a\u00a0<b>Chequeado\u00a0<\/b>que \u201cla presi\u00f3n inicial es sobre los combustibles, y en una segunda ronda podr\u00eda ser sobre los costos log\u00edsticos internos, pero esto es reciente y hay que ver a qu\u00e9 precios se estabiliza el barril de petr\u00f3leo para analizar el impacto en los precios internos\u201d.<\/p>\n<p>La Conferencia de las Naciones Unidas sobre Comercio y Desarrollo\u00a0<a href=\"https:\/\/press.un.org\/en\/2026\/db260310.doc.htm\" target=\"_blank\" rel=\"noopener\">advirti\u00f3 en un informe reciente<\/a>\u00a0que la situaci\u00f3n en Medio Oriente\u00a0<b>\u201cpodr\u00edan elevar los precios de los alimentos e intensificar las presiones sobre el costo de vida\u201d.<\/b><\/p>\n<p>En esta l\u00ednea, Antonella Semadeni, economista de la Fundaci\u00f3n Agropecuaria para el Desarrollo de Argentina (FADA), dijo a este medio que el bloqueo del Estrecho de Ormuz afecta la adquisici\u00f3n de fertilizantes como la urea, y \u201cesto podr\u00eda complicar la siembra de la cosecha fina (particularmente del trigo) que comienza entre mayo y julio y requiere una importante fertilizaci\u00f3n\u201d.<\/p>\n<h2><b>El precio del gas, otro foco\u00a0<\/b><\/h2>\n<p>Las consecuencias de la guerra tambi\u00e9n impactaron en el precio del gas, que en el comienzo del conflicto\u00a0<a href=\"https:\/\/es.tradingeconomics.com\/commodity\/eu-natural-gas#:~:text=Retroceso%20de%20los%20precios%20del%20TTF&amp;text=mercados%20petroleros%20globales.-,Los%20ministros%20de%20finanzas%20del%20G%2D7%20tambi%C3%A9n%20indicaron%20que,advirtiendo%20sobre%20un%20suministro%20escaso.\" target=\"_blank\" rel=\"noopener\">se dispar\u00f3 un 50%<\/a>, aunque luego volvi\u00f3 a su valor promedio de los \u00faltimos meses.<\/p>\n<p><b>La inestabilidad en Medio Oriente podr\u00eda impactar en el valor del gas natural licuado (GNL<\/b>) producto que, pese a la producci\u00f3n de Vaca Muerta, nuestro pa\u00eds debe importar en invierno para atender la mayor demanda estacional.<\/p>\n<p>Alejandro Giacoia, economista de la consultora Econviews, se\u00f1al\u00f3 a\u00a0<b>Chequeado\u00a0<\/b>que, de mantenerse la situaci\u00f3n actual, \u201clas importaciones de GNL pueden volverse m\u00e1s caras\u201d.<\/p>\n<p>En el mismo sentido, EcoGo\u00a0<a href=\"https:\/\/ecogo.com.ar\/monitor-semanal-847\/\" target=\"_blank\" rel=\"noopener\">se\u00f1al\u00f3<\/a>\u00a0que esto podr\u00eda impactar negativamente en los consumidores, que deber\u00e1n afrontar facturas de gas m\u00e1s caras; o en las cuentas fiscales, en el caso de que el Gobierno decida absorber estos incrementos extra a trav\u00e9s de un\u00a0<a href=\"https:\/\/chequeado.com\/el-explicador\/todo-lo-que-tenes-que-saber-sobre-el-nuevo-esquema-de-subsidios-a-la-luz-y-el-gas\/\">aumento de los subsidios<\/a>.<\/p>\n<h2><b>Cancelaci\u00f3n de vuelos y aumento de pasajes de avi\u00f3n<\/b><\/h2>\n<p>Las consecuencias de la guerra tambi\u00e9n se sienten en el mercado aerocomercial y el turismo.<\/p>\n<p>La<a href=\"https:\/\/www.iata.org\/en\/pressroom\/2026-releases\/2026-03-02-02\/\" target=\"_blank\" rel=\"noopener\">\u00a0Asociaci\u00f3n Internacional de Transporte A\u00e9reo (IATA) alert\u00f3<\/a>\u00a0que el cierre del espacio a\u00e9reo en la zona del conflicto gener\u00f3 cancelaciones de vuelos o desv\u00edos de las rutas originales, acarreando mayores costos log\u00edsticos.<\/p>\n<p>En un contexto en que aerol\u00edneas de todo el mundo\u00a0<a href=\"https:\/\/www.telesurtv.net\/aerolineas-suben-tarifas-alza-petroleo-oriente-medio\/\" target=\"_blank\" rel=\"noopener\">aumentaron provisoriamente los pasajes<\/a>, desde Aerol\u00edneas Argentinas se\u00f1alaron a\u00a0<b>Chequeado<\/b>\u00a0que la empresa estatal implementar\u00e1 temporalmente un recargo por combustible, que ser\u00e1 de entre US$ 10 y US$ 50 por tramo para vuelos regionales e internacionales y de $ 7.500 por tramo para los viajes de cabotaje.<\/p>\n<p>El\u00a0<a href=\"https:\/\/wttc.org\/news\/wttc-forecasts-the-iran-conflict-is-already-costing-the-travel-tourism-sector\" target=\"_blank\" rel=\"noopener\">Consejo Mundial de Viajes y Turismo (WTTC)<\/a>\u00a0estima que el conflicto ya est\u00e1 afectando al sector de Viajes y Turismo en Medio Oriente en al menos US$ 600 millones por d\u00eda en gasto de visitantes internacionales, debido a las interrupciones en los viajes a\u00e9reos, la confianza de los viajeros y la conectividad regional.<\/p>\n<h2><b>\u00bfQu\u00e9 podr\u00eda pasar con el d\u00f3lar y las tasas?<\/b><\/h2>\n<p>En el frente financiero, en tanto, una eventual prolongaci\u00f3n del conflicto b\u00e9lico podr\u00eda impactar en las tasas de inter\u00e9s, el d\u00f3lar y el riesgo pa\u00eds.<\/p>\n<p>EcoGo\u00a0<a href=\"https:\/\/ecogo.com.ar\/monitor-semanal-847\/\" target=\"_blank\" rel=\"noopener\">indic\u00f3\u00a0<\/a>que la primera reacci\u00f3n del mercado ante el ataque a Ir\u00e1n se tradujo en \u201cel fortalecimiento del d\u00f3lar y salida de capitales de pa\u00edses emergentes, con un impacto incierto sobre la inflaci\u00f3n y el crecimiento global\u201d.<\/p>\n<p>Invecq, por su parte,\u00a0<a href=\"https:\/\/www.invecq.com\/contenidos\/la-cuenta-financiera-compensa-el-rojo-de-la-cuenta-corriente\/\" target=\"_blank\" rel=\"noopener\">indic\u00f3<\/a>\u00a0que e<b>l peso se mantuvo estable frente al d\u00f3lar\u00a0<\/b>en un contexto en que la mayor\u00eda de las monedas de Latinoam\u00e9rica mostraron ca\u00eddas. Sin embargo, puso una luz de alerta sobre el riesgo pa\u00eds, que\u00a0<a href=\"https:\/\/docs.google.com\/spreadsheets\/d\/1x3nk_0Io3bU-sqXsEVerGmXt8EtvRGf_fON10mleX9k\/edit?gid=0#gid=0\" target=\"_blank\" rel=\"noopener\">volvi\u00f3 a acercarse a los 600 puntos b\u00e1sicos<\/a>\u00a0en un contexto de \u201cvuelo hacia la calidad\u201d, un fen\u00f3meno por el cual los inversores prefieren proteger su capital en contextos vol\u00e1tiles, migrando de econom\u00edas emergentes hacia t\u00edtulos de Estados Unidos.<\/p>\n<p>En esta l\u00ednea\u00a0<a href=\"https:\/\/www.gmacap.com\/reflexiones\/medio-oriente-en-el-radar-que-implica-el-conflicto-para-la-economia-argentina\" target=\"_blank\" rel=\"noopener\">GMA Capital<\/a>\u00a0se\u00f1al\u00f3 que \u201cen un contexto de mayor aversi\u00f3n al riesgo global, el acceso a financiamiento externo tender\u00eda a encarecerse y los flujos hacia activos locales podr\u00edan moderarse, afectando tanto a emisiones provinciales y corporativas como al financiamiento de proyectos\u201d.<\/p>\n<p>Este contexto tambi\u00e9n podr\u00eda impactar en las tasas de inter\u00e9s, que se normalizaron tras la\u00a0<a href=\"https:\/\/chequeado.com\/el-explicador\/dolar-en-alza-y-tasas-volatiles-cuales-son-las-causas-de-este-fenomeno-y-como-afectan-a-la-economia\/\">volatilidad en la previa a las elecciones legislativas<\/a>. Un eventual aumento de las tasas afectar\u00eda al acceso al cr\u00e9dito, cuya evoluci\u00f3n se encuentra\u00a0<a href=\"https:\/\/docs.google.com\/spreadsheets\/d\/1WzFGX80C9G9yBkUA6pK10uDGP0aRErp-XVs1JXMsSL4\/edit?gid=0#gid=0\" target=\"_blank\" rel=\"noopener\">estancada en los \u00faltimos meses<\/a>.<\/p>\n<\/div>\n","protected":false},"excerpt":{"rendered":"<p>Tras los ataques de Estados Unidos e Israel a Ir\u00e1n y la respuesta iran\u00ed, el valor del petr\u00f3leo se dispar\u00f3, generando presi\u00f3n sobre el precio de la nafta en nuestro pa\u00eds. Por este motivo, Argentinas implement\u00f3 un recargo en los pasajes. El valor del combustible tambi\u00e9n afectar\u00eda el precio de otros bienes por un eventual [&hellip;]<\/p>\n","protected":false},"author":2,"featured_media":31264,"comment_status":"open","ping_status":"open","sticky":false,"template":"","format":"standard","meta":{"footnotes":""},"categories":[80],"tags":[],"class_list":{"0":"post-31263","1":"post","2":"type-post","3":"status-publish","4":"format-standard","5":"has-post-thumbnail","7":"category-internacionales"},"_links":{"self":[{"href":"https:\/\/radiobitacora.com.ar\/web\/wp-json\/wp\/v2\/posts\/31263","targetHints":{"allow":["GET"]}}],"collection":[{"href":"https:\/\/radiobitacora.com.ar\/web\/wp-json\/wp\/v2\/posts"}],"about":[{"href":"https:\/\/radiobitacora.com.ar\/web\/wp-json\/wp\/v2\/types\/post"}],"author":[{"embeddable":true,"href":"https:\/\/radiobitacora.com.ar\/web\/wp-json\/wp\/v2\/users\/2"}],"replies":[{"embeddable":true,"href":"https:\/\/radiobitacora.com.ar\/web\/wp-json\/wp\/v2\/comments?post=31263"}],"version-history":[{"count":1,"href":"https:\/\/radiobitacora.com.ar\/web\/wp-json\/wp\/v2\/posts\/31263\/revisions"}],"predecessor-version":[{"id":31265,"href":"https:\/\/radiobitacora.com.ar\/web\/wp-json\/wp\/v2\/posts\/31263\/revisions\/31265"}],"wp:featuredmedia":[{"embeddable":true,"href":"https:\/\/radiobitacora.com.ar\/web\/wp-json\/wp\/v2\/media\/31264"}],"wp:attachment":[{"href":"https:\/\/radiobitacora.com.ar\/web\/wp-json\/wp\/v2\/media?parent=31263"}],"wp:term":[{"taxonomy":"category","embeddable":true,"href":"https:\/\/radiobitacora.com.ar\/web\/wp-json\/wp\/v2\/categories?post=31263"},{"taxonomy":"post_tag","embeddable":true,"href":"https:\/\/radiobitacora.com.ar\/web\/wp-json\/wp\/v2\/tags?post=31263"}],"curies":[{"name":"wp","href":"https:\/\/api.w.org\/{rel}","templated":true}]}}