{"id":31266,"date":"2026-03-11T16:44:26","date_gmt":"2026-03-11T19:44:26","guid":{"rendered":"https:\/\/radiobitacora.com.ar\/web\/?p=31266"},"modified":"2026-03-11T16:44:26","modified_gmt":"2026-03-11T19:44:26","slug":"javier-milei-en-la-apertura-de-sesiones-2026-durante-2024-redujimos-un-30-el-gasto-primario-del-estado-nacional-en-terminos-reales","status":"publish","type":"post","link":"https:\/\/radiobitacora.com.ar\/web\/2026\/03\/11\/javier-milei-en-la-apertura-de-sesiones-2026-durante-2024-redujimos-un-30-el-gasto-primario-del-estado-nacional-en-terminos-reales\/","title":{"rendered":"Javier Milei, en la apertura de sesiones 2026: \u201cDurante 2024 redujimos un 30% el gasto primario del Estado nacional en t\u00e9rminos reales\u201d"},"content":{"rendered":"<div class=\"c-bullets o-content-from-editor\">\n<div class=\"c-bullets__content\">\n<ul>\n<li>De acuerdo con los datos oficiales, en 2024 el gasto primario fue de $ 107,4 billones, mientras que en 2023 hab\u00eda sido de $ 48,2 billones. En t\u00e9rminos reales esto signific\u00f3 una ca\u00edda del 30,4%, lo que coincide con lo se\u00f1alado por el Presidente.<\/li>\n<li>En 2025, en tanto, el gasto primario pr\u00e1cticamente se mantuvo en t\u00e9rminos reales, aumentando un 0,5%.<\/li>\n<li>De acuerdo con la informaci\u00f3n oficial, los gastos primarios en t\u00e9rminos reales cayeron durante la gesti\u00f3n de Mauricio Macri con respecto a la presidencia de Cristina Fern\u00e1ndez de Kirchner, pero luego volvieron a incrementarse en el gobierno de Alberto Fern\u00e1ndez.<\/li>\n<\/ul>\n<\/div>\n<\/div>\n<div class=\"c-nota__content-from-editor o-content-from-editor js-content-from-editor js-toc-content\">\n<p>En la\u00a0<a href=\"https:\/\/chequeado.com\/ultimas-noticias\/apertura-de-sesiones-ordinarias-2026-segui-en-vivo-el-chequeo-al-discurso-de-javier-milei\/\">apertura de sesiones 2026<\/a>, el presidente de la Naci\u00f3n, Javier Milei (La Libertad Avanza), asegur\u00f3 que \u201cdurante 2024 redujimos en un 30% el gasto primario del Estado nacional en t\u00e9rminos reales\u201d.<\/p>\n<p><a href=\"https:\/\/chequeado.com\/metodo\/\"><b>Esto es verdadero<\/b>.\u00a0<\/a>De acuerdo con los datos oficiales, en 2024 el gasto primario cay\u00f3 30,4% en t\u00e9rminos reales.<\/p>\n<p><b>Chequeado<\/b>\u00a0califica de esta forma una frase cuando la afirmaci\u00f3n ha demostrado ser verdadera, al ser contrastada con las fuentes y datos m\u00e1s serios y confiables.<\/p>\n<h2><b>C\u00f3mo evolucion\u00f3 el gasto primario en los \u00faltimos a\u00f1os<\/b><\/h2>\n<p>De acuerdo con datos de la\u00a0<a href=\"https:\/\/www.economia.gob.ar\/onp\/ejecucion\/2025\" target=\"_blank\" rel=\"noopener\">Oficina Nacional de Presupuesto (ONP)<\/a>, en 2024 el gasto primario fue de $ 107,4 billones, mientras que en 2023 hab\u00eda sido de $ 48,2 billones.<\/p>\n<p>En t\u00e9rminos reales (es decir, considerando el efecto de la inflaci\u00f3n)<b>, esto\u00a0<\/b><a href=\"https:\/\/docs.google.com\/spreadsheets\/d\/1UUlI0Tu7hOkO0VNWZT7RQ2U9t6dUictE46o-FKtHFBI\/edit?gid=1840398478#gid=1840398478\" target=\"_blank\" rel=\"noopener\"><b>signific\u00f3 una ca\u00edda del 30,4%<\/b><\/a><b>, lo que coincide con lo se\u00f1alado por Milei.\u00a0<\/b><\/p>\n<p>Para llegar a esta conclusi\u00f3n, el Presidente utiliz\u00f3 los datos del gasto primario incluyendo los gastos figurativos, que incluyen todos los gastos realizados por la administraci\u00f3n nacional, incluyendo transferencias provenientes de otros organismos del Estado.<\/p>\n<p>De acuerdo con la\u00a0<a href=\"https:\/\/docs.google.com\/spreadsheets\/d\/1UUlI0Tu7hOkO0VNWZT7RQ2U9t6dUictE46o-FKtHFBI\/edit?gid=1840398478#gid=1840398478\" target=\"_blank\" rel=\"noopener\">informaci\u00f3n oficial<\/a>, los gastos primarios en t\u00e9rminos reales cayeron durante la gesti\u00f3n de Mauricio Macri (Cambiemos) con respecto a la presidencia de Cristina Fern\u00e1ndez de Kirchner (Frente para la Victoria), pero luego volvieron a incrementarse en el gobierno de Alberto Fern\u00e1ndez (Frente de Todos).<\/p>\n<div class=\"flourish-embed flourish-chart\" data-src=\"visualisation\/27861564\"><iframe title=\"Interactive or visual content\" src=\"https:\/\/flo.uri.sh\/visualisation\/27861564\/embed?auto=1\" frameborder=\"0\" scrolling=\"no\" sandbox=\"allow-same-origin allow-forms allow-scripts allow-downloads allow-popups allow-popups-to-escape-sandbox allow-top-navigation-by-user-activation\" data-mce-fragment=\"1\"><\/iframe><\/p>\n<div class=\"flourish-credit\">Made with Flourish\u00a0\u2022\u00a0<a href=\"https:\/\/flourish.studio\/visualisations\/line-bar-pie-charts\/?utm_source=showcase&amp;utm_campaign=visualisation\/27861564\" target=\"_blank\" rel=\"noopener noreferrer\" aria-label=\"Create a chart (opens in new tab)\">Create a chart<\/a><\/div>\n<\/div>\n<p>En 2025, en tanto, el gasto primario pr\u00e1cticamente se mantuvo en t\u00e9rminos reales, aumentando un 0,5%.<\/p>\n<p>Santiago Casas, economista jefe de la consultora EcoAnalytics, se\u00f1al\u00f3 a\u00a0<b>Chequeado<\/b>\u00a0que \u201cel ajuste de 2024 fue profundo, r\u00e1pido y concentrado en tres ejes centrales: salarios p\u00fablicos, obra p\u00fablica y transferencias a provincias. La magnitud del ajuste fue hist\u00f3rica y, m\u00e1s que responder a una poda selectiva del gasto, se explic\u00f3 principalmente por la \u2018licuadora\u2019 antes que por la \u2018motosierra&#8217;\u201d.<\/p>\n<p>El especialista agreg\u00f3 que \u201cel golpe m\u00e1s contundente se observ\u00f3 en las transferencias de capital a provincias y CABA, que se desplomaron 95,6% en t\u00e9rminos reales. La estrategia de fondo es redefinir la relaci\u00f3n fiscal entre Naci\u00f3n y provincias bajo la premisa de que cada jurisdicci\u00f3n debe financiar su propia inversi\u00f3n, reduciendo al m\u00ednimo la discrecionalidad de las transferencias\u201d.<\/p>\n<p>Por esto, la frase de Milei, quien dijo que \u201cdurante 2024 redujimos en un 30% el gasto primario del Estado nacional en t\u00e9rminos reales\u201d es verdadera: en su primer a\u00f1o de gesti\u00f3n el Presidente baj\u00f3 el gasto primario un 30,4%.<\/p>\n<\/div>\n","protected":false},"excerpt":{"rendered":"<p>De acuerdo con los datos oficiales, en 2024 el gasto primario fue de $ 107,4 billones, mientras que en 2023 hab\u00eda sido de $ 48,2 billones. En t\u00e9rminos reales esto signific\u00f3 una ca\u00edda del 30,4%, lo que coincide con lo se\u00f1alado por el Presidente. En 2025, en tanto, el gasto primario pr\u00e1cticamente se mantuvo en [&hellip;]<\/p>\n","protected":false},"author":2,"featured_media":31267,"comment_status":"open","ping_status":"open","sticky":false,"template":"","format":"standard","meta":{"footnotes":""},"categories":[79],"tags":[],"class_list":{"0":"post-31266","1":"post","2":"type-post","3":"status-publish","4":"format-standard","5":"has-post-thumbnail","7":"category-politica"},"_links":{"self":[{"href":"https:\/\/radiobitacora.com.ar\/web\/wp-json\/wp\/v2\/posts\/31266","targetHints":{"allow":["GET"]}}],"collection":[{"href":"https:\/\/radiobitacora.com.ar\/web\/wp-json\/wp\/v2\/posts"}],"about":[{"href":"https:\/\/radiobitacora.com.ar\/web\/wp-json\/wp\/v2\/types\/post"}],"author":[{"embeddable":true,"href":"https:\/\/radiobitacora.com.ar\/web\/wp-json\/wp\/v2\/users\/2"}],"replies":[{"embeddable":true,"href":"https:\/\/radiobitacora.com.ar\/web\/wp-json\/wp\/v2\/comments?post=31266"}],"version-history":[{"count":1,"href":"https:\/\/radiobitacora.com.ar\/web\/wp-json\/wp\/v2\/posts\/31266\/revisions"}],"predecessor-version":[{"id":31268,"href":"https:\/\/radiobitacora.com.ar\/web\/wp-json\/wp\/v2\/posts\/31266\/revisions\/31268"}],"wp:featuredmedia":[{"embeddable":true,"href":"https:\/\/radiobitacora.com.ar\/web\/wp-json\/wp\/v2\/media\/31267"}],"wp:attachment":[{"href":"https:\/\/radiobitacora.com.ar\/web\/wp-json\/wp\/v2\/media?parent=31266"}],"wp:term":[{"taxonomy":"category","embeddable":true,"href":"https:\/\/radiobitacora.com.ar\/web\/wp-json\/wp\/v2\/categories?post=31266"},{"taxonomy":"post_tag","embeddable":true,"href":"https:\/\/radiobitacora.com.ar\/web\/wp-json\/wp\/v2\/tags?post=31266"}],"curies":[{"name":"wp","href":"https:\/\/api.w.org\/{rel}","templated":true}]}}